{"id":15532,"date":"2020-11-10T15:16:00","date_gmt":"2020-11-10T14:16:00","guid":{"rendered":"https:\/\/www.tousergo.com\/blog\/?p=15532"},"modified":"2024-09-19T09:59:26","modified_gmt":"2024-09-19T07:59:26","slug":"le-village-des-enfants-extra-ordinaires-un-village-inclusif","status":"publish","type":"post","link":"https:\/\/www.tousergo.com\/blog\/le-village-des-enfants-extra-ordinaires-un-village-inclusif\/","title":{"rendered":"Le Village des Enfants Extra-ordinaires : un village inclusif"},"content":{"rendered":"\n<p>Parce que toute brique pos\u00e9e fait avancer le monde d\u2019aujourd\u2019hui, puisque le&nbsp;<a href=\"https:\/\/le-village-des-enfants-extraordinaires.assoconnect.com\/page\/620706-accueil\" target=\"_blank\" rel=\"noreferrer noopener\" aria-label=\"Village des Enfants Extra-ordinaires (s\u2019ouvre dans un nouvel onglet)\">Village des Enfants Extra-ordinaires<\/a>&nbsp;en pose plus d\u2019une, nous nous devons de vous parler de ce magnifique projet. D\u00e9couvrez les premiers villages inclusifs, ou&nbsp;<strong>centres d\u2019activit\u00e9s ludo-\u00e9ducatives<\/strong>&nbsp;en France ! Ils ont \u00e9t\u00e9 pens\u00e9s et adapt\u00e9s pour les enfants et adolescents en&nbsp;<strong>situations de handicap s\u00e9v\u00e8re<\/strong>. Et pour toujours plus d\u2019inclusions, les centres seront \u00e9galement&nbsp;<strong>ouverts \u00e0 leur fratrie<\/strong>&nbsp;!<\/p>\n\n\n\n<h2><strong>Un village inclusif, des centres ludo-\u00e9ducatifs<\/strong><\/h2>\n\n\n\n<p>L\u2019association est n\u00e9e des c\u0153urs des parents d\u2019Alicia, a\u00een\u00e9e d\u2019une fratrie de 4 enfants, atteinte d\u2019un syndrome g\u00e9n\u00e9tique rare&nbsp;<strong>impactant ses<\/strong>&nbsp;<strong>capacit\u00e9s mentales et motrices<\/strong>. Son retard s\u00e9v\u00e8re de d\u00e9veloppement et son&nbsp;<strong>manque d\u2019autonomie<\/strong>&nbsp;ont fortement impact\u00e9 sa scolarisation. Il lui a toujours \u00e9t\u00e9&nbsp;<strong>impossible d\u2019\u00e9voluer dans un milieu scolaire ordinaire<\/strong>.<\/p>\n\n\n\n<p>Pour remplir sa vie d\u2019exp\u00e9riences et lui procurer du bonheur, Alicia fut plac\u00e9e dans un IME de qualit\u00e9 qui lui offrait des&nbsp;<strong>infrastructures modernes<\/strong>&nbsp;et des activit\u00e9s en tout genre. Elle a pu notamment d\u00e9couvrir des activit\u00e9s comme le handi-ski, le handi-voile, etc.&nbsp;<\/p>\n\n\n\n<p>Les parents d\u2019Alicia sont heureux d\u2019avoir pu offrir cette vie \u00e0 leur fille, le tout dans une famille unie. Et ils souhaitent d\u00e9mocratiser ce parcours et ces exp\u00e9riences via le d\u00e9veloppement de l\u2019<strong>association du Village des Enfants Extra-ordinaires<\/strong>, pour aider les familles d\u2019enfants diff\u00e9rents.<\/p>\n\n\n\n<h2><strong>\u201cPlus de 350 000 enfants isol\u00e9s et exclus\u2026 en raison de leur handicap\u201d<\/strong><\/h2>\n\n\n\n<p>Parmi ces enfants,&nbsp;<strong>10% sont suivis dans des structures m\u00e9dicalis\u00e9es<\/strong>&nbsp;et h\u00f4pitaux de jour. Pr\u00e8s de&nbsp;<strong>29% sur les 350 000 sont seuls chez eux<\/strong>&nbsp;durant des ann\u00e9es dans l\u2019attente d\u2019une place pour un accueil en structure sp\u00e9cialis\u00e9e.<\/p>\n\n\n\n<p>Ce sont donc les<strong>&nbsp;parents de 135 000 enfants qui peinent \u00e0 les occuper et divertir<\/strong>.&nbsp;Mais qui ont envie de les&nbsp;<strong>sortir d\u2019un quotidien routinier<\/strong>, tout en maintenant une&nbsp;<strong>stabilit\u00e9 de vie saine<\/strong>.<\/p>\n\n\n\n<p>La question du contact avec d\u2019autres enfants ou \u00e9ducateurs sp\u00e9cialis\u00e9s est donc mise en lumi\u00e8re. Nous ne pouvons que constater que \u201c<strong>leur lien avec la soci\u00e9t\u00e9 se r\u00e9sume essentiellement aux soins m\u00e9dicaux et param\u00e9dicaux<\/strong>\u00ab&nbsp;.<\/p>\n\n\n\n<p>De nombreuses activit\u00e9s pour enfants restent \u00e0 ce jour&nbsp;<strong>inadapt\u00e9es<\/strong>&nbsp;et&nbsp;<strong>non inclusives<\/strong>. Que ce soit en termes&nbsp;<strong>d\u2019accessibilit\u00e9<\/strong>&nbsp;ou&nbsp;encore de&nbsp;<strong>s\u00e9curit\u00e9&nbsp;<\/strong>\u2026<\/p>\n\n\n\n<h2>On vous en dit plus sur le projet de village inclusif ?<\/h2>\n\n\n\n<p>L\u2019id\u00e9e est, comme mentionn\u00e9 plus haut, venue des c\u0153urs d\u2019une famille unie et extra-ordinaire. Mais aussi du constat suivant :&nbsp;<strong>il n\u2019existe aucune structure semblable en France<\/strong>.<\/p>\n\n\n\n<p>Le concept a \u00e9t\u00e9 vu en Ohio et New Jersey (USA), sous la forme de 2 villes-miniatures reconstitu\u00e9es sur 1500m\u00b2. Elles ont \u00e9t\u00e9 con\u00e7ues pour accompagner les jeunes en situation de handicap \u00e0&nbsp;<strong>appr\u00e9hender la vie<\/strong>&nbsp;\u00e0 travers des loisirs et<strong>&nbsp;jeux de r\u00f4les<\/strong>.<\/p>\n\n\n\n<p>Le projet VEE a des objectifs similaires mais qui sont aussi ax\u00e9s sur la volont\u00e9 de&nbsp;<strong>rompre l\u2019isolement<\/strong>&nbsp;et \u00e0 d\u2019<strong>apporter du soutien aux familles<\/strong>&nbsp;et aidants.<\/p>\n\n\n\n<figure class=\"wp-block-image\"><img loading=\"lazy\" width=\"746\" height=\"482\" src=\"https:\/\/www.tousergo.com\/blog\/wp-content\/uploads\/2020\/10\/vee.png\" alt=\"village-inclusif-adapt\u00e9-enfants-extra-ordinaires\" class=\"wp-image-15052\" srcset=\"https:\/\/www.tousergo.com\/blog\/wp-content\/uploads\/2020\/10\/vee.png 746w, https:\/\/www.tousergo.com\/blog\/wp-content\/uploads\/2020\/10\/vee-300x194.png 300w\" sizes=\"(max-width: 746px) 100vw, 746px\" \/><\/figure>\n\n\n\n<p>Ces&nbsp;<strong>centres ludo-\u00e9ducatifs<\/strong>&nbsp;seront d\u2019abords implant\u00e9s en r\u00e9gion Parisienne, puis dans les autres d\u00e9partements de la France. Leur but est de subvenir aux besoins des enfants et adolescents entre 5 et 18 ans, pr\u00e9sentant un lourd handicap.<\/p>\n\n\n\n<p>L\u00e0-bas, nous pourrons trouver des activit\u00e9s, des jeux libres et des cours adapt\u00e9s ainsi que des ateliers p\u00e9dagogiques anim\u00e9s.<\/p>\n\n\n\n<div class=\"wp-block-buttons\">\n<div class=\"wp-block-button\"><a class=\"wp-block-button__link has-background\" href=\"https:\/\/www.tousergo.com\/2086-jeux-de-societe-personnes-agees\" style=\"background-color:#196eb6\" target=\"_blank\" rel=\"noreferrer noopener\"><strong>D\u00e9couvrez tous nos jeux ludiques et adapt\u00e9s<\/strong><\/a><\/div>\n<\/div>\n\n\n\n<p>Les jeux r\u00e9pondront \u00e0 4 objectifs :<\/p>\n\n\n\n<ul><li>Se\u00a0<strong>socialiser<\/strong><\/li><li><strong>Encourager\u00a0<\/strong>et exp\u00e9rimenter l<strong>\u2019inclusion sociale<\/strong><\/li><li><strong>Apprendre<\/strong><\/li><li><strong>S\u2019amuser\u00a0<\/strong><\/li><\/ul>\n\n\n\n<figure class=\"wp-block-image\"><img loading=\"lazy\" width=\"591\" height=\"628\" src=\"https:\/\/www.tousergo.com\/blog\/wp-content\/uploads\/2020\/10\/vee2.png\" alt=\"village-inclusif-adapt\u00e9-enfants-extra-ordinaires\" class=\"wp-image-15053\" srcset=\"https:\/\/www.tousergo.com\/blog\/wp-content\/uploads\/2020\/10\/vee2.png 591w, https:\/\/www.tousergo.com\/blog\/wp-content\/uploads\/2020\/10\/vee2-282x300.png 282w\" sizes=\"(max-width: 591px) 100vw, 591px\" \/><\/figure>\n\n\n\n<h2>4 p\u00f4les d\u2019activit\u00e9s autour des 5 sens<\/h2>\n\n\n\n<h3>Le p\u00f4le culturel<\/h3>\n\n\n\n<p>Ce n\u2019est rien de moins qu\u2019un&nbsp;<strong>cin\u00e9ma adapt\u00e9 et inclusif<\/strong>&nbsp;qui constituera ce p\u00f4le des Villages des Enfants Extra-ordinaires ! Les salles seront compos\u00e9es de 30 \u00e0 50 places avec couloir et&nbsp;<strong>acc\u00e8s aux si\u00e8ges en pente<\/strong>, pouvant&nbsp;<strong>accueillir les fratries et familles&nbsp;<\/strong>des enfants en situation de handicap, notamment en&nbsp;<a href=\"https:\/\/www.tousergo.com\/252-fauteuil-roulant\" target=\"_blank\" rel=\"noreferrer noopener\" aria-label=\"fauteuil roulant (s\u2019ouvre dans un nouvel onglet)\">fauteuil roulant<\/a>.<\/p>\n\n\n\n<p>Pour pousser l\u2019adaptation encore plus loin, les salles comportent un&nbsp;<strong>\u00e9clairage \u00e9tudi\u00e9<\/strong>&nbsp;pour \u00eatre ni trop agressif ni trop sombre, pour ne d\u00e9stabiliser aucun des enfants de l\u2019audience.&nbsp;<strong>Le volume sonore maximal sera \u00e9galement r\u00e9duit<\/strong>.<\/p>\n\n\n\n<p>En outre, les spectateurs pourront se lever et s\u2019<strong>exprimer autant qu\u2019ils le souhaitent durant la projection<\/strong>&nbsp;et la<strong>&nbsp;dur\u00e9e des films sera adapt\u00e9e<\/strong>&nbsp;aux troubles de l\u2019attention que peuvent pr\u00e9senter les enfants et adolescents.<\/p>\n\n\n\n<h3>Le p\u00f4le artistique&nbsp;<\/h3>\n\n\n\n<p>Un p\u00f4le bien fourni en activit\u00e9s, puisqu\u2019il comprendra une salle de danse, un instrumentarium et un atelier cirque ! En sus, il proposera des&nbsp;<strong>technologies innovantes<\/strong>&nbsp;d\u00e9di\u00e9es \u00e0 la stimulation des enfants handicap\u00e9s.<\/p>\n\n\n\n<h4><strong>La salle de danse<\/strong><\/h4>\n\n\n\n<p>Les cours seront dispens\u00e9s par des&nbsp;<strong>professeurs de handi-danse<\/strong>&nbsp;exp\u00e9riment\u00e9s, assist\u00e9s par deux b\u00e9n\u00e9voles \u00e0 chaque cours. Les salles seront \u00e9videmment \u00e9quip\u00e9es de miroirs afin que les enfants&nbsp;<strong>prennent conscience des mouvements de leur corps<\/strong>, mais aussi d<strong>\u2019\u00e9crans g\u00e9ants<\/strong>&nbsp;au murs et de&nbsp;<strong>projections d\u2019images et vid\u00e9os au sol<\/strong>.<\/p>\n\n\n\n<h4><strong>L\u2019instrumentarium<\/strong><\/h4>\n\n\n\n<p>Il a pour vocation de faire d\u00e9couvrir, \u00e9couter, essayer tous types de sonorit\u00e9s \u00e0 travers des activit\u00e9s ludiques.<\/p>\n\n\n\n<h4><strong>Les innovations<\/strong><\/h4>\n\n\n\n<p>Des jeux de musique \u00ab&nbsp;peau \u00e0 peau&nbsp;\u00bb qui r\u00e9v\u00e8lent des sonorit\u00e9s au contact de la peau d\u2019un autre enfant. Ce jeu favorise le contact et une \u201c<strong>communication alternative et am\u00e9lior\u00e9e<\/strong>\u201d. On y trouvera aussi des jeux avec capteur pour jouer avec les yeux, ainsi que des jeux-vid\u00e9o con\u00e7us pour la&nbsp;<strong>r\u00e9\u00e9ducation<\/strong>&nbsp;fonctionnelle.<\/p>\n\n\n\n<h3>Le p\u00f4le cr\u00e9ation<\/h3>\n\n\n\n<p>Le p\u00f4le cr\u00e9ation vise particuli\u00e8rement la&nbsp;<strong>psychomotricit\u00e9 fine<\/strong>. Le Village des Enfants Extra-ordinaires organisera des&nbsp;<strong>ateliers cuisine<\/strong>&nbsp;dans lesquels ils s\u2019entra\u00eeneront \u00e0 manipuler la mati\u00e8re et \u00e0 suivre des consignes. \u00c9galement, le VEE proposera des espaces de cr\u00e9ation artistique \u00e0 la craie sur sol, mur et objets 3D.&nbsp;<\/p>\n\n\n\n<h3>Le p\u00f4le motricit\u00e9<\/h3>\n\n\n\n<p>La structure a pr\u00e9vu dans ce p\u00f4le d\u2019am\u00e9liorer la&nbsp;<strong>coordination des mouvements<\/strong>&nbsp;via un<strong>&nbsp;parcours ludique<\/strong>&nbsp;stimulant ! Imaginez ici les parcs int\u00e9rieurs en mousse et filets, mais le tout adapt\u00e9 \u00e0 l\u2019\u00e2ge, la morphologie des enfants, et permettant l\u2019accompagnement par un adulte \u00e0 l\u2019int\u00e9rieur. Le but \u00e9tant que chaque enfant finisse le parcours et ressente la&nbsp;<strong>satisfaction<\/strong>, la&nbsp;<strong>r\u00e9ussite&nbsp;<\/strong>et prenne&nbsp;<strong>confiance&nbsp;<\/strong>en soi !<\/p>\n\n\n\n<p>Le p\u00f4le moteur ne s\u2019arr\u00eatera pas l\u00e0, le Village proposera un jardin d\u2019enfants avec des&nbsp;<strong>balan\u00e7oires-coques<\/strong>, soucoupes collectives, un parcours de&nbsp;<strong>voitures \u00e9lectriques<\/strong>&nbsp;et des&nbsp;<strong>jeux de d\u00e9couverte sensoriels<\/strong>.<\/p>\n\n\n\n<figure class=\"wp-block-image\"><img loading=\"lazy\" width=\"739\" height=\"507\" src=\"https:\/\/www.tousergo.com\/blog\/wp-content\/uploads\/2020\/10\/vee3.png\" alt=\"village-inclusif-adapt\u00e9-enfants-extra-ordinaires\" class=\"wp-image-15054\" srcset=\"https:\/\/www.tousergo.com\/blog\/wp-content\/uploads\/2020\/10\/vee3.png 739w, https:\/\/www.tousergo.com\/blog\/wp-content\/uploads\/2020\/10\/vee3-300x206.png 300w\" sizes=\"(max-width: 739px) 100vw, 739px\" \/><\/figure>\n\n\n\n<h2>Quand est-ce que ce village inclusif ouvrira ses portes ?<\/h2>\n\n\n\n<p>L\u2019ouverture est pr\u00e9vue pour Septembre 2021, les travaux sont \u00e0 leurs pr\u00e9misses. Mais soyez-en s\u00fbrs, nous vous tiendrons inform\u00e9 d\u00e8s qu\u2019il y aura du nouveau !<\/p>\n\n\n\n<p>En attendant, allez donc faire un tour sur le site :&nbsp;<a href=\"https:\/\/le-village-des-enfants-extraordinaires.assoconnect.com\/page\/620706-accueil\">Village des Enfants Extra-ordinaires.<\/a><\/p>\n\n\n\n<hr class=\"wp-block-separator\"\/>\n\n\n\n<p class=\"has-background\" style=\"background-color:#fff3cd\">Pour plus de <strong><a href=\"https:\/\/www.tousergo.com\/besoin\/accompagner-enfant-handicape\" target=\"_blank\" rel=\"noreferrer noopener\">conseils sur l&rsquo;accompagnement et la prise en charge d&rsquo;un enfant en situation de handicap<\/a> <\/strong>:<\/p>\n\n\n\n<ul class=\"has-background\" style=\"background-color:#fff3cd\"><li><strong><a href=\"https:\/\/www.tousergo.com\/besoin\/occuper-enfant-handicape\" target=\"_blank\" rel=\"noreferrer noopener\">Quelles activit\u00e9s pour occuper un enfant handicap\u00e9 ?<\/a><\/strong><\/li><li><a href=\"https:\/\/www.tousergo.com\/besoin\/faire-reconnaitre-handicap-enfant\" target=\"_blank\" rel=\"noreferrer noopener\"><strong>Faire reconnaitre le handicap de mon enfant<\/strong><\/a><\/li><li><strong><a href=\"https:\/\/www.tousergo.com\/besoin\/scolariser-enfant-handicape\" target=\"_blank\" rel=\"noreferrer noopener\">Scolariser son enfant handicap\u00e9<\/a><\/strong><\/li><li><strong><a href=\"https:\/\/www.tousergo.com\/besoin\/quotidien-enfants-handicapes\" target=\"_blank\" rel=\"noreferrer noopener\">Am\u00e9nager le quotidien des enfants handicap\u00e9s<\/a><\/strong><\/li><li><a href=\"https:\/\/www.tousergo.com\/besoin\/allocation-subvention-enfant-handicape\" target=\"_blank\" rel=\"noreferrer noopener\"><strong>Aide, allocations et subventions pour les enfants handicap\u00e9s<\/strong><\/a><\/li><\/ul>\n","protected":false},"excerpt":{"rendered":"<p class=\"u-txt-sm u-txt-dark u-d-desktop u-w-100\">Parce que toute brique pos\u00e9e fait avancer le monde d\u2019aujourd\u2019hui, puisque le&nbsp;Village des Enfants Extra-ordinaires&nbsp;en pose plus d\u2019une, nous nous...<\/p>\n<button class=\"c-btn--unstyled u-font-weight-bold u-txt-primary u-txt-sm\">\n\t\t\tLire l\u2019article\n\t\t\t<span class=\"c-icon--24 u-ml-1\"><img src=\"https:\/\/www.tousergo.com\/blog\/wp-content\/themes\/tousergo\/img\/icons\/arrow-right-circle-fill.svg\" alt=\"\"><\/span>\n\t<\/button>","protected":false},"author":21,"featured_media":15533,"comment_status":"open","ping_status":"open","sticky":false,"template":"","format":"standard","meta":[],"categories":[2,11],"tags":[],"yoast_head":"<!-- This site is optimized with the Yoast SEO plugin v15.7 - https:\/\/yoast.com\/wordpress\/plugins\/seo\/ -->\n<title>Le Village des Enfants Extra-ordinaires : un village inclusif - Blog Tous ergo<\/title>\n<meta name=\"robots\" content=\"index, follow, max-snippet:-1, max-image-preview:large, max-video-preview:-1\" \/>\n<link rel=\"canonical\" href=\"https:\/\/www.tousergo.com\/blog\/le-village-des-enfants-extra-ordinaires-un-village-inclusif\/\" \/>\n<meta property=\"og:locale\" content=\"fr_FR\" \/>\n<meta property=\"og:type\" content=\"article\" \/>\n<meta property=\"og:title\" content=\"Le Village des Enfants Extra-ordinaires : un village inclusif - Blog Tous ergo\" \/>\n<meta property=\"og:description\" content=\"Parce que toute brique pos\u00e9e fait avancer le monde d\u2019aujourd\u2019hui, puisque le&nbsp;Village des Enfants Extra-ordinaires&nbsp;en pose plus d\u2019une, nous nous\" \/>\n<meta property=\"og:url\" content=\"https:\/\/www.tousergo.com\/blog\/le-village-des-enfants-extra-ordinaires-un-village-inclusif\/\" \/>\n<meta property=\"og:site_name\" content=\"Blog Tous ergo\" \/>\n<meta property=\"article:publisher\" content=\"https:\/\/www.facebook.com\/tousergo\/\" \/>\n<meta property=\"article:published_time\" content=\"2020-11-10T14:16:00+00:00\" \/>\n<meta property=\"article:modified_time\" content=\"2024-09-19T07:59:26+00:00\" \/>\n<meta property=\"og:image\" content=\"https:\/\/www.tousergo.com\/blog\/wp-content\/uploads\/2021\/03\/VEE.jpeg\" \/>\n\t<meta property=\"og:image:width\" content=\"1000\" \/>\n\t<meta property=\"og:image:height\" content=\"552\" \/>\n<meta name=\"twitter:card\" content=\"summary_large_image\" \/>\n<meta name=\"twitter:creator\" content=\"@tousergo\" \/>\n<meta name=\"twitter:site\" content=\"@tousergo\" \/>\n<meta name=\"twitter:label1\" content=\"Dur\u00e9e de lecture est.\">\n\t<meta name=\"twitter:data1\" content=\"6 minutes\">\n<script type=\"application\/ld+json\" class=\"yoast-schema-graph\">{\"@context\":\"https:\/\/schema.org\",\"@graph\":[{\"@type\":\"WebSite\",\"@id\":\"https:\/\/www.tousergo.com\/blog\/#website\",\"url\":\"https:\/\/www.tousergo.com\/blog\/\",\"name\":\"Blog Tous ergo\",\"description\":\"Toutes les solutions pour l&#039;autonomie \\u00e0 domicile\",\"potentialAction\":[{\"@type\":\"SearchAction\",\"target\":\"https:\/\/www.tousergo.com\/blog\/?s={search_term_string}\",\"query-input\":\"required name=search_term_string\"}],\"inLanguage\":\"fr-FR\"},{\"@type\":\"ImageObject\",\"@id\":\"https:\/\/www.tousergo.com\/blog\/le-village-des-enfants-extra-ordinaires-un-village-inclusif\/#primaryimage\",\"inLanguage\":\"fr-FR\",\"url\":\"https:\/\/www.tousergo.com\/blog\/wp-content\/uploads\/2021\/03\/VEE.jpeg\",\"width\":1000,\"height\":552},{\"@type\":\"WebPage\",\"@id\":\"https:\/\/www.tousergo.com\/blog\/le-village-des-enfants-extra-ordinaires-un-village-inclusif\/#webpage\",\"url\":\"https:\/\/www.tousergo.com\/blog\/le-village-des-enfants-extra-ordinaires-un-village-inclusif\/\",\"name\":\"Le Village des Enfants Extra-ordinaires : un village inclusif - Blog Tous ergo\",\"isPartOf\":{\"@id\":\"https:\/\/www.tousergo.com\/blog\/#website\"},\"primaryImageOfPage\":{\"@id\":\"https:\/\/www.tousergo.com\/blog\/le-village-des-enfants-extra-ordinaires-un-village-inclusif\/#primaryimage\"},\"datePublished\":\"2020-11-10T14:16:00+00:00\",\"dateModified\":\"2024-09-19T07:59:26+00:00\",\"author\":{\"@id\":\"https:\/\/www.tousergo.com\/blog\/#\/schema\/person\/387bcdcd8cd446c101a564d224bdfc1e\"},\"breadcrumb\":{\"@id\":\"https:\/\/www.tousergo.com\/blog\/le-village-des-enfants-extra-ordinaires-un-village-inclusif\/#breadcrumb\"},\"inLanguage\":\"fr-FR\",\"potentialAction\":[{\"@type\":\"ReadAction\",\"target\":[\"https:\/\/www.tousergo.com\/blog\/le-village-des-enfants-extra-ordinaires-un-village-inclusif\/\"]}]},{\"@type\":\"BreadcrumbList\",\"@id\":\"https:\/\/www.tousergo.com\/blog\/le-village-des-enfants-extra-ordinaires-un-village-inclusif\/#breadcrumb\",\"itemListElement\":[{\"@type\":\"ListItem\",\"position\":1,\"item\":{\"@type\":\"WebPage\",\"@id\":\"https:\/\/www.tousergo.com\/blog\/\",\"url\":\"https:\/\/www.tousergo.com\/blog\/\",\"name\":\"Accueil\"}},{\"@type\":\"ListItem\",\"position\":2,\"item\":{\"@type\":\"WebPage\",\"@id\":\"https:\/\/www.tousergo.com\/blog\/le-village-des-enfants-extra-ordinaires-un-village-inclusif\/\",\"url\":\"https:\/\/www.tousergo.com\/blog\/le-village-des-enfants-extra-ordinaires-un-village-inclusif\/\",\"name\":\"Le Village des Enfants Extra-ordinaires : un village inclusif\"}}]},{\"@type\":\"Person\",\"@id\":\"https:\/\/www.tousergo.com\/blog\/#\/schema\/person\/387bcdcd8cd446c101a564d224bdfc1e\",\"name\":\"Joy\",\"image\":{\"@type\":\"ImageObject\",\"@id\":\"https:\/\/www.tousergo.com\/blog\/#personlogo\",\"inLanguage\":\"fr-FR\",\"url\":\"https:\/\/secure.gravatar.com\/avatar\/2bc688b46e45e176dbb2f9c2a122f8a3?s=96&d=mm&r=g\",\"caption\":\"Joy\"},\"description\":\"Bonjour, je suis Joy, responsable \\u00e9ditoriale et experte en maintien \\u00e0 domicile et bien-vieillir pour TOUS ERGO. Depuis plus de 5 ans, j'explore les d\\u00e9fis quotidiens li\\u00e9s \\u00e0 la perte d'autonomie, \\u00e0 l'accessibilit\\u00e9 et \\u00e0 l'aidance pour proposer des solutions concr\\u00e8tes et durables. Mon objectif : apporter une information fiable et humaine pour aider chaque famille \\u00e0 faire les bons choix d'\\u00e9quipement.\"}]}<\/script>\n<!-- \/ Yoast SEO plugin. -->","_links":{"self":[{"href":"https:\/\/www.tousergo.com\/blog\/wp-json\/wp\/v2\/posts\/15532"}],"collection":[{"href":"https:\/\/www.tousergo.com\/blog\/wp-json\/wp\/v2\/posts"}],"about":[{"href":"https:\/\/www.tousergo.com\/blog\/wp-json\/wp\/v2\/types\/post"}],"author":[{"embeddable":true,"href":"https:\/\/www.tousergo.com\/blog\/wp-json\/wp\/v2\/users\/21"}],"replies":[{"embeddable":true,"href":"https:\/\/www.tousergo.com\/blog\/wp-json\/wp\/v2\/comments?post=15532"}],"version-history":[{"count":5,"href":"https:\/\/www.tousergo.com\/blog\/wp-json\/wp\/v2\/posts\/15532\/revisions"}],"predecessor-version":[{"id":20126,"href":"https:\/\/www.tousergo.com\/blog\/wp-json\/wp\/v2\/posts\/15532\/revisions\/20126"}],"wp:featuredmedia":[{"embeddable":true,"href":"https:\/\/www.tousergo.com\/blog\/wp-json\/wp\/v2\/media\/15533"}],"wp:attachment":[{"href":"https:\/\/www.tousergo.com\/blog\/wp-json\/wp\/v2\/media?parent=15532"}],"wp:term":[{"taxonomy":"category","embeddable":true,"href":"https:\/\/www.tousergo.com\/blog\/wp-json\/wp\/v2\/categories?post=15532"},{"taxonomy":"post_tag","embeddable":true,"href":"https:\/\/www.tousergo.com\/blog\/wp-json\/wp\/v2\/tags?post=15532"}],"curies":[{"name":"wp","href":"https:\/\/api.w.org\/{rel}","templated":true}]}}