{"id":15606,"date":"2019-04-18T11:11:00","date_gmt":"2019-04-18T09:11:00","guid":{"rendered":"https:\/\/www.tousergo.com\/blog\/?p=15606"},"modified":"2025-06-26T11:18:48","modified_gmt":"2025-06-26T09:18:48","slug":"les-petites-victoires-temoignage-daxel-alletru","status":"publish","type":"post","link":"https:\/\/www.tousergo.com\/blog\/les-petites-victoires-temoignage-daxel-alletru\/","title":{"rendered":"Les petites victoires : t\u00e9moignage d\u2019Axel All\u00e9tru"},"content":{"rendered":"\n<figure class=\"wp-block-image\"><img loading=\"lazy\" decoding=\"async\" width=\"1024\" height=\"683\" src=\"https:\/\/www.tousergo.com\/blog\/wp-content\/uploads\/2019\/04\/MATTCOURTOIS-AXEL-ALLETRU-WEB-2-1024x683.jpg\" alt=\"\" class=\"wp-image-12154\" srcset=\"https:\/\/www.tousergo.com\/blog\/wp-content\/uploads\/2019\/04\/MATTCOURTOIS-AXEL-ALLETRU-WEB-2-1024x683.jpg 1024w, https:\/\/www.tousergo.com\/blog\/wp-content\/uploads\/2019\/04\/MATTCOURTOIS-AXEL-ALLETRU-WEB-2-300x200.jpg 300w, https:\/\/www.tousergo.com\/blog\/wp-content\/uploads\/2019\/04\/MATTCOURTOIS-AXEL-ALLETRU-WEB-2-768x512.jpg 768w, https:\/\/www.tousergo.com\/blog\/wp-content\/uploads\/2019\/04\/MATTCOURTOIS-AXEL-ALLETRU-WEB-2.jpg 1800w\" sizes=\"auto, (max-width: 1024px) 100vw, 1024px\" \/><figcaption><em>Cr\u00e9dit photo : Matthieu Courtois \/\/ Site :&nbsp;<a href=\"http:\/\/matthieucourtois.com\/\">matthieucourtois.com<\/a><\/em><\/figcaption><\/figure>\n\n\n\n<p>Depuis plusieurs ann\u00e9es maintenant, Tous ergo vous partage des interviews de personnes incroyables qui m\u00e9ritent l\u2019admiration et qui sont pour nous une le\u00e7on de vie. Aujourd\u2019hui, nous allons red\u00e9couvrir dans les&nbsp;<a href=\"https:\/\/www.tousergo.com\/blog\/category\/lespetitesvictoires\/\"><strong>Petites Victoires<\/strong><\/a>&nbsp;la d\u00e9finition de la combativit\u00e9 et du d\u00e9passement de soi gr\u00e2ce \u00e0 Axel All\u00e9tru, de retour du Marocco Desert Challenge. D\u00e9couvrez le portrait de ce sportif hors-pair qui, apr\u00e8s son accident, n\u2019a fait que de se lancer des d\u00e9fis.&nbsp;<\/p>\n\n\n\n<h2 class=\"wp-block-heading\">Petites Victoires : l\u2019interview d\u2019Axel All\u00e9tru chez Tous ergo<\/h2>\n\n\n\n<p>Nous avons eu la chance de recevoir Axel dans les locaux de&nbsp;<strong><a href=\"https:\/\/www.tousergo.com\/\">Tous ergo<\/a><\/strong>&nbsp;\u00e0 Bondues dans le nord (59) pour qu\u2019il nous partage son histoire et sa vision de son handicap. D\u00e9couvrez cette interview, r\u00e9alis\u00e9e par Thibaut Delloye, fondateur et dirigeant de Tous ergo.<\/p>\n\n\n\n<figure class=\"wp-block-embed is-type-rich is-provider-prise-en-charge-des-contenus-embarques wp-block-embed-prise-en-charge-des-contenus-embarques wp-embed-aspect-16-9 wp-has-aspect-ratio\"><div class=\"wp-block-embed__wrapper\">\n<iframe loading=\"lazy\" title=\"Les petites victoires - Axel All\u00e9tru\" width=\"960\" height=\"540\" src=\"https:\/\/www.youtube.com\/embed\/CSU7s_mfbu0?feature=oembed&#038;enablejsapi=1&#038;origin=https:\/\/www.tousergo.com\" frameborder=\"0\" allow=\"accelerometer; autoplay; clipboard-write; encrypted-media; gyroscope; picture-in-picture\" allowfullscreen><\/iframe>\n<\/div><\/figure>\n\n\n\n<h2 class=\"wp-block-heading\">Petites Victoires : l\u2019histoire d\u2019Axel, le pouvoir du mental<\/h2>\n\n\n\n<h3 class=\"wp-block-heading\">Axel All\u00e9tru, le grand espoir fran\u00e7ais de la motocross.<\/h3>\n\n\n\n<p>Grand sportif et dot\u00e9 d\u2019un esprit de comp\u00e9titeur, Axel se lance tr\u00e8s jeune dans le BMX, devenant professionnel dans ce sport en \u00e9tant 3 fois Champion d\u2019Europe junior et 2 fois Champion du Monde junior. Attir\u00e9 par les sports m\u00e9caniques, il d\u00e9cide ensuite de s\u2019orienter dans un autre sport, non tr\u00e8s \u00e9loign\u00e9 du BMX : la motocross. Consid\u00e9r\u00e9 comme un grand espoir fran\u00e7ais de la motocross gr\u00e2ce \u00e0 son palmar\u00e8s, il d\u00e9cide de remettre son titre de champion du monde professionnel en jeu aux championnats du monde de 2010 en Lettonie. Quelques secondes avant la course, Axel prend les derniers conseils de son m\u00e9canicien et vient le moment du d\u00e9part : la grille tombe.&nbsp;<em>\u00ab&nbsp;Paff !! Je fais un d\u00e9part canon, je me retrouve \u00e0 une tr\u00e8s belle 5e place, j\u2019avais l\u2019impression de survoler la piste ! Je roulais propre, \u00e0 l\u2019aise et sans prendre de risque et j\u2019arrive sur cette fameuse bosse&nbsp;\u00bb&nbsp;<\/em>t\u00e9moigne-t-il.<\/p>\n\n\n\n<h3 class=\"wp-block-heading\">Les jambes ne r\u00e9pondent plus, Axel est parapl\u00e9gique et condamn\u00e9 au fauteuil roulant.<\/h3>\n\n\n\n<p>Durant la course, Axel arrive sur cette \u00ab&nbsp;fameuse bosse&nbsp;\u00bb, selon lui \u00ab&nbsp;difficile \u00e0 n\u00e9gocier&nbsp;\u00bb \u00e0 cause des trous se formant \u00e0 chaque passage des motos au fil des tours. Il chute et atterrit sur le bas du dos. Il est directement transf\u00e9r\u00e9 \u00e0 l\u2019h\u00f4pital de Riga o\u00f9 il passe une IRM. Le verdict est sans appel, Axel All\u00e9tru est parapl\u00e9gique.<\/p>\n\n\n\n<p>Apr\u00e8s avoir \u00e9t\u00e9 op\u00e9r\u00e9, on le transfert en r\u00e9\u00e9ducation en lui apportant un fauteuil roulant o\u00f9 il y restera de longs mois. \u00ab&nbsp;Tous les matins, je n\u2019esp\u00e9rais qu\u2019une seule chose : remarcher&nbsp;\u00bb dit-il. Au bout d\u2019un mois de r\u00e9\u00e9ducation, Axel est convoqu\u00e9 \u00e0 une r\u00e9union avec le m\u00e9decin en chef de la r\u00e9\u00e9ducation, sa kin\u00e9, sa prof de sport, son ergoth\u00e9rapeute et sa famille. Le message est clair, les m\u00e9decins veulent une r\u00e9\u00e9ducation exclusivement en fauteuil roulant, pensant qu\u2019il ne remarcherait jamais.<\/p>\n\n\n\n<h3 class=\"wp-block-heading\">La r\u00e9silience et le d\u00e9passement de soi, une le\u00e7on de vie.<\/h3>\n\n\n\n<p>Contraint de se soumettre aux r\u00e8gles du centre de r\u00e9\u00e9ducation, Axel reste n\u00e9anmoins d\u00e9termin\u00e9 \u00e0 remarcher. Il va donc s\u2019entra\u00eener seul, en compl\u00e9ment de sa r\u00e9\u00e9ducation en&nbsp;<strong><a href=\"https:\/\/www.tousergo.com\/252-fauteuil-roulant\">fauteuil roulant<\/a><\/strong>, pour tenter de se rapprocher de son objectif.<\/p>\n\n\n\n<p>Ce n\u2019est que quelques mois plus tard qu\u2019il effectue sa premi\u00e8re s\u00e9ance de baln\u00e9oth\u00e9rapie o\u00f9 il va pour la premi\u00e8re fois depuis son accident remarcher dans l\u2019eau. Mais Axel ne s\u2019arr\u00eate pas l\u00e0 ! Prochaine \u00e9tape, tenir debout sur la terre ferme ! C\u2019est avec l\u2019aide d\u2019un orthoproth\u00e9siste qui lui confectionne des attelles, qu\u2019il arrive \u00e0 tenir sur ses jambes sur la terre ferme gr\u00e2ce \u00e0 des barres parall\u00e8les. \u00c0 ce moment-l\u00e0,&nbsp;<em>\u00ab&nbsp;c\u2019\u00e9tait une sacr\u00e9e victoire, je pouvais de nouveau voir le monde de mon 1m90&nbsp;\u00bb<\/em>&nbsp;raconte-t-il.<\/p>\n\n\n\n<h3 class=\"wp-block-heading\">Son \u00e2me de champion ne s\u2019\u00e9tait pas \u00e9teinte, au contraire, le handicap l\u2019a rendu plus fort.<\/h3>\n\n\n\n<p>Un an et demi apr\u00e8s son accident, Axel se pose des questions sur son avenir et d\u00e9cide de rester li\u00e9 \u00e0 l\u2019univers du sport en se lan\u00e7ant dans la natation. Au moment de sortir de sa r\u00e9\u00e9ducation, Axel se lance un challenge, et pas des moindres : participer aux jeux paralympiques de Rio 2016. C\u2019est alors qu\u2019il va encha\u00eener les entra\u00eenements et commencer \u00e0 gagner un titre, puis un deuxi\u00e8me, ensuite un troisi\u00e8me, jusqu\u2019\u00e0 cumuler 12 titres de Champion de France dans les cat\u00e9gories : 50 m\u00e8tres nage libre, 100 m\u00e8tres nage libre, 5 m\u00e8tres papillon et Vice Champion d\u2019Europe et recordman de France sur 50 et 100 m\u00e8tres nage libre.<\/p>\n\n\n\n<figure class=\"wp-block-image\"><img decoding=\"async\" src=\"https:\/\/www.tousergo.com\/blog\/wp-content\/uploads\/2019\/04\/Capture-d%E2%80%99e%CC%81cran-2019-04-17-a%CC%80-14.59.32.png\" alt=\"axel-alletru-palmares-natation\" class=\"wp-image-11953\"\/><figcaption><em>Source : Site Web d\u2019<a href=\"https:\/\/www.axel-alletru.com\/\">Axel All\u00e9tru<\/a>&nbsp;<\/em><\/figcaption><\/figure>\n\n\n\n<p>Apr\u00e8s s\u2019\u00eatre qualifi\u00e9 au championnat de France pour les jeux paralympiques de Rio 2016, Axel a \u00e9t\u00e9 chang\u00e9 de cat\u00e9gorie pour rejoindre des personnes avec un handicap beaucoup moindre. De ce fait, le niveau devenant plus \u00e9lev\u00e9, il n\u2019a pas pu se qualifier pour Rio 2016. Mais Axel relativise,&nbsp;<em>\u00ab&nbsp;Quand j\u2019\u00e9tais \u00e0 l\u2019h\u00f4pital juste apr\u00e8s mon accident, si on m\u2019avait dit \u00e9coute Axel, tu signes l\u00e0 en bas, tu remarcheras mais tu ne seras jamais champions de paralympiques, je pense que je n\u2019aurai pas h\u00e9sit\u00e9 une seconde&nbsp;\u00bb<\/em><\/p>\n\n\n\n<figure class=\"wp-block-image\"><img loading=\"lazy\" decoding=\"async\" width=\"1522\" height=\"752\" src=\"https:\/\/www.tousergo.com\/blog\/wp-content\/uploads\/2019\/04\/Alletru001.jpg\" alt=\"axel-alletru-parapl\u00e9gique-champion-r\u00e9silience\" class=\"wp-image-11971\" srcset=\"https:\/\/www.tousergo.com\/blog\/wp-content\/uploads\/2019\/04\/Alletru001.jpg 1522w, https:\/\/www.tousergo.com\/blog\/wp-content\/uploads\/2019\/04\/Alletru001-300x148.jpg 300w, https:\/\/www.tousergo.com\/blog\/wp-content\/uploads\/2019\/04\/Alletru001-768x379.jpg 768w, https:\/\/www.tousergo.com\/blog\/wp-content\/uploads\/2019\/04\/Alletru001-1024x506.jpg 1024w\" sizes=\"auto, (max-width: 1522px) 100vw, 1522px\" \/><figcaption><em>Source : Site Web d\u2019<a href=\"https:\/\/www.axel-alletru.com\/\">Axel All\u00e9tru<\/a>&nbsp;<\/em><\/figcaption><\/figure>\n\n\n\n<h2 class=\"wp-block-heading\">Petites Victoires : de nouveaux objectifs pour Axel, le Marocco Desert Challenge et le Dakar 2020<\/h2>\n\n\n\n<p>Souhaitant revenir aux sources avec les sports m\u00e9caniques, Axel a pour objectif de participer au Dakar 2020 en cat\u00e9gorie buggy SSV. Cependant, la participation \u00e0 cette aventure ne d\u00e9pend pas que de lui. En effet, les sports m\u00e9caniques demandent beaucoup de ressources financi\u00e8res et humaines, sans compter le transport, l\u2019h\u00e9bergement et l\u2019approvisionnement en nourriture et en eau. C\u2019est pour cela qu\u2019Axel est support\u00e9 par&nbsp;<strong><a href=\"https:\/\/www.lesouffledunord.com\/\">Le Souffle Du Nord<\/a><\/strong>, une communaut\u00e9 d\u2019acteurs r\u00e9unis par l\u2019envie d\u2019\u00eatre utiles au monde. Le projet \u00ab&nbsp;En route vers le Dakar en 2020 avec Axel All\u00e9tru&nbsp;\u00bb r\u00e9unit plusieurs m\u00e9c\u00e8nes, dont&nbsp;<a href=\"https:\/\/www.tousergo.com\/\">Tous ergo<\/a>, qui participent \u00e0 son \u00e9laboration.<\/p>\n\n\n\n<p>Afin de se pr\u00e9parer au mieux pour le Dakar 2020, Axel a particip\u00e9 au Marocco Desert Challenge regroupant pas moins de 8 \u00e9tapes d\u2019une distance totale de plus de 3000 km \u00e0 parcourir. Pour parer aux conditions difficiles qu\u2019engendre un rallye de ce genre, Tous ergo a mis&nbsp;divers produits \u00e0 disposition d\u2019Axel&nbsp; :<\/p>\n\n\n\n<ul class=\"wp-block-list\"><li>Un\u00a0<strong><a href=\"https:\/\/www.tousergo.com\/accessoires-voiture\/5480-coussin-d-assise-innovant-balance-seat-8801324206015.html\">Coussin Balance Seat<\/a><\/strong>\u00a0qui r\u00e9parti le poids progressivement sur les hanches et les fesses pour une assise optimale et un soulagement du dos durant les \u00e9tapes du rallye.<\/li><li>Un\u00a0<strong><a href=\"https:\/\/www.tousergo.com\/oreiller-ergonomique\/211-oreiller-ergonomique-microfibres-3153633350664.html#\/82-largeur-50_x_70_cm\">Oreiller Ergonomique en Microfibres<\/a><\/strong>\u00a0pour les nuits en bivouac.<\/li><li>Un\u00a0<strong><a href=\"https:\/\/www.tousergo.com\/produit-chauffant\/5393-bandage-chauffant-lombaire-8436531918064.html\">Bandage Chauffant pour Lombaire<\/a><\/strong>\u00a0pour soulager le bas du dos.<\/li><li>Des\u00a0<strong><a href=\"https:\/\/www.tousergo.com\/produit-chauffant\/337-chaussons-chauffants-hotsox-4048486015046.html\">Chaufferettes pour Pieds<\/a><\/strong>\u00a0afin de maintenir au chaud les pieds durant les nuits.<\/li><li>Un\u00a0<strong><a href=\"https:\/\/www.tousergo.com\/coussin-ergonomique\/4114-coussin-rectangle-a-memoire-de-forme-3281690204771.html\">Coussin \u00e0 M\u00e9moire de Forme<\/a><\/strong>\u00a0pour pr\u00e9venir les douleurs de dos durant la course.<\/li><\/ul>\n\n\n\n<figure class=\"wp-block-image\"><img loading=\"lazy\" decoding=\"async\" width=\"1600\" height=\"1200\" src=\"https:\/\/www.tousergo.com\/blog\/wp-content\/uploads\/2019\/04\/WhatsApp-Image-2019-04-13-at-20.19.03.jpeg\" alt=\"Axel all\u00e9tru tous ergo conf\u00e9rencier sportif r\u00e9silience\" class=\"wp-image-12041\" srcset=\"https:\/\/www.tousergo.com\/blog\/wp-content\/uploads\/2019\/04\/WhatsApp-Image-2019-04-13-at-20.19.03.jpeg 1600w, https:\/\/www.tousergo.com\/blog\/wp-content\/uploads\/2019\/04\/WhatsApp-Image-2019-04-13-at-20.19.03-300x225.jpeg 300w, https:\/\/www.tousergo.com\/blog\/wp-content\/uploads\/2019\/04\/WhatsApp-Image-2019-04-13-at-20.19.03-768x576.jpeg 768w, https:\/\/www.tousergo.com\/blog\/wp-content\/uploads\/2019\/04\/WhatsApp-Image-2019-04-13-at-20.19.03-1024x768.jpeg 1024w\" sizes=\"auto, (max-width: 1600px) 100vw, 1600px\" \/><\/figure>\n\n\n\n<figure class=\"wp-block-image\"><img loading=\"lazy\" decoding=\"async\" width=\"1600\" height=\"1200\" src=\"https:\/\/www.tousergo.com\/blog\/wp-content\/uploads\/2019\/04\/WhatsApp-Image-2019-04-19-at-09.47.589.jpeg\" alt=\"Axel all\u00e9tru tous ergo conf\u00e9rencier sportif r\u00e9silience\" class=\"wp-image-12037\" srcset=\"https:\/\/www.tousergo.com\/blog\/wp-content\/uploads\/2019\/04\/WhatsApp-Image-2019-04-19-at-09.47.589.jpeg 1600w, https:\/\/www.tousergo.com\/blog\/wp-content\/uploads\/2019\/04\/WhatsApp-Image-2019-04-19-at-09.47.589-300x225.jpeg 300w, https:\/\/www.tousergo.com\/blog\/wp-content\/uploads\/2019\/04\/WhatsApp-Image-2019-04-19-at-09.47.589-768x576.jpeg 768w, https:\/\/www.tousergo.com\/blog\/wp-content\/uploads\/2019\/04\/WhatsApp-Image-2019-04-19-at-09.47.589-1024x768.jpeg 1024w\" sizes=\"auto, (max-width: 1600px) 100vw, 1600px\" \/><figcaption><em>Cr\u00e9dit photo : Romain Bouy<\/em><\/figcaption><\/figure>\n\n\n\n<p>Au terme de ce rallye spectaculaire, Axel et son co-pilote Fran\u00e7ois Xavier Beguin terminent \u00e0 la 17e place avec un temps total de 45h 35\u2032 36\u2033. Une belle aventure lui permettant de s\u2019exercer en vue du Dakar 2020, propuls\u00e9 par le souffle du nord qui recherche des m\u00e9c\u00e8nes pour se joindre \u00e0 cette aventure.<\/p>\n\n\n\n<h2 class=\"wp-block-heading\">Petites Victoires : Quand Axel sublime son accident pour partager sa r\u00e9silience aux entreprises<\/h2>\n\n\n\n<p>En parall\u00e8le de sa carri\u00e8re de sportif de haut niveau, Axel s\u2019est lanc\u00e9 un nouvel objectif : transmettre sa r\u00e9silience. Il organise donc des conf\u00e9rences destin\u00e9es aux entreprises leur permettant&nbsp;<em>\u00ab&nbsp;d\u2019\u00e9laborer leur propre strat\u00e9gie de motivation et de red\u00e9ploiement \u00e0 tous les niveaux&nbsp;\u00bb<\/em>.&nbsp;C\u2019est \u00e0 travers ses conf\u00e9rences qu\u2019il raconte son histoire pour \u00ab&nbsp;montrer que derri\u00e8re l\u2019impossible, se cache toujours un possible&nbsp;\u00bb !<\/p>\n\n\n\n<p>Si vous \u00eates int\u00e9ress\u00e9 pour accueillir Axel dans votre entreprise, n\u2019h\u00e9sitez pas \u00e0 visiter son&nbsp;<strong><a href=\"https:\/\/www.axel-alletru.com\/\">site internet<\/a><\/strong>.<\/p>\n\n\n\n<figure class=\"wp-block-image\"><img decoding=\"async\" src=\"https:\/\/www.tousergo.com\/blog\/wp-content\/uploads\/2019\/04\/Capture-d%E2%80%99e%CC%81cran-2019-04-18-a%CC%80-15.06.20.png\" alt=\"Axel all\u00e9tru tous ergo conf\u00e9rencier sportif r\u00e9silience\" class=\"wp-image-11978\"\/><figcaption><em>Source : Site Web d\u2019<a href=\"https:\/\/www.axel-alletru.com\/\">Axel All\u00e9tru<\/a>&nbsp;<\/em><\/figcaption><\/figure>\n\n\n\n<p>Nous esp\u00e9rons que vous avez appr\u00e9ci\u00e9 cet article, t\u00e9moignant de la r\u00e9silience et du d\u00e9passement de soi d\u2019un v\u00e9ritable sportif engag\u00e9. Axel est un exemple pour beaucoup d\u2019entre nous en d\u00e9montrant par son histoire que rien n\u2019est impossible avec le travail et la pers\u00e9v\u00e9rance.<\/p>\n\n\n\n<p>L\u2019\u00e9quipe de&nbsp;<strong><a href=\"https:\/\/www.tousergo.com\/\" target=\"_blank\" rel=\"noreferrer noopener\">Tous ergo<\/a><\/strong>&nbsp;remercie Axel pour son t\u00e9moignage et lui souhaite bonne chance pour son prochain objectif : le Dakar 2020.<\/p>\n\n\n\n<p><strong>D\u00e9couvrez d\u2019autres Petites Victoires :&nbsp;<\/strong><\/p>\n\n\n\n<ul class=\"wp-block-list\"><li><strong><a href=\"https:\/\/www.tousergo.com\/blog\/les-petites-victoires-temoignage-de-juliette-watine\/\">T\u00e9moignage de Juliette Watine<\/a><\/strong><\/li><li><strong><a href=\"https:\/\/www.tousergo.com\/blog\/2018\/12\/19\/les-petites-victoires-benoit\/\">T\u00e9moignage de Beno\u00eet Fauvarque<\/a><\/strong><\/li><li><strong><a href=\"https:\/\/www.tousergo.com\/blog\/les-petites-victoires-laure-paing\/\" target=\"_blank\" rel=\"noreferrer noopener\">Les petites victoires : Laure Paing<\/a><\/strong><\/li><\/ul>\n\n\n\n<p><em><strong>Recevez la Newsletter Tous ergo !<\/strong><\/em><br>Inscrivez-vous \u00e0 notre lettre d\u2019information ! Vous recevrez nos derniers articles&nbsp;\u00e0 propos du handicap et du maintien \u00e0 domicile, nos nouveaut\u00e9s produits et nos promotions. \u00c7a vous int\u00e9resse&nbsp;?&nbsp;<strong>Indiquez votre e-mail dans l\u2019encadr\u00e9 \u00ab&nbsp;Newsletter&nbsp;\u00bb, en bas \u00e0 gauche de la&nbsp;<a href=\"https:\/\/www.tousergo.com\/\">page d\u2019accueil de notre site<\/a>.<\/strong><br>Et voil\u00e0, c\u2019est fait !&nbsp;<\/p>\n\n\n\n<p><\/p>\n","protected":false},"excerpt":{"rendered":"<p class=\"u-txt-sm u-txt-dark u-d-desktop u-w-100\">Depuis plusieurs ann\u00e9es maintenant, Tous ergo vous partage des interviews de personnes incroyables qui m\u00e9ritent l\u2019admiration et qui sont pour...<\/p>\n<button class=\"c-btn--unstyled u-font-weight-bold u-txt-primary u-txt-sm\">\n\t\t\tLire l\u2019article\n\t\t\t<span class=\"c-icon--24 u-ml-1\"><img decoding=\"async\" src=\"https:\/\/www.tousergo.com\/blog\/wp-content\/themes\/tousergo\/img\/icons\/arrow-right-circle-fill.svg\" alt=\"\"><\/span>\n\t<\/button>","protected":false},"author":17,"featured_media":15609,"comment_status":"open","ping_status":"open","sticky":false,"template":"","format":"standard","meta":{"footnotes":""},"categories":[16,2,7],"tags":[],"class_list":["post-15606","post","type-post","status-publish","format-standard","has-post-thumbnail","hentry","category-accessibilite-conseils-et-solutions","category-conseils-et-solutions","category-lespetitesvictoires"],"yoast_head":"<!-- This site is optimized with the Yoast SEO plugin v15.7 - https:\/\/yoast.com\/wordpress\/plugins\/seo\/ -->\n<title>Les petites victoires : t\u00e9moignage d\u2019Axel All\u00e9tru - Blog Tous ergo<\/title>\n<meta name=\"description\" content=\"Petites Victoires : la d\u00e9finition de la combativit\u00e9 et du d\u00e9passement de soi gr\u00e2ce \u00e0 Axel All\u00e9tru, de retour du Marocco Desert Challenge\" \/>\n<meta name=\"robots\" content=\"index, follow, max-snippet:-1, max-image-preview:large, max-video-preview:-1\" \/>\n<link rel=\"canonical\" href=\"https:\/\/www.tousergo.com\/blog\/les-petites-victoires-temoignage-daxel-alletru\/\" \/>\n<meta property=\"og:locale\" content=\"fr_FR\" \/>\n<meta property=\"og:type\" content=\"article\" \/>\n<meta property=\"og:title\" content=\"Les petites victoires : t\u00e9moignage d\u2019Axel All\u00e9tru - Blog Tous ergo\" \/>\n<meta property=\"og:description\" content=\"Petites Victoires : la d\u00e9finition de la combativit\u00e9 et du d\u00e9passement de soi gr\u00e2ce \u00e0 Axel All\u00e9tru, de retour du Marocco Desert Challenge\" \/>\n<meta property=\"og:url\" content=\"https:\/\/www.tousergo.com\/blog\/les-petites-victoires-temoignage-daxel-alletru\/\" \/>\n<meta property=\"og:site_name\" content=\"Blog Tous ergo\" \/>\n<meta property=\"article:publisher\" content=\"https:\/\/www.facebook.com\/tousergo\/\" \/>\n<meta property=\"article:published_time\" content=\"2019-04-18T09:11:00+00:00\" \/>\n<meta property=\"article:modified_time\" content=\"2025-06-26T09:18:48+00:00\" \/>\n<meta property=\"og:image\" content=\"https:\/\/www.tousergo.com\/blog\/wp-content\/uploads\/2019\/04\/a-la-une-axel-alletru.jpg\" \/>\n\t<meta property=\"og:image:width\" content=\"1000\" \/>\n\t<meta property=\"og:image:height\" content=\"552\" \/>\n<meta name=\"twitter:card\" content=\"summary_large_image\" \/>\n<meta name=\"twitter:creator\" content=\"@tousergo\" \/>\n<meta name=\"twitter:site\" content=\"@tousergo\" \/>\n<meta name=\"twitter:label1\" content=\"Dur\u00e9e de lecture est.\">\n\t<meta name=\"twitter:data1\" content=\"8 minutes\">\n<script type=\"application\/ld+json\" class=\"yoast-schema-graph\">{\"@context\":\"https:\/\/schema.org\",\"@graph\":[{\"@type\":\"WebSite\",\"@id\":\"https:\/\/www.tousergo.com\/blog\/#website\",\"url\":\"https:\/\/www.tousergo.com\/blog\/\",\"name\":\"Blog Tous ergo\",\"description\":\"Toutes les solutions pour l&#039;autonomie \\u00e0 domicile\",\"potentialAction\":[{\"@type\":\"SearchAction\",\"target\":\"https:\/\/www.tousergo.com\/blog\/?s={search_term_string}\",\"query-input\":\"required name=search_term_string\"}],\"inLanguage\":\"fr-FR\"},{\"@type\":\"ImageObject\",\"@id\":\"https:\/\/www.tousergo.com\/blog\/les-petites-victoires-temoignage-daxel-alletru\/#primaryimage\",\"inLanguage\":\"fr-FR\",\"url\":\"https:\/\/www.tousergo.com\/blog\/wp-content\/uploads\/2019\/04\/a-la-une-axel-alletru.jpg\",\"width\":1000,\"height\":552},{\"@type\":\"WebPage\",\"@id\":\"https:\/\/www.tousergo.com\/blog\/les-petites-victoires-temoignage-daxel-alletru\/#webpage\",\"url\":\"https:\/\/www.tousergo.com\/blog\/les-petites-victoires-temoignage-daxel-alletru\/\",\"name\":\"Les petites victoires : t\\u00e9moignage d\\u2019Axel All\\u00e9tru - Blog Tous ergo\",\"isPartOf\":{\"@id\":\"https:\/\/www.tousergo.com\/blog\/#website\"},\"primaryImageOfPage\":{\"@id\":\"https:\/\/www.tousergo.com\/blog\/les-petites-victoires-temoignage-daxel-alletru\/#primaryimage\"},\"datePublished\":\"2019-04-18T09:11:00+00:00\",\"dateModified\":\"2025-06-26T09:18:48+00:00\",\"author\":{\"@id\":\"https:\/\/www.tousergo.com\/blog\/#\/schema\/person\/f858847cbed5e0801ced600f19f99bbc\"},\"description\":\"Petites Victoires : la d\\u00e9finition de la combativit\\u00e9 et du d\\u00e9passement de soi gr\\u00e2ce \\u00e0 Axel All\\u00e9tru, de retour du Marocco Desert Challenge\",\"breadcrumb\":{\"@id\":\"https:\/\/www.tousergo.com\/blog\/les-petites-victoires-temoignage-daxel-alletru\/#breadcrumb\"},\"inLanguage\":\"fr-FR\",\"potentialAction\":[{\"@type\":\"ReadAction\",\"target\":[\"https:\/\/www.tousergo.com\/blog\/les-petites-victoires-temoignage-daxel-alletru\/\"]}]},{\"@type\":\"BreadcrumbList\",\"@id\":\"https:\/\/www.tousergo.com\/blog\/les-petites-victoires-temoignage-daxel-alletru\/#breadcrumb\",\"itemListElement\":[{\"@type\":\"ListItem\",\"position\":1,\"item\":{\"@type\":\"WebPage\",\"@id\":\"https:\/\/www.tousergo.com\/blog\/\",\"url\":\"https:\/\/www.tousergo.com\/blog\/\",\"name\":\"Accueil\"}},{\"@type\":\"ListItem\",\"position\":2,\"item\":{\"@type\":\"WebPage\",\"@id\":\"https:\/\/www.tousergo.com\/blog\/les-petites-victoires-temoignage-daxel-alletru\/\",\"url\":\"https:\/\/www.tousergo.com\/blog\/les-petites-victoires-temoignage-daxel-alletru\/\",\"name\":\"Les petites victoires : t\\u00e9moignage d\\u2019Axel All\\u00e9tru\"}}]},{\"@type\":\"Person\",\"@id\":\"https:\/\/www.tousergo.com\/blog\/#\/schema\/person\/f858847cbed5e0801ced600f19f99bbc\",\"name\":\"Pierre\",\"image\":{\"@type\":\"ImageObject\",\"@id\":\"https:\/\/www.tousergo.com\/blog\/#personlogo\",\"inLanguage\":\"fr-FR\",\"url\":\"https:\/\/secure.gravatar.com\/avatar\/83dea2c3e3bf272703ed8d77f0523df8bdcecdd83bee1fe1ec9fbb87aa5df027?s=96&d=mm&r=g\",\"caption\":\"Pierre\"},\"description\":\"Bonjour, je suis Pierre, expert en am\\u00e9nagement ergonomique chez TOUS ERGO. Sp\\u00e9cialis\\u00e9 dans l\\u2019adaptation du logement pour les seniors et les personnes en situation de handicap, je d\\u00e9crypte pour vous les meilleures solutions pour rester autonome chez soi le plus longtemps possible. Mon engagement : vous apporter une information technique, pr\\u00e9cise et sans compromis sur la qualit\\u00e9.\"}]}<\/script>\n<!-- \/ Yoast SEO plugin. -->","_links":{"self":[{"href":"https:\/\/www.tousergo.com\/blog\/wp-json\/wp\/v2\/posts\/15606","targetHints":{"allow":["GET"]}}],"collection":[{"href":"https:\/\/www.tousergo.com\/blog\/wp-json\/wp\/v2\/posts"}],"about":[{"href":"https:\/\/www.tousergo.com\/blog\/wp-json\/wp\/v2\/types\/post"}],"author":[{"embeddable":true,"href":"https:\/\/www.tousergo.com\/blog\/wp-json\/wp\/v2\/users\/17"}],"replies":[{"embeddable":true,"href":"https:\/\/www.tousergo.com\/blog\/wp-json\/wp\/v2\/comments?post=15606"}],"version-history":[{"count":7,"href":"https:\/\/www.tousergo.com\/blog\/wp-json\/wp\/v2\/posts\/15606\/revisions"}],"predecessor-version":[{"id":21438,"href":"https:\/\/www.tousergo.com\/blog\/wp-json\/wp\/v2\/posts\/15606\/revisions\/21438"}],"wp:featuredmedia":[{"embeddable":true,"href":"https:\/\/www.tousergo.com\/blog\/wp-json\/wp\/v2\/media\/15609"}],"wp:attachment":[{"href":"https:\/\/www.tousergo.com\/blog\/wp-json\/wp\/v2\/media?parent=15606"}],"wp:term":[{"taxonomy":"category","embeddable":true,"href":"https:\/\/www.tousergo.com\/blog\/wp-json\/wp\/v2\/categories?post=15606"},{"taxonomy":"post_tag","embeddable":true,"href":"https:\/\/www.tousergo.com\/blog\/wp-json\/wp\/v2\/tags?post=15606"}],"curies":[{"name":"wp","href":"https:\/\/api.w.org\/{rel}","templated":true}]}}