{"id":15626,"date":"2019-05-03T14:59:00","date_gmt":"2019-05-03T12:59:00","guid":{"rendered":"https:\/\/www.tousergo.com\/blog\/?p=15626"},"modified":"2025-02-11T10:03:04","modified_gmt":"2025-02-11T09:03:04","slug":"le-monte-escaliers-stannah","status":"publish","type":"post","link":"https:\/\/www.tousergo.com\/blog\/le-monte-escaliers-stannah\/","title":{"rendered":"Le monte escaliers : on r\u00e9pond \u00e0 vos questions !"},"content":{"rendered":"\n<p>En 2018, l\u2019hexagone comptait plus de 35 millions de logements, une hausse de 10 millions par rapport aux 25 millions de logements en 1988. Sur 30 ans, le march\u00e9 de l\u2019immobilier a subit une augmentation d\u2019environ 1% par an du nombre de r\u00e9sidences, principales et secondaires. En parall\u00e8le, la population vieillit. En 1980, 17% de la population \u00e9tait \u00e2g\u00e9e de 60 ans ou plus, un chiffre nettement inf\u00e9rieur aux 25% de 60 ans ou plus en 2016.<\/p>\n\n\n\n<p>Face \u00e0 ce constat, diverses solutions sont n\u00e9es afin de palier aux contraintes de mobilit\u00e9s li\u00e9s&nbsp;au vieillissement et au handicap par rapport \u00e0 nos habitats. Parmi elles, nous allons r\u00e9pondre \u00e0 vos questions concernant les monte escaliers.<\/p>\n\n\n\n<h2>Stannah : Sp\u00e9cialiste du&nbsp;monte escalier&nbsp;pour une meilleure autonomie.<\/h2>\n\n\n\n<p>Tous ergo a choisi de collaborer avec Stannah,\u00a0une entreprise fond\u00e9e en 1867 \u00e0 Londres, innovante et pr\u00e9curseur. Il s\u2019agit de la premi\u00e8re entreprise \u00e0 lancer la production de si\u00e8ge \u00e9l\u00e9vateur dans les ann\u00e9es 1970 pour les particuliers. Aujourd\u2019hui, Stannah b\u00e9n\u00e9ficie d\u2019une notori\u00e9t\u00e9 internationale puisque le groupe est pr\u00e9sent dans plus de 60 pays. Plus de 35 000 monte escaliers ont \u00e9t\u00e9 install\u00e9s en France.<\/p>\n\n\n\n<figure class=\"wp-block-image\"><img loading=\"lazy\" width=\"1024\" height=\"725\" src=\"https:\/\/web.archive.org\/web\/20201027210225im_\/https:\/\/www.tousergo.com\/blog\/wp-content\/uploads\/2019\/05\/stannah-sienna-260-1024x725.png\" alt=\"stannah tous ergo monte escalier\" class=\"wp-image-12210\" srcset=\"https:\/\/www.tousergo.com\/blog\/wp-content\/uploads\/2019\/05\/stannah-sienna-260-1024x725.png 1024w, https:\/\/www.tousergo.com\/blog\/wp-content\/uploads\/2019\/05\/stannah-sienna-260-300x212.png 300w, https:\/\/www.tousergo.com\/blog\/wp-content\/uploads\/2019\/05\/stannah-sienna-260-768x543.png 768w\" sizes=\"(max-width: 1024px) 100vw, 1024px\" \/><\/figure>\n\n\n\n<h2>Comment financer mon monte escaliers ?<\/h2>\n\n\n\n<h3>Puis-je b\u00e9n\u00e9ficier d\u2019un cr\u00e9dit d\u2019imp\u00f4t pour l\u2019achat d\u2019un monte-escaliers Stannah ?<\/h3>\n\n\n\n<p>Oui. Vous pouvez b\u00e9n\u00e9ficier d\u2019un cr\u00e9dit d\u2019imp\u00f4t sur le revenu : les d\u00e9penses d\u2019installation ou de remplacement d\u2019un monte-escaliers au sein de votre r\u00e9sidence principale ouvrent droit \u00e0 un cr\u00e9dit d\u2019imp\u00f4t \u00e9quivalent \u00e0 25% du montant TTC acquitt\u00e9.<\/p>\n\n\n\n<p>Pour une m\u00eame r\u00e9sidence, le montant des d\u00e9penses r\u00e9alis\u00e9es pour une personne \u00e2g\u00e9es ou handicap\u00e9e est cependant plafonn\u00e9, au titre d\u2019une p\u00e9riode de cinq ann\u00e9es cons\u00e9cutives, \u00e0 5 000 \u20ac pour une personne c\u00e9libataire, veuve ou divorc\u00e9e et 10 000 \u20ac pour un couple soumis \u00e0 imposition commune, puis major\u00e9 en cas de personne \u00e0 charge. Si vous \u00eates non imposable, le Tr\u00e9sor Public vous adressera un ch\u00e8que du montant correspondant.<\/p>\n\n\n\n<h3>Existe-t-il des aides de financement pour l\u2019achat de monte escaliers ?<\/h3>\n\n\n\n<p>Oui. Stannah collabore avec Franfinances, afin de vous proposer des modalit\u00e9s de cr\u00e9dit \u00e0 des taux tr\u00e8s attractifs.<\/p>\n\n\n\n<h2>Comment \u00eatre conseill\u00e9 avant l\u2019achat d\u2019un monte escaliers ?<\/h2>\n\n\n\n<h3>Est-il possible de tester un monte-escalier Stannah avant de se d\u00e9cider ?<\/h3>\n\n\n\n<p>Oui. Avec plus de 35 000 Stannah install\u00e9s en France, Stannah dispose d\u2019un vaste r\u00e9seau de clients qui ont accept\u00e9 de faire essayer leur monte-escaliers. Pour essayer un monte escalier pr\u00e8s de chez vous,&nbsp;<a href=\"https:\/\/www.stannah.fr\/nous-contacter\/?utm_source=affiliation&amp;utm_medium=cpc&amp;utm_campaign=tousergo\">contactez directement le service Stannah<\/a>.<\/p>\n\n\n\n<h3>La visite d\u2019un conseiller Stannah est-elle gratuite ?<\/h3>\n\n\n\n<p>Oui. La visite d\u2019un conseiller technique Stannah est indispensable pour pouvoir \u00e9tablir un devis au plus juste, chaque escalier ayant ses propres sp\u00e9cificit\u00e9s. Cette visite est enti\u00e8rement gratuite et ne vous engage \u00e0 rien.<\/p>\n\n\n\n<h3>En combien de temps puis-je recevoir la visite d\u2019un conseiller Stannah ?<\/h3>\n\n\n\n<p>Si votre besoin d\u2019un monte-escalier est urgent, un conseiller Stannah peut se rendre chez vous dans les 24h.<\/p>\n\n\n\n<h3>Le devis est-il gratuit ?<\/h3>\n\n\n\n<p>Oui. Les devis Stannah sont enti\u00e8rement gratuit et sans engagement.&nbsp;<a href=\"https:\/\/www.stannah.fr\/nous-contacter\/?utm_source=affiliation&amp;utm_medium=cpc&amp;utm_campaign=tousergo\">Faire une demande de devis.<\/a><\/p>\n\n\n\n<figure class=\"wp-block-image\"><img loading=\"lazy\" width=\"1024\" height=\"768\" src=\"https:\/\/web.archive.org\/web\/20201027210225im_\/https:\/\/www.tousergo.com\/blog\/wp-content\/uploads\/2019\/05\/stannah-monte-escalier-manchester-1024x768.jpg\" alt=\"tous ergo stannah-monte-escalier-manchester\" class=\"wp-image-12321\" srcset=\"https:\/\/www.tousergo.com\/blog\/wp-content\/uploads\/2019\/05\/stannah-monte-escalier-manchester-1024x768.jpg 1024w, https:\/\/www.tousergo.com\/blog\/wp-content\/uploads\/2019\/05\/stannah-monte-escalier-manchester-300x225.jpg 300w, https:\/\/www.tousergo.com\/blog\/wp-content\/uploads\/2019\/05\/stannah-monte-escalier-manchester-768x576.jpg 768w, https:\/\/www.tousergo.com\/blog\/wp-content\/uploads\/2019\/05\/stannah-monte-escalier-manchester.jpg 2000w\" sizes=\"(max-width: 1024px) 100vw, 1024px\" \/><\/figure>\n\n\n\n<h2>Comment fonctionne un monte escaliers Stannah ?<\/h2>\n\n\n\n<h3>Etant donn\u00e9 que les monte escaliers sont motoris\u00e9s, sont-ils bruyants ?<\/h3>\n\n\n\n<p>Non. Le d\u00e9placement des monte-personnes produit donc un volume sonore minime. Le fonctionnement du moteur, sur batteries, vous assure \u00e9galement une grande discr\u00e9tion.<\/p>\n\n\n\n<h3>Mon p\u00e8re est tr\u00e8s grand et p\u00e8se 115 kg. Son gabarit lui permet-il de s\u2019\u00e9quiper d\u2019un monte-escalier Stannah ?<\/h3>\n\n\n\n<p>Oui. La charge maximum d\u2019un monte-escaliers Stannah peut aller jusqu\u2019\u00e0 135 kg, voir 160 kg sur certains mod\u00e8les.<\/p>\n\n\n\n<h3>Faut-il recharger les batteries des ascenseurs d\u2019escaliers ?<\/h3>\n\n\n\n<p>Non. Les batteries se rechargent automatiquement lorsque votre ascenseur d\u2019escalier s\u2019arr\u00eate, \u00e0 n\u2019importe quel endroit du rail droit et sur les points de charge du rail tournant.<\/p>\n\n\n\n<h3>Le si\u00e8ge est-il rabattable ?<\/h3>\n\n\n\n<p>Oui. Afin de rendre votre monte escalier aussi discret que possible, vous avez la possibilit\u00e9 de plier votre fauteuil tr\u00e8s facilement, permettant \u00e9galement d\u2019utiliser l\u2019escalier normalement.<\/p>\n\n\n\n<h3>Quelle est la vitesse d\u2019un monte escaliers ?<\/h3>\n\n\n\n<p>Les monte-escaliers Stannah ont \u00e9t\u00e9 sp\u00e9cialement con\u00e7us pour vous garantir une s\u00e9curit\u00e9 maximale. La vitesse du d\u00e9placement du fauteuil est donc limit\u00e9e \u00e0 0,11m par seconde.<\/p>\n\n\n\n<h3>Que se passe-t-il s\u2019il y a une coupure de courant alors que je suis assis sur la chaise monte-escalier ?<\/h3>\n\n\n\n<p>Gr\u00e2ce aux deux puissantes batteries int\u00e9gr\u00e9es au bloc-moteur, les chaises monte-escaliers continuent de fonctionner m\u00eame si le courant est interrompu.<\/p>\n\n\n\n<h3>Vos montes-escaliers n\u00e9cessitent-ils une alimentation \u00e9lectrique importante ? L\u2019utilisation d\u2019un escalier \u00e9lectrique consomme-t-elle beaucoup d\u2019\u00e9lectricit\u00e9 ?<\/h3>\n\n\n\n<p>Non. La ligne \u00e9lectrique standard de votre habitation (220 Volts) suffit \u00e0 alimenter le chargeur de batteries sur les si\u00e8ges montes-escaliers.<\/p>\n\n\n\n<p>Non. La consommation d\u2019\u00e9lectricit\u00e9 des si\u00e8ges monte-escalier n\u2019est effective que lors du rechargement de leurs batteries. En charge, cette consommation n\u2019est que de l\u2019ordre de 50 Watts.<\/p>\n\n\n\n<figure class=\"wp-block-image\"><img loading=\"lazy\" width=\"1024\" height=\"751\" src=\"https:\/\/web.archive.org\/web\/20201027210225im_\/https:\/\/www.tousergo.com\/blog\/wp-content\/uploads\/2019\/05\/assez-fauteuil-stannah-beau-68-nouveau-de-monte-escalier-stannah-prix-impressionnant-of-acorn-monte-escalier-avis-1024x751.jpg\" alt=\"Monte escalier stannah tous ergo\" class=\"wp-image-12193\" srcset=\"https:\/\/www.tousergo.com\/blog\/wp-content\/uploads\/2019\/05\/assez-fauteuil-stannah-beau-68-nouveau-de-monte-escalier-stannah-prix-impressionnant-of-acorn-monte-escalier-avis-1024x751.jpg 1024w, https:\/\/www.tousergo.com\/blog\/wp-content\/uploads\/2019\/05\/assez-fauteuil-stannah-beau-68-nouveau-de-monte-escalier-stannah-prix-impressionnant-of-acorn-monte-escalier-avis-300x220.jpg 300w, https:\/\/www.tousergo.com\/blog\/wp-content\/uploads\/2019\/05\/assez-fauteuil-stannah-beau-68-nouveau-de-monte-escalier-stannah-prix-impressionnant-of-acorn-monte-escalier-avis-768x563.jpg 768w, https:\/\/www.tousergo.com\/blog\/wp-content\/uploads\/2019\/05\/assez-fauteuil-stannah-beau-68-nouveau-de-monte-escalier-stannah-prix-impressionnant-of-acorn-monte-escalier-avis.jpg 1994w\" sizes=\"(max-width: 1024px) 100vw, 1024px\" \/><\/figure>\n\n\n\n<h2>Comment installer mon monte escaliers ?<\/h2>\n\n\n\n<h3>J\u2019habite une maison ancienne avec un vieil escalier en bois : puis-je installer un monte escalier \u00e9lectrique ?<\/h3>\n\n\n\n<p>Les produits Stannah s\u2019adaptent \u00e0 un grand nombre de contraintes d\u2019installation. Stannah saura trouver une solution afin de vous assurer adaptabilit\u00e9 et s\u00e9curit\u00e9 optimale.<\/p>\n\n\n\n<h3>En bas de mon escalier, il y a une porte\u2026 l\u2019installation d\u2019un fauteuil d\u2019escalier va-t-elle g\u00eaner l\u2019acc\u00e8s ?<\/h3>\n\n\n\n<p>Non. Dans le cas o\u00f9 le monte-escaliers arrive dans le passage d\u2019une porte ou d\u2019un couloir, Stannah propose, en option, la mise en place d\u2019un rail relevable \u00e9lectrique.<\/p>\n\n\n\n<h3>Mon mur sera-t-il ab\u00eem\u00e9 par l\u2019installation d\u2019un monte-escaliers ? De plus, mes murs sont peu solides (pl\u00e2tre). L\u2019installation d\u2019un monte escalier est-elle tout de m\u00eame possible ?<\/h3>\n\n\n\n<p>Non. Le rail sur lequel avance le monte escalier est fix\u00e9 sur les marches de votre escalier.&nbsp;L\u2019installation d\u2019un monte personne n\u2019endommagera donc en rien vos murs.<\/p>\n\n\n\n<p>Oui. Le rail sur lequel se d\u00e9place le si\u00e8ge est fix\u00e9 directement sur les marches de l\u2019escalier. Aucune fixation n\u2019est donc adoss\u00e9e au mur.<\/p>\n\n\n\n<h3>Mon escalier tournant a une configuration atypique. L\u2019installation d\u2019une chaise monte-escalier est-elle r\u00e9alisable ?<\/h3>\n\n\n\n<p>Oui. Le&nbsp;rail tournant est fabriqu\u00e9 sur mesure et \u00e0 la demande, pour s\u2019adapter \u00e0 tous les escaliers. Le bloc-moteur de la chaise monte-escalier est ainsi maintenu en deux points sur le rail guide pour plus de stabilit\u00e9 et de s\u00fbret\u00e9.<\/p>\n\n\n\n<h3>Mon escalier est tr\u00e8s \u00e9troit. Est-ce qu\u2019un si\u00e8ge \u00e9l\u00e9vateur peut quand m\u00eame y \u00eatre install\u00e9 ?<\/h3>\n\n\n\n<p>Oui. Il est pr\u00e9conis\u00e9 g\u00e9n\u00e9ralement une largeur d\u2019escalier minimale de l\u2019ordre de 70 cm.<\/p>\n\n\n\n<h3>L\u2019installation d\u2019un monte escalier n\u00e9cessite-t-elle des travaux pour s\u2019adapter \u00e0 mon escalier ?<\/h3>\n\n\n\n<p>Non. Les monte escaliers \u00e9lectriques Stannah se d\u00e9placent sur un rail fix\u00e9 directement sur les marches de votre escalier qui dans la plupart des cas ne requiert aucun am\u00e9nagement sp\u00e9cifique de votre part.<\/p>\n\n\n\n<h3>En combien de temps puis-je faire installer un escalier \u00e9lectrique Stannah ?<\/h3>\n\n\n\n<p>A r\u00e9ception de votre acompte, l\u2019installation d\u2019une chaise d\u2019escalier droit est g\u00e9n\u00e9ralement effectu\u00e9e dans les 3 semaines, dans les 6 semaines pour l\u2019installation d\u2019une chaise pour escalier tournant.<\/p>\n\n\n\n<div class=\"wp-block-image\"><figure class=\"aligncenter\"><img loading=\"lazy\" width=\"564\" height=\"418\" src=\"https:\/\/web.archive.org\/web\/20201027210225im_\/https:\/\/www.tousergo.com\/blog\/wp-content\/uploads\/2019\/05\/4f0be0a1a67f7698ce93f9a6358311e6.jpg\" alt=\"stannah tous ergo monte escalier\" class=\"wp-image-12215\" srcset=\"https:\/\/www.tousergo.com\/blog\/wp-content\/uploads\/2019\/05\/4f0be0a1a67f7698ce93f9a6358311e6.jpg 564w, https:\/\/www.tousergo.com\/blog\/wp-content\/uploads\/2019\/05\/4f0be0a1a67f7698ce93f9a6358311e6-300x222.jpg 300w\" sizes=\"(max-width: 564px) 100vw, 564px\" \/><\/figure><\/div>\n\n\n\n<h2>Le monte escalier est-il s\u00e9curis\u00e9 et garanti ?<\/h2>\n\n\n\n<h3>Les monte escaliers Stannah sont-ils \u00e9quip\u00e9s d\u2019une ceinture de s\u00e9curit\u00e9 ?<\/h3>\n\n\n\n<p>Oui. Il existe diff\u00e9rents mod\u00e8les de ceintures de s\u00e9curit\u00e9. Il existe \u00e9galement un syst\u00e8me de ceinture anti-d\u00e9marrage, qui bloque le d\u00e9part du monte-personne si la ceinture n\u2019est pas attach\u00e9e.<\/p>\n\n\n\n<h3>Le monte-escalier est-il s\u00fbr lorsque mes enfants et petit-enfants viennent me rendre visite ?<\/h3>\n\n\n\n<p>Oui. Vous avez la possibilit\u00e9 de privatiser l\u2019usage de votre si\u00e8ge monte escalier au moyen d\u2019une cl\u00e9 de contact amovible, indispensable au d\u00e9marrage du si\u00e8ge.<\/p>\n\n\n\n<h3>Que se passe-t-il apr\u00e8s la fin de p\u00e9riode de garantie de mon fauteuil ?<\/h3>\n\n\n\n<p>Apr\u00e8s les 2 ann\u00e9es de garantie, pi\u00e8ces, main d\u2019\u0153uvre et d\u00e9placements, vous avez la possibilit\u00e9 de souscrire \u00e0 des extensions de garantie, pour votre tranquillit\u00e9 d\u2019esprit \u00e0 long terme.<\/p>\n\n\n\n<p>N\u2019h\u00e9sitez pas \u00e0 visiter le site&nbsp;<a href=\"https:\/\/www.stannah.fr\">Stannah<\/a>&nbsp;si vous souhaitez plus de renseignements sur les monte escalier.<\/p>\n\n\n\n<p><\/p>\n\n\n\n<h2>Bonus : D\u00e9couvrez l\u2019\u00e9l\u00e9vateur int\u00e9rieur, l\u2019ascenseur privatif et la plateforme stairiser.<\/h2>\n\n\n\n<h3>L\u2019\u00e9l\u00e9vateur int\u00e9rieur stratum de Stannah<\/h3>\n\n\n\n<p><a href=\"https:\/\/www.stannah.fr\/ascenseurs\/ascenseur-particulier-salise\/\">L\u2019\u00e9l\u00e9vateur domestique&nbsp;Stratum<\/a>&nbsp;est con\u00e7u pour les&nbsp;personnes \u00e0 mobilit\u00e9 r\u00e9duite. Il est une aide consid\u00e9rable pour les personnes en&nbsp;fauteuil roulant.<br>Vous r\u00e9approprier vos espaces, red\u00e9couvrir le plein usage de votre habitation et de ses&nbsp;\u00e9tages. Il vous permet de profiter enti\u00e8rement de votre maison. De mani\u00e8re s\u00fbre, simple, silencieuse et en parfaite harmonie avec votre int\u00e9rieur.<br>Avec l\u2019\u00e9l\u00e9vateur particulier&nbsp;Stratum, votre maison vous appartient \u00e0 nouveau.<\/p>\n\n\n\n<div class=\"wp-block-image\"><figure class=\"aligncenter\"><img loading=\"lazy\" width=\"800\" height=\"450\" src=\"https:\/\/web.archive.org\/web\/20201027210225im_\/https:\/\/www.tousergo.com\/blog\/wp-content\/uploads\/2019\/05\/stratum-visuel-faible-encombrement-800x450.jpg\" alt=\"stannah tous ergo stratum\" class=\"wp-image-12235\" srcset=\"https:\/\/www.tousergo.com\/blog\/wp-content\/uploads\/2019\/05\/stratum-visuel-faible-encombrement-800x450.jpg 800w, https:\/\/www.tousergo.com\/blog\/wp-content\/uploads\/2019\/05\/stratum-visuel-faible-encombrement-800x450-300x169.jpg 300w, https:\/\/www.tousergo.com\/blog\/wp-content\/uploads\/2019\/05\/stratum-visuel-faible-encombrement-800x450-768x432.jpg 768w\" sizes=\"(max-width: 800px) 100vw, 800px\" \/><\/figure><\/div>\n\n\n\n<h3>L\u2019ascenseur privatif Salise<\/h3>\n\n\n\n<p>Avec l\u2019<a href=\"https:\/\/www.stannah.fr\/ascenseurs\/ascenseur-particulier-salise\/\">ascenseur pour particuliers\u00a0Salise<\/a>, tout est plus simple, parce qu\u2019il est suffisamment grand pour accueillir\u00a0deux personnes debout, mais suffisamment petit pour pouvoir \u00eatre\u00a0install\u00e9 pratiquement partout. Salise repr\u00e9sente une v\u00e9ritable \u00e9volution dans le monde des\u00a0ascenseurs domestiques. Il est en effet \u00e9quip\u00e9 d\u2019une structure\u00a0autoportante\u00a0et d\u2019un syst\u00e8me de\u00a0levage hydraulique. Il requiert ainsi un espace minimal, d\u2019environ un m\u00e8tre carr\u00e9, pour son\u00a0installation, c\u2019est un\u00a0mini-ascenseur privatif. Nul besoin de cage d\u2019ascenseur, parce que la\u00a0cabine\u00a0se d\u00e9place sur sa propre\u00a0structure\u00a0et laisse l\u2019espace inf\u00e9rieur enti\u00e8rement libre.<\/p>\n\n\n\n<div class=\"wp-block-image\"><figure class=\"aligncenter\"><a href=\"https:\/\/web.archive.org\/web\/20201027210225\/https:\/\/www.stannah.fr\/plates-formes-et-ascenseurs\/ascenseur-particulier-salise\/\"><img loading=\"lazy\" width=\"800\" height=\"450\" src=\"https:\/\/web.archive.org\/web\/20201027210225im_\/https:\/\/www.tousergo.com\/blog\/wp-content\/uploads\/2019\/05\/salise-visuel-faible-encombrement-800x450.jpg\" alt=\"stannah tous ergo salise\" class=\"wp-image-12239\" srcset=\"https:\/\/www.tousergo.com\/blog\/wp-content\/uploads\/2019\/05\/salise-visuel-faible-encombrement-800x450.jpg 800w, https:\/\/www.tousergo.com\/blog\/wp-content\/uploads\/2019\/05\/salise-visuel-faible-encombrement-800x450-300x169.jpg 300w, https:\/\/www.tousergo.com\/blog\/wp-content\/uploads\/2019\/05\/salise-visuel-faible-encombrement-800x450-768x432.jpg 768w\" sizes=\"(max-width: 800px) 100vw, 800px\" \/><\/a><\/figure><\/div>\n\n\n\n<hr class=\"wp-block-separator\"\/>\n\n\n\n<p class=\"has-background\" style=\"background-color:#fff3cd\">Pour plus de <strong><a href=\"https:\/\/www.tousergo.com\/besoin\/deplacement-autonomie-pmr\" target=\"_blank\" rel=\"noreferrer noopener\">conseils et astuces mobilit\u00e9<\/a><\/strong> :<\/p>\n\n\n\n<ul class=\"has-background\" style=\"background-color:#fff3cd\"><li><strong><a href=\"https:\/\/www.tousergo.com\/besoin\/deplacement-personne-agee\" target=\"_blank\" rel=\"noreferrer noopener\">D\u00e9placement du quotidien pour personnes \u00e2g\u00e9es et PMR<\/a><\/strong><\/li><li><strong><a href=\"https:\/\/www.tousergo.com\/besoin\/amenagement-maison-pmr\" target=\"_blank\" rel=\"noreferrer noopener\">Favoriser l&rsquo;am\u00e9nagement de la maison<\/a><\/strong><\/li><li><strong><a href=\"https:\/\/www.tousergo.com\/besoin\/transport-exterieur-pmr\" target=\"_blank\" rel=\"noreferrer noopener\">D\u00e9placement ext\u00e9rieur et transport des personnes \u00e2g\u00e9es et PMR<\/a><\/strong><\/li><\/ul>\n\n\n","protected":false},"excerpt":{"rendered":"<p class=\"u-txt-sm u-txt-dark u-d-desktop u-w-100\">En 2018, l\u2019hexagone comptait plus de 35 millions de logements, une hausse de 10 millions par rapport aux 25 millions...<\/p>\n<button class=\"c-btn--unstyled u-font-weight-bold u-txt-primary u-txt-sm\">\n\t\t\tLire l\u2019article\n\t\t\t<span class=\"c-icon--24 u-ml-1\"><img src=\"https:\/\/www.tousergo.com\/blog\/wp-content\/themes\/tousergo\/img\/icons\/arrow-right-circle-fill.svg\" alt=\"\"><\/span>\n\t<\/button>","protected":false},"author":17,"featured_media":15627,"comment_status":"open","ping_status":"open","sticky":false,"template":"","format":"standard","meta":[],"categories":[16,20,8,2],"tags":[],"yoast_head":"<!-- This site is optimized with the Yoast SEO plugin v15.7 - https:\/\/yoast.com\/wordpress\/plugins\/seo\/ -->\n<title>Le monte escaliers : on r\u00e9pond \u00e0 vos questions ! - Blog Tous ergo<\/title>\n<meta name=\"robots\" content=\"index, follow, max-snippet:-1, max-image-preview:large, max-video-preview:-1\" \/>\n<link rel=\"canonical\" href=\"https:\/\/www.tousergo.com\/blog\/le-monte-escaliers-stannah\/\" \/>\n<meta property=\"og:locale\" content=\"fr_FR\" \/>\n<meta property=\"og:type\" content=\"article\" \/>\n<meta property=\"og:title\" content=\"Le monte escaliers : on r\u00e9pond \u00e0 vos questions ! - Blog Tous ergo\" \/>\n<meta property=\"og:description\" content=\"En 2018, l\u2019hexagone comptait plus de 35 millions de logements, une hausse de 10 millions par rapport aux 25 millions\" \/>\n<meta property=\"og:url\" content=\"https:\/\/www.tousergo.com\/blog\/le-monte-escaliers-stannah\/\" \/>\n<meta property=\"og:site_name\" content=\"Blog Tous ergo\" \/>\n<meta property=\"article:publisher\" content=\"https:\/\/www.facebook.com\/tousergo\/\" \/>\n<meta property=\"article:published_time\" content=\"2019-05-03T12:59:00+00:00\" \/>\n<meta property=\"article:modified_time\" content=\"2025-02-11T09:03:04+00:00\" \/>\n<meta property=\"og:image\" content=\"https:\/\/www.tousergo.com\/blog\/wp-content\/uploads\/2021\/03\/monte-escalier-stannah.jpg\" \/>\n\t<meta property=\"og:image:width\" content=\"1000\" \/>\n\t<meta property=\"og:image:height\" content=\"552\" \/>\n<meta name=\"twitter:card\" content=\"summary_large_image\" \/>\n<meta name=\"twitter:creator\" content=\"@tousergo\" \/>\n<meta name=\"twitter:site\" content=\"@tousergo\" \/>\n<meta name=\"twitter:label1\" content=\"Dur\u00e9e de lecture est.\">\n\t<meta name=\"twitter:data1\" content=\"8 minutes\">\n<script type=\"application\/ld+json\" class=\"yoast-schema-graph\">{\"@context\":\"https:\/\/schema.org\",\"@graph\":[{\"@type\":\"WebSite\",\"@id\":\"https:\/\/www.tousergo.com\/blog\/#website\",\"url\":\"https:\/\/www.tousergo.com\/blog\/\",\"name\":\"Blog Tous ergo\",\"description\":\"Toutes les solutions pour l&#039;autonomie \\u00e0 domicile\",\"potentialAction\":[{\"@type\":\"SearchAction\",\"target\":\"https:\/\/www.tousergo.com\/blog\/?s={search_term_string}\",\"query-input\":\"required name=search_term_string\"}],\"inLanguage\":\"fr-FR\"},{\"@type\":\"ImageObject\",\"@id\":\"https:\/\/www.tousergo.com\/blog\/le-monte-escaliers-stannah\/#primaryimage\",\"inLanguage\":\"fr-FR\",\"url\":\"https:\/\/www.tousergo.com\/blog\/wp-content\/uploads\/2021\/03\/monte-escalier-stannah.jpg\",\"width\":1000,\"height\":552},{\"@type\":\"WebPage\",\"@id\":\"https:\/\/www.tousergo.com\/blog\/le-monte-escaliers-stannah\/#webpage\",\"url\":\"https:\/\/www.tousergo.com\/blog\/le-monte-escaliers-stannah\/\",\"name\":\"Le monte escaliers : on r\\u00e9pond \\u00e0 vos questions ! - Blog Tous ergo\",\"isPartOf\":{\"@id\":\"https:\/\/www.tousergo.com\/blog\/#website\"},\"primaryImageOfPage\":{\"@id\":\"https:\/\/www.tousergo.com\/blog\/le-monte-escaliers-stannah\/#primaryimage\"},\"datePublished\":\"2019-05-03T12:59:00+00:00\",\"dateModified\":\"2025-02-11T09:03:04+00:00\",\"author\":{\"@id\":\"https:\/\/www.tousergo.com\/blog\/#\/schema\/person\/f858847cbed5e0801ced600f19f99bbc\"},\"breadcrumb\":{\"@id\":\"https:\/\/www.tousergo.com\/blog\/le-monte-escaliers-stannah\/#breadcrumb\"},\"inLanguage\":\"fr-FR\",\"potentialAction\":[{\"@type\":\"ReadAction\",\"target\":[\"https:\/\/www.tousergo.com\/blog\/le-monte-escaliers-stannah\/\"]}]},{\"@type\":\"BreadcrumbList\",\"@id\":\"https:\/\/www.tousergo.com\/blog\/le-monte-escaliers-stannah\/#breadcrumb\",\"itemListElement\":[{\"@type\":\"ListItem\",\"position\":1,\"item\":{\"@type\":\"WebPage\",\"@id\":\"https:\/\/www.tousergo.com\/blog\/\",\"url\":\"https:\/\/www.tousergo.com\/blog\/\",\"name\":\"Accueil\"}},{\"@type\":\"ListItem\",\"position\":2,\"item\":{\"@type\":\"WebPage\",\"@id\":\"https:\/\/www.tousergo.com\/blog\/le-monte-escaliers-stannah\/\",\"url\":\"https:\/\/www.tousergo.com\/blog\/le-monte-escaliers-stannah\/\",\"name\":\"Le monte escaliers : on r\\u00e9pond \\u00e0 vos questions !\"}}]},{\"@type\":\"Person\",\"@id\":\"https:\/\/www.tousergo.com\/blog\/#\/schema\/person\/f858847cbed5e0801ced600f19f99bbc\",\"name\":\"Pierre\",\"image\":{\"@type\":\"ImageObject\",\"@id\":\"https:\/\/www.tousergo.com\/blog\/#personlogo\",\"inLanguage\":\"fr-FR\",\"url\":\"https:\/\/secure.gravatar.com\/avatar\/5745660ea2f7064a21147d8ae951ed98?s=96&d=mm&r=g\",\"caption\":\"Pierre\"},\"description\":\"Bonjour, je suis Pierre, expert en am\\u00e9nagement ergonomique chez TOUS ERGO. Sp\\u00e9cialis\\u00e9 dans l\\u2019adaptation du logement pour les seniors et les personnes en situation de handicap, je d\\u00e9crypte pour vous les meilleures solutions pour rester autonome chez soi le plus longtemps possible. Mon engagement : vous apporter une information technique, pr\\u00e9cise et sans compromis sur la qualit\\u00e9.\"}]}<\/script>\n<!-- \/ Yoast SEO plugin. -->","_links":{"self":[{"href":"https:\/\/www.tousergo.com\/blog\/wp-json\/wp\/v2\/posts\/15626"}],"collection":[{"href":"https:\/\/www.tousergo.com\/blog\/wp-json\/wp\/v2\/posts"}],"about":[{"href":"https:\/\/www.tousergo.com\/blog\/wp-json\/wp\/v2\/types\/post"}],"author":[{"embeddable":true,"href":"https:\/\/www.tousergo.com\/blog\/wp-json\/wp\/v2\/users\/17"}],"replies":[{"embeddable":true,"href":"https:\/\/www.tousergo.com\/blog\/wp-json\/wp\/v2\/comments?post=15626"}],"version-history":[{"count":7,"href":"https:\/\/www.tousergo.com\/blog\/wp-json\/wp\/v2\/posts\/15626\/revisions"}],"predecessor-version":[{"id":20273,"href":"https:\/\/www.tousergo.com\/blog\/wp-json\/wp\/v2\/posts\/15626\/revisions\/20273"}],"wp:featuredmedia":[{"embeddable":true,"href":"https:\/\/www.tousergo.com\/blog\/wp-json\/wp\/v2\/media\/15627"}],"wp:attachment":[{"href":"https:\/\/www.tousergo.com\/blog\/wp-json\/wp\/v2\/media?parent=15626"}],"wp:term":[{"taxonomy":"category","embeddable":true,"href":"https:\/\/www.tousergo.com\/blog\/wp-json\/wp\/v2\/categories?post=15626"},{"taxonomy":"post_tag","embeddable":true,"href":"https:\/\/www.tousergo.com\/blog\/wp-json\/wp\/v2\/tags?post=15626"}],"curies":[{"name":"wp","href":"https:\/\/api.w.org\/{rel}","templated":true}]}}