{"id":18950,"date":"2022-05-16T16:15:20","date_gmt":"2022-05-16T14:15:20","guid":{"rendered":"https:\/\/www.tousergo.com\/blog\/?p=18950"},"modified":"2022-05-16T16:27:23","modified_gmt":"2022-05-16T14:27:23","slug":"voyager-avec-handicap-vacances-conseils","status":"publish","type":"post","link":"https:\/\/www.tousergo.com\/blog\/voyager-avec-handicap-vacances-conseils\/","title":{"rendered":"Voyager avec un handicap : nos conseils"},"content":{"rendered":"\n<p>Voyager avec un handicap n\u2019est pas toujours facile. Aujourd\u2019hui encore, beaucoup de personnes handicap\u00e9es, notamment en <a href=\"https:\/\/www.tousergo.com\/287-fauteuil-roulant-manuel\" target=\"_blank\" rel=\"noreferrer noopener\">fauteuil roulant<\/a>, renoncent \u00e0 partir en vacances devant les difficult\u00e9s rencontr\u00e9es.<\/p>\n\n\n\n<p>Malgr\u00e9 mon handicap lourd, qui m\u2019oblige \u00e0 utiliser un <a href=\"https:\/\/www.tousergo.com\/927-fauteuil-roulant-electrique\" target=\"_blank\" rel=\"noreferrer noopener\">fauteuil \u00e9lectrique<\/a> imposant et de respirer \u00e0 l\u2019aide d\u2019une machine, je voyage r\u00e9guli\u00e8rement. Et ce en France et \u00e0 l\u2019\u00e9tranger, m\u00eame si cela rel\u00e8ve parfois du challenge. J\u2019ai beaucoup de voyages \u00e0 mon actif.  J\u2019ai eu l\u2019occasion de d\u00e9couvrir la plupart des pays d\u2019Europe, la Tunisie et les Etats-Unis.<\/p>\n\n\n\n<p>Cet \u00e9t\u00e9 je me lance dans une nouvelle aventure\u00a0: le Portugal\u00a0! Je pars 1 semaine \u00e0 Lisbonne d\u00e9but Juillet, accompagn\u00e9 de deux de mes auxiliaires de vie. L\u2019objectif de cet article est de vous partager les nombreux pr\u00e9paratifs de ce voyage. Et aussi de vous donner quelques conseils pour des vacances r\u00e9ussies avec un handicap.<\/p>\n\n\n\n<h2><strong><span style=\"color:#196eb6\" class=\"tadv-color\"><span style=\"background-color:#ddf1ff\" class=\"tadv-background-color\">PMR : 3 cl\u00e9s pour bien voyager <\/span><\/span><\/strong><\/h2>\n\n\n\n<h3 class=\"has-text-color\" style=\"color:#196eb6\">1. A<strong>nticipation<\/strong><\/h3>\n\n\n\n<div class=\"wp-block-image\"><figure class=\"alignleft size-large is-resized\"><img loading=\"lazy\" src=\"https:\/\/www.tousergo.com\/blog\/wp-content\/uploads\/2022\/05\/handicap-et-travail.jpg\" alt=\"\" class=\"wp-image-18965\" width=\"475\" height=\"475\" srcset=\"https:\/\/www.tousergo.com\/blog\/wp-content\/uploads\/2022\/05\/handicap-et-travail.jpg 1000w, https:\/\/www.tousergo.com\/blog\/wp-content\/uploads\/2022\/05\/handicap-et-travail-300x300.jpg 300w, https:\/\/www.tousergo.com\/blog\/wp-content\/uploads\/2022\/05\/handicap-et-travail-150x150.jpg 150w, https:\/\/www.tousergo.com\/blog\/wp-content\/uploads\/2022\/05\/handicap-et-travail-768x768.jpg 768w\" sizes=\"(max-width: 475px) 100vw, 475px\" \/><\/figure><\/div>\n\n\n\n<p>Lorsqu\u2019on souhaite voyager et que l\u2019on a des besoins sp\u00e9cifiques, la cl\u00e9 est l\u2019anticipation. J\u2019ai commenc\u00e9 \u00e0 organiser mon voyage au Portugal \u00e0 partir de janvier 2022, soit 6 mois \u00e0 l\u2019avance. Cela laisse suffisamment de temps pour s\u2019organiser et trouver des solutions pour r\u00e9pondre \u00e0 ses besoins. Avant de choisir sa destination, il est recommand\u00e9 de se renseigner sur l\u2019accessibilit\u00e9 aux personnes handicap\u00e9es. Pour cela je vous conseille de consulter les blogs de voyageurs handicap\u00e9s qui partagent leurs exp\u00e9riences ! Notamment le site <a href=\"https:\/\/handilol.com\" target=\"_blank\" rel=\"noreferrer noopener\">Handilol<\/a>, r\u00e9alis\u00e9 par 2 fr\u00e8res dont l\u2019un est en fauteuil, avec pleins d\u2019informations fiables et utiles. J\u2019ai choisi Lisbonne sur leurs conseils, et je sais d\u00e9j\u00e0 \u00e0 quoi m\u2019attendre avant d\u2019arriver sur place.<\/p>\n\n\n\n<p>Dans mon cas, je d\u00e9pends d\u2019une tierce personne 24h\u00a0\/ 24, je dois donc trouver un aidant pour m\u2019accompagner. Et pour partir une semaine, il me faut non pas 1 mais 2 personnes. Car cela serait trop fatiguant pour une personne de tout g\u00e9rer sur cette dur\u00e9e. Je vais donc partir au Portugal avec 2 de mes auxiliaires de vie, qui \u00e9taient disponibles et volontaires pour m\u2019accompagner. Cela signifie que je dois aussi r\u00e9server le train et les h\u00f4tels pour ces personnes-l\u00e0, et prendre \u00e0 ma charge l\u2019ensemble de ces frais.<\/p>\n\n\n\n<h3 class=\"has-text-color\" style=\"color:#196eb6\">2. Organisation des vacances<\/h3>\n\n\n\n<p>Je vous conseille aussi d\u2019\u00eatre m\u00e9thodique dans l\u2019organisation de votre voyage, en proc\u00e9dant dans l\u2019ordre suivant. <\/p>\n\n\n\n<p>Apr\u00e8s vous \u00eatre renseign\u00e9s sur la destination choisie, je vous conseille de vous occuper du transport pour vous rendre sur votre lieu de vacances et une fois sur place. Une fois que vous \u00eates s\u00fbr que le transport sera adapt\u00e9, vous pouvez r\u00e9server. Le mieux est de le faire au moins 3 mois avant le d\u00e9but du voyage, c\u2019est un minimum. <\/p>\n\n\n\n<p>Une fois cette \u00e9tape r\u00e9alis\u00e9e, vous pouvez chercher un h\u00e9bergement sur place. Soyez l\u00e0 aussi vigilant sur les \u00e9tablissements h\u00f4teliers ou les logements, en s\u2019assurant que ce sera adapt\u00e9 \u00e0 votre handicap. Il ne faut vraiment pas h\u00e9siter \u00e0 demander des renseignements et des photos. Cela peut vous \u00e9viter bien des d\u00e9convenues une fois sur place. D\u2019autant plus que les h\u00e9bergements adapt\u00e9s ne sont pas si nombreux. Je vous conseille de r\u00e9server l\u2019h\u00e9bergement au moins 3 mois \u00e0 l\u2019avance, comme pour les transports.<\/p>\n\n\n\n<h3 class=\"has-text-color\" style=\"color:#196eb6\">3. Pr\u00e9voir un budget<\/h3>\n\n\n\n<p>Un conseil aussi, faites bien attention au budget\u00a0! Avec un handicap, voyager repr\u00e9sente souvent un surco\u00fbt. Notamment au niveau des h\u00e9bergements, car les \u00e9tablissements accessibles sont en g\u00e9n\u00e9ral plus r\u00e9cents et plus haut de gamme.<\/p>\n\n\n\n<h2><strong><span style=\"color:#196eb6\" class=\"tadv-color\"><span style=\"background-color:#ddf1ff\" class=\"tadv-background-color\">O\u00f9 trouver les bonnes informations\u00a0: transport, h\u00e9bergement, visites sur places<\/span><\/span><\/strong><\/h2>\n\n\n\n<h3 class=\"has-text-color\" style=\"color:#196eb6\">Trajet et transport PMR <\/h3>\n\n\n\n<div class=\"wp-block-image\"><figure class=\"alignright size-large is-resized\"><img loading=\"lazy\" src=\"https:\/\/www.tousergo.com\/blog\/wp-content\/uploads\/2022\/05\/itineraire.gif\" alt=\"voyager-vacances-pmr-handicap-transport-fauteuil-roulant-tous-ergo\" class=\"wp-image-18958\" width=\"511\" height=\"511\"\/><\/figure><\/div>\n\n\n\n<p>Avec un handicap, la premi\u00e8re chose dont il faut s\u2019occuper, c\u2019est les transports. Dans mon cas, ma principale difficult\u00e9 est que je ne peux pas, ou tr\u00e8s difficilement prendre l\u2019avion. Je dois trouver une autre solution. <\/p>\n\n\n\n<p>J\u2019ai donc opt\u00e9 pour une solution mixte. Je vais prendre le train de Lyon, o\u00f9 j\u2019habite, jusqu\u2019\u00e0 Madrid. Puis je vais louer une voiture am\u00e9nag\u00e9e et faire la route jusqu\u2019\u00e0 Lisbonne. En France et en Espagne, les trains \u00e0 grande vitesse sont tr\u00e8s d\u00e9velopp\u00e9s et adapt\u00e9s aux personnes en fauteuil roulant. Ce qui n\u2019est quasiment pas le cas au Portugal. <\/p>\n\n\n\n<p>J\u2019ai eu un peu plus de difficult\u00e9s \u00e0 trouver un v\u00e9hicule adapt\u00e9 pour mon fauteuil roulant \u00e9lectrique. Car les loueurs internationaux ne proposent pas ce type de v\u00e9hicule. Il a donc fallu trouver des soci\u00e9t\u00e9s sp\u00e9cialis\u00e9es, qui ne communique qu\u2019en Anglais ou Espagnol. J\u2019ai donc lou\u00e9 un utilitaire pour 1 semaine, mais cela repr\u00e9sente un budget important. Toutes les personnes handicap\u00e9es ne peuvent pas se le permettre.<\/p>\n\n\n\n<div class=\"wp-block-buttons\">\n<div class=\"wp-block-button\"><a class=\"wp-block-button__link has-background\" href=\"https:\/\/www.tousergo.com\/33-accessoires-voiture\" style=\"background-color:#196eb6\" target=\"_blank\" rel=\"noreferrer noopener\"><strong>Tous nos accessoires voiture pour un trajet en s\u00e9curit\u00e9 et confort !<\/strong><\/a><\/div>\n<\/div>\n\n\n\n<div style=\"height:11px\" aria-hidden=\"true\" class=\"wp-block-spacer\"><\/div>\n\n\n\n<h3 class=\"has-text-color\" style=\"color:#196eb6\">Voyage et h\u00e9bergements PMR<\/h3>\n\n\n\n<p>Pour les h\u00e9bergements, je me suis mis en recherche d\u00e8s le mois de f\u00e9vrier, une fois la question du transport r\u00e9solue. J\u2019ai opt\u00e9 pour la solution h\u00f4tel, en cherchant des \u00e9tablissements du groupe ACCOR. Ils ont les m\u00eame standards d\u2019accessibilit\u00e9 partout en Europe. Cela fait de nombreuses ann\u00e9es que je voyage dans leurs cha\u00eenes d\u2019h\u00f4tels et je n\u2019ai jamais eu de mauvaises surprises. Bien entendu je prends soin de bien r\u00e9server des chambres adapt\u00e9es en contactant les \u00e9tablissements au pr\u00e9alable. J\u2019ai donc r\u00e9serv\u00e9 2 chambres dont 1 adapt\u00e9e PMR, \u00e0 Lisbonne et \u00e0 Madrid o\u00f9 je fais escale.<\/p>\n\n\n\n<p>Je vous recommande d\u2019utiliser la solution d\u00e9velopp\u00e9e par <a href=\"https:\/\/www.tousergo.com\/blog\/mobee-travel-mobilite-vacances-accessibles\/\" target=\"_blank\" rel=\"noreferrer noopener\">MOBEE TRAVEL<\/a>. Une plateforme en ligne pour la r\u00e9servation de logements adapt\u00e9s et accessibles, et bien plus encore. Il suffit de pr\u00e9ciser vos besoins dans un court formulaire sur leur site web, et un conseiller vous rappelle.<\/p>\n\n\n\n<p>Pour ce qui est des visites et des activit\u00e9s sur place, je vous conseille de vous renseigner \u00e0 l\u2019avance sur l\u2019accessibilit\u00e9. Faites vos recherches sur internet ou en contactant les \u00e9tablissements. L\u00e0 encore, il peut \u00eatre utile d\u2019aller sur les blogs de voyageurs en situation de handicap. Il y en a de plus en plus et les informations qu&rsquo;ils partagent sont pertinentes. G\u00e9n\u00e9ralement, je me renseigne sur les activit\u00e9s sur place 1 \u00e0 2 mois avant le voyage, c\u2019est suffisant. Pour le Portugal, je viens \u00e0 peine de commencer \u00e0 me renseigner. Je m\u2019organise en g\u00e9n\u00e9ral un peu \u00e0 la derni\u00e8re minute, sans \u00e9tablir de programme pr\u00e9cis. Ce sont des vacances !<\/p>\n\n\n\n<h2><span style=\"color:#196eb6\" class=\"tadv-color\"><span style=\"background-color:#ddf1ff\" class=\"tadv-background-color\"><strong>Des progr\u00e8s notables\u2026mais des obstacles persistants<\/strong> pour voyager<\/span><\/span><\/h2>\n\n\n\n<p>Ces 10 derni\u00e8res ann\u00e9es, le tourisme pour les personnes en situation de handicap s\u2019est bien d\u00e9velopp\u00e9. Notamment avec les progr\u00e8s dans l\u2019accessibilit\u00e9 des villes. Depuis que je voyage, je vois de plus en plus de fauteuils roulants dans les gares et les a\u00e9roports. Ainsi que sur les sites touristiques.<\/p>\n\n\n\n<p>Je pense que l\u2019accessibilit\u00e9 a progress\u00e9, du moins en Europe comme en France. Je trouve aussi qu\u2019il est plus facile de trouver des informations sur les voyages adapt\u00e9s. Beaucoup de services se sont d\u00e9velopp\u00e9s pour r\u00e9pondre aux besoins sp\u00e9cifiques des personnes handicap\u00e9es.<\/p>\n\n\n\n<p>Malgr\u00e9 tout, de nombreux obstacles persistent. Cela demande toujours beaucoup de temps et d\u2019organisation pour voyager avec un handicap, notamment avec un fauteuil roulant. Je pense que cela d\u00e9courage encore trop de personnes. M\u00eame s\u2019il y a eu des progr\u00e8s, trouver toutes les informations sur l\u2019accessibilit\u00e9 n\u2019est pas toujours simple. Cela d\u00e9pend beaucoup des pays. \u00c9galement, voyager avec un handicap peut repr\u00e9senter un surco\u00fbt tr\u00e8s important. Beaucoup de personnes ne peuvent partir faute de moyens suffisants.<\/p>\n\n\n\n<h2 class=\"has-text-color\" style=\"color:#196eb6\"><span style=\"background-color:#ddf1ff\" class=\"tadv-background-color\">Sautez le pas, osez voyager !<\/span><\/h2>\n\n\n\n<p>J\u2019esp\u00e8re que cet article vous aura donn\u00e9 l\u2019envie de voyager ! Malgr\u00e9 les difficult\u00e9s que vous pourrez rencontrer dans l\u2019organisation de vos vacances&#8230;  J&rsquo;esp\u00e8re aussi que vous repartez avec quelques cl\u00e9s pour vous faciliter la vie.<\/p>\n\n\n\n<p>Aussi, l\u2019objectif de mon voyage au Portugal est d\u2019aider d\u2019autres personnes handicap\u00e9es \u00e0 se rendre dans ce beau pays. J&rsquo;aimerais sensibiliser le grand public aux difficult\u00e9s li\u00e9es au handicap pour voyager. J\u2019ai vraiment h\u00e2te de partir \u00e0 Lisbonne, depuis tout le temps que j\u2019entends parler de cette magnifique ville. J\u2019esp\u00e8re aussi pouvoir vous raconter cette aventure dans quelques mois et vous donner quelques conseils si vous souhaitez vous y rendre.<\/p>\n\n\n\n<p>J\u2019ai un r\u00eave\u00a0: celui qu\u2019un jour, toutes les personnes, notamment celles en situation de handicap, puissent voyager. Qu&rsquo;elles puissent d\u00e9couvrir le monde et s\u2019enrichir d\u2019autres cultures.<\/p>\n\n\n\n<hr class=\"wp-block-separator\"\/>\n\n\n\n<p class=\"has-background\" style=\"background-color:#fff3bf\">Sur le m\u00eame sujet&#8230;<\/p>\n\n\n\n<ul class=\"has-background\" style=\"background-color:#fff3bf\"><li><strong><a href=\"https:\/\/www.tousergo.com\/blog\/vacances-pmr-handicap\/\" target=\"_blank\" rel=\"noreferrer noopener\">Vacances et PMR : comment s\u2019y prendre ?<\/a><\/strong><\/li><li><strong><a href=\"https:\/\/www.tousergo.com\/blog\/mobee-travel-mobilite-vacances-accessibles\/\" target=\"_blank\" rel=\"noreferrer noopener\">Mobee travel, des vacances accessibles pour tous !<\/a><\/strong><\/li><li><strong><a href=\"https:\/\/www.tousergo.com\/blog\/confort-voiture-trajet-vacances\/\" target=\"_blank\" rel=\"noreferrer noopener\">Les 15 solutions pour am\u00e9liorer le confort en voiture<\/a><\/strong><\/li><li><strong><a href=\"https:\/\/www.tousergo.com\/blog\/aidants-solutions-vacances-repit\/\" target=\"_blank\" rel=\"noreferrer noopener\">Aidant familial : Des solutions pour partir en vacances<\/a><\/strong><\/li><\/ul>\n","protected":false},"excerpt":{"rendered":"<p class=\"u-txt-sm u-txt-dark u-d-desktop u-w-100\">Voyager avec un handicap n\u2019est pas toujours facile. Aujourd\u2019hui encore, beaucoup de personnes handicap\u00e9es, notamment en fauteuil roulant, renoncent \u00e0...<\/p>\n<button class=\"c-btn--unstyled u-font-weight-bold u-txt-primary u-txt-sm\">\n\t\t\tLire l\u2019article\n\t\t\t<span class=\"c-icon--24 u-ml-1\"><img src=\"https:\/\/www.tousergo.com\/blog\/wp-content\/themes\/tousergo\/img\/icons\/arrow-right-circle-fill.svg\" alt=\"\"><\/span>\n\t<\/button>","protected":false},"author":22,"featured_media":18964,"comment_status":"open","ping_status":"open","sticky":false,"template":"","format":"standard","meta":[],"categories":[16,2],"tags":[],"yoast_head":"<!-- This site is optimized with the Yoast SEO plugin v15.7 - https:\/\/yoast.com\/wordpress\/plugins\/seo\/ -->\n<title>Voyager avec un handicap : nos conseils - Blog Tous ergo<\/title>\n<meta name=\"description\" content=\"Voyager, partir en vacances, d\u00e9couvrir des pays... Ce n&#039;est pas toujours facile lorsque l&#039;on est handicap\u00e9. D\u00e9couvrez nos conseils !\" \/>\n<meta name=\"robots\" content=\"index, follow, max-snippet:-1, max-image-preview:large, max-video-preview:-1\" \/>\n<link rel=\"canonical\" href=\"https:\/\/www.tousergo.com\/blog\/voyager-avec-handicap-vacances-conseils\/\" \/>\n<meta property=\"og:locale\" content=\"fr_FR\" \/>\n<meta property=\"og:type\" content=\"article\" \/>\n<meta property=\"og:title\" content=\"Voyager avec un handicap : nos conseils - Blog Tous ergo\" \/>\n<meta property=\"og:description\" content=\"Voyager, partir en vacances, d\u00e9couvrir des pays... Ce n&#039;est pas toujours facile lorsque l&#039;on est handicap\u00e9. D\u00e9couvrez nos conseils !\" \/>\n<meta property=\"og:url\" content=\"https:\/\/www.tousergo.com\/blog\/voyager-avec-handicap-vacances-conseils\/\" \/>\n<meta property=\"og:site_name\" content=\"Blog Tous ergo\" \/>\n<meta property=\"article:publisher\" content=\"https:\/\/www.facebook.com\/tousergo\/\" \/>\n<meta property=\"article:published_time\" content=\"2022-05-16T14:15:20+00:00\" \/>\n<meta property=\"article:modified_time\" content=\"2022-05-16T14:27:23+00:00\" \/>\n<meta property=\"og:image\" content=\"https:\/\/www.tousergo.com\/blog\/wp-content\/uploads\/2022\/05\/voyage-pmr-scaled.jpg\" \/>\n\t<meta property=\"og:image:width\" content=\"2560\" \/>\n\t<meta property=\"og:image:height\" content=\"1413\" \/>\n<meta name=\"twitter:card\" content=\"summary_large_image\" \/>\n<meta name=\"twitter:creator\" content=\"@tousergo\" \/>\n<meta name=\"twitter:site\" content=\"@tousergo\" \/>\n<meta name=\"twitter:label1\" content=\"Dur\u00e9e de lecture est.\">\n\t<meta name=\"twitter:data1\" content=\"7 minutes\">\n<script type=\"application\/ld+json\" class=\"yoast-schema-graph\">{\"@context\":\"https:\/\/schema.org\",\"@graph\":[{\"@type\":\"WebSite\",\"@id\":\"https:\/\/www.tousergo.com\/blog\/#website\",\"url\":\"https:\/\/www.tousergo.com\/blog\/\",\"name\":\"Blog Tous ergo\",\"description\":\"Toutes les solutions pour l&#039;autonomie \\u00e0 domicile\",\"potentialAction\":[{\"@type\":\"SearchAction\",\"target\":\"https:\/\/www.tousergo.com\/blog\/?s={search_term_string}\",\"query-input\":\"required name=search_term_string\"}],\"inLanguage\":\"fr-FR\"},{\"@type\":\"ImageObject\",\"@id\":\"https:\/\/www.tousergo.com\/blog\/voyager-avec-handicap-vacances-conseils\/#primaryimage\",\"inLanguage\":\"fr-FR\",\"url\":\"https:\/\/www.tousergo.com\/blog\/wp-content\/uploads\/2022\/05\/voyage-pmr-scaled.jpg\",\"width\":2560,\"height\":1413,\"caption\":\"voyager-vacances-pmr-handicap-transport-fauteuil-roulant-tous-ergo\"},{\"@type\":\"WebPage\",\"@id\":\"https:\/\/www.tousergo.com\/blog\/voyager-avec-handicap-vacances-conseils\/#webpage\",\"url\":\"https:\/\/www.tousergo.com\/blog\/voyager-avec-handicap-vacances-conseils\/\",\"name\":\"Voyager avec un handicap : nos conseils - Blog Tous ergo\",\"isPartOf\":{\"@id\":\"https:\/\/www.tousergo.com\/blog\/#website\"},\"primaryImageOfPage\":{\"@id\":\"https:\/\/www.tousergo.com\/blog\/voyager-avec-handicap-vacances-conseils\/#primaryimage\"},\"datePublished\":\"2022-05-16T14:15:20+00:00\",\"dateModified\":\"2022-05-16T14:27:23+00:00\",\"author\":{\"@id\":\"https:\/\/www.tousergo.com\/blog\/#\/schema\/person\/f0ebe451cdeea88628d72bf6579f0643\"},\"description\":\"Voyager, partir en vacances, d\\u00e9couvrir des pays... Ce n'est pas toujours facile lorsque l'on est handicap\\u00e9. D\\u00e9couvrez nos conseils !\",\"breadcrumb\":{\"@id\":\"https:\/\/www.tousergo.com\/blog\/voyager-avec-handicap-vacances-conseils\/#breadcrumb\"},\"inLanguage\":\"fr-FR\",\"potentialAction\":[{\"@type\":\"ReadAction\",\"target\":[\"https:\/\/www.tousergo.com\/blog\/voyager-avec-handicap-vacances-conseils\/\"]}]},{\"@type\":\"BreadcrumbList\",\"@id\":\"https:\/\/www.tousergo.com\/blog\/voyager-avec-handicap-vacances-conseils\/#breadcrumb\",\"itemListElement\":[{\"@type\":\"ListItem\",\"position\":1,\"item\":{\"@type\":\"WebPage\",\"@id\":\"https:\/\/www.tousergo.com\/blog\/\",\"url\":\"https:\/\/www.tousergo.com\/blog\/\",\"name\":\"Accueil\"}},{\"@type\":\"ListItem\",\"position\":2,\"item\":{\"@type\":\"WebPage\",\"@id\":\"https:\/\/www.tousergo.com\/blog\/voyager-avec-handicap-vacances-conseils\/\",\"url\":\"https:\/\/www.tousergo.com\/blog\/voyager-avec-handicap-vacances-conseils\/\",\"name\":\"Voyager avec un handicap : nos conseils\"}}]},{\"@type\":\"Person\",\"@id\":\"https:\/\/www.tousergo.com\/blog\/#\/schema\/person\/f0ebe451cdeea88628d72bf6579f0643\",\"name\":\"Antoine\",\"image\":{\"@type\":\"ImageObject\",\"@id\":\"https:\/\/www.tousergo.com\/blog\/#personlogo\",\"inLanguage\":\"fr-FR\",\"url\":\"https:\/\/secure.gravatar.com\/avatar\/322d5ee474b47b23ae35ab8f0692147e?s=96&d=mm&r=g\",\"caption\":\"Antoine\"},\"description\":\"Je m\\u2019appelle Antoine Durand, je suis ing\\u00e9nieur en g\\u00e9nie civil, atteint d\\u2019une myopathie de Duchenne. J'adore \\u00e9crire, j'ai mon propre blog www.depasser-son-handicap.fr et j'ai \\u00e9galement \\u00e9crit un livre \\\"Je m'appelle Antoine et j'ai des projets plein la t\\u00eate\\\".\"}]}<\/script>\n<!-- \/ Yoast SEO plugin. -->","_links":{"self":[{"href":"https:\/\/www.tousergo.com\/blog\/wp-json\/wp\/v2\/posts\/18950"}],"collection":[{"href":"https:\/\/www.tousergo.com\/blog\/wp-json\/wp\/v2\/posts"}],"about":[{"href":"https:\/\/www.tousergo.com\/blog\/wp-json\/wp\/v2\/types\/post"}],"author":[{"embeddable":true,"href":"https:\/\/www.tousergo.com\/blog\/wp-json\/wp\/v2\/users\/22"}],"replies":[{"embeddable":true,"href":"https:\/\/www.tousergo.com\/blog\/wp-json\/wp\/v2\/comments?post=18950"}],"version-history":[{"count":16,"href":"https:\/\/www.tousergo.com\/blog\/wp-json\/wp\/v2\/posts\/18950\/revisions"}],"predecessor-version":[{"id":18973,"href":"https:\/\/www.tousergo.com\/blog\/wp-json\/wp\/v2\/posts\/18950\/revisions\/18973"}],"wp:featuredmedia":[{"embeddable":true,"href":"https:\/\/www.tousergo.com\/blog\/wp-json\/wp\/v2\/media\/18964"}],"wp:attachment":[{"href":"https:\/\/www.tousergo.com\/blog\/wp-json\/wp\/v2\/media?parent=18950"}],"wp:term":[{"taxonomy":"category","embeddable":true,"href":"https:\/\/www.tousergo.com\/blog\/wp-json\/wp\/v2\/categories?post=18950"},{"taxonomy":"post_tag","embeddable":true,"href":"https:\/\/www.tousergo.com\/blog\/wp-json\/wp\/v2\/tags?post=18950"}],"curies":[{"name":"wp","href":"https:\/\/api.w.org\/{rel}","templated":true}]}}