{"id":19294,"date":"2022-10-17T13:01:48","date_gmt":"2022-10-17T11:01:48","guid":{"rendered":"https:\/\/www.tousergo.com\/blog\/?p=19294"},"modified":"2022-10-17T13:01:48","modified_gmt":"2022-10-17T11:01:48","slug":"autisme-gaspard-au-dela-tsa","status":"publish","type":"post","link":"https:\/\/www.tousergo.com\/blog\/autisme-gaspard-au-dela-tsa\/","title":{"rendered":"Trouble du Spectre de l&rsquo;Autisme : l&rsquo;association Gaspard et au-del\u00e0 a besoin de vous !"},"content":{"rendered":"\n<p>Les troubles du spectre de l&rsquo;autisme, ou TSA, touche malheureusement de plus en plus d&rsquo;enfants. 0,03% ont \u00e9t\u00e9 diagnostiqu\u00e9s TSA dans les ann\u00e9es 70 aux \u00e9tats-unis, contre presque 1,5% aujourd&rsquo;hui.<\/p>\n\n\n\n<p>Cela s&rsquo;explique par les facteurs environnementaux ayant beaucoup chang\u00e9 depuis, mais aussi un meilleur connaissance de la maladie, qui met en lumi\u00e8re plus de cas diagnostiqu\u00e9s qu&rsquo;avant.<\/p>\n\n\n\n<p>Aujourd&rsquo;hui nous mettons les projecteurs sur une association de notre r\u00e9gion qui a besoin de vous \u263a\ufe0f<\/p>\n\n\n\n<h2 class=\"has-text-color\" style=\"color:#196eb6\"><span style=\"background-color:#ddf1ff\" class=\"tadv-background-color\">Une famille impliqu\u00e9e dans la sensibilisation \u00e0 l&rsquo;autisme<\/span><\/h2>\n\n\n\n<p>Si aujourd&rsquo;hui ils remuent ciel et Terre pour l&rsquo;association Gaspard et au-del\u00e0, ce n&rsquo;est pas la premi\u00e8re fois qu&rsquo;ils militent pour la sensibilisation \u00e0 la diff\u00e9rence et pour la recherche sur les Troubles du Spectre Autistique.<\/p>\n\n\n\n<p>Ancien employ\u00e9 du groupe Humanit\u00e9 et Inclusion (Handicap International) au Canada, Christophe Masson est \u00e0 l&rsquo;origine de plusieurs projets o\u00f9 il a collect\u00e9 des fonds pour des entit\u00e9s comme HI Canada et Autisme Ambition Avenir. <\/p>\n\n\n\n<p>Sa femme, Natasa, et lui, oeuvrent quotidiennement pour l&rsquo;inclusion des personnes handicap\u00e9es durant la scolarit\u00e9, mais aussi apr\u00e8s.<\/p>\n\n\n\n<p>Le 21 octobre, Christophe commencera un trail solidaire et pas n&rsquo;importe lequel : le Festival des Templiers. Chaque donateur pour ce trail se verra r\u00e9compens\u00e9 d&rsquo;une contrepartie variant avec la hauteur du don ! Tout est expliqu\u00e9 <a href=\"https:\/\/www.helloasso.com\/associations\/gaspard-et-au-dela\/collectes\/safari-so-good-gaspard-et-au-dela\" target=\"_blank\" rel=\"noreferrer noopener\"><strong>ICI EN BAS DE PAGE<\/strong><\/a>.<\/p>\n\n\n\n<figure class=\"wp-block-image\"><a href=\"https:\/\/www.helloasso.com\/associations\/gaspard-et-au-dela\/collectes\/safari-so-good-gaspard-et-au-dela\" target=\"_blank\" rel=\"noopener\"><img src=\"https:\/\/cdn.helloasso.com\/img\/photos\/templiers-6310345b41f6400e9d9393215288c0fe.jpeg\" alt=\"Festival des Templiers - Autisme - Tous ergo\"\/><\/a><\/figure>\n\n\n\n<h2><span style=\"color:#196eb6\" class=\"tadv-color\"><span style=\"background-color:#ddf1ff\" class=\"tadv-background-color\">Plus qu&rsquo;une association pour l&rsquo;autisme, la r\u00e9alisation d&rsquo;un r\u00eave !<\/span><\/span><\/h2>\n\n\n\n<p>Aujourd&rsquo;hui, et officiellement depuis septembre 2022, ils militent ensemble pour d\u00e9construire les aprioris autour de l&rsquo;autisme, les limitations fix\u00e9es autour de ce trouble, qui emp\u00eachent souvent la r\u00e9alisation et l&rsquo;inclusion des personnes qui en sont atteintes. <\/p>\n\n\n\n<p>C&rsquo;est pour leur fils Gaspard, atteint de trouble du spectre de l&rsquo;autisme, qu&rsquo;ils lancent cet appel au financement.<\/p>\n\n\n\n<p>Parce que oui, Gaspard a un r\u00eave (fou) et Natasa et Christophe sont bien d\u00e9termin\u00e9s \u00e0 le r\u00e9aliser. Gaspard veut rencontrer les animaux de la savane, et pas n&rsquo;importe o\u00f9 : dans la savane m\u00eame !<\/p>\n\n\n\n<p>Pourquoi vouloir \u00e0 tout prix r\u00e9aliser ce r\u00eave abracadabrantesque ?  Les enfants atteints de Troubles du Spectre Autistique ont souvent une passion qui leur est propre et sur laquelle il concentre une grande partie de leur \u00e9nergie en questions, recherches et visionnage d&rsquo;images. Alors pourquoi ne pas aller au bout de cet int\u00e9r\u00eat insatiable ?<\/p>\n\n\n\n<p>Le but, en plus de montrer qu&rsquo;il faut r\u00e9aliser ses r\u00eaves, est que rien ne devrait \u00eatre impossible pour un enfant ou un adulte atteint de TSA.<\/p>\n\n\n\n<div class=\"wp-block-buttons\">\n<div class=\"wp-block-button\"><a class=\"wp-block-button__link has-background\" href=\"https:\/\/www.helloasso.com\/associations\/gaspard-et-au-dela\/collectes\/safari-so-good-gaspard-et-au-dela\" style=\"background-color:#196eb6\" target=\"_blank\" rel=\"noreferrer noopener\"><strong>Aider Gaspard et au-del\u00e0<\/strong><\/a><\/div>\n<\/div>\n\n\n\n<p>Pour vous montrer la motivation du petit Gaspard, \u00e2g\u00e9 de 11 ans, voici une rapide vid\u00e9o de lui qui parle de sa passion (et qui essaie de voler quelques biscuits aussi mais ssshhh ?).<\/p>\n\n\n\n<figure class=\"wp-block-embed is-type-video is-provider-youtube wp-block-embed-youtube wp-embed-aspect-16-9 wp-has-aspect-ratio\"><div class=\"wp-block-embed__wrapper\">\n<iframe title=\"Safari so good Gaspard et au-del\u00e0 !\" width=\"960\" height=\"540\" src=\"https:\/\/www.youtube.com\/embed\/Rph4Aya7DVk?feature=oembed\" frameborder=\"0\" allow=\"accelerometer; autoplay; clipboard-write; encrypted-media; gyroscope; picture-in-picture\" allowfullscreen><\/iframe>\n<\/div><\/figure>\n\n\n\n<p>On veut que Gaspard voit les rhinoc\u00e9ros, mais on esp\u00e8re qu&rsquo;il ne sera pas trop d\u00e9\u00e7u que le paysage soit en couleur&#8230;<\/p>\n\n\n\n<h2><span style=\"color:#196eb6\" class=\"tadv-color\"><span style=\"background-color:#ddf1ff\" class=\"tadv-background-color\">Un documentaire pour sensibiliser au quotidien avec un enfant atteint d&rsquo;autisme<\/span><\/span><\/h2>\n\n\n\n<p>L&rsquo;autre finalit\u00e9 de ce voyage est d&rsquo;ouvrir des perspectives de changement au sein de notre soci\u00e9t\u00e9 : sur le regard et l&rsquo;appr\u00e9hension port\u00e9s sur le handicap, et sur une meilleure inclusion des personnes atteintes d&rsquo;autisme.<\/p>\n\n\n\n<p>L&rsquo;enti\u00e8ret\u00e9 du voyage sera film\u00e9, par leur soin ou par une boite de production en fonction des fonds r\u00e9colt\u00e9s. Ils esp\u00e8rent pouvoir diffuser le documentaire lors de conf\u00e9rences, d\u00e9bat, et le mettre \u00e0 disposition de toute initiative autour des troubles du spectre de l&rsquo;autisme.<\/p>\n\n\n\n<p>Si vous n&rsquo;aviez pas cliqu\u00e9 plus haut, voici \u00e0 nouveau un joli bouton vers leur page Hello Asso :<\/p>\n\n\n\n<div class=\"wp-block-buttons\">\n<div class=\"wp-block-button\"><a class=\"wp-block-button__link has-background\" href=\"https:\/\/www.helloasso.com\/associations\/gaspard-et-au-dela\/collectes\/safari-so-good-gaspard-et-au-dela\" style=\"background-color:#196eb6\" target=\"_blank\" rel=\"noreferrer noopener\"><strong>Donner un coup de pouce \u00e0 Gaspard et au-del\u00e0<\/strong><\/a><\/div>\n<\/div>\n\n\n","protected":false},"excerpt":{"rendered":"<p class=\"u-txt-sm u-txt-dark u-d-desktop u-w-100\">Les troubles du spectre de l&rsquo;autisme, ou TSA, touche malheureusement de plus en plus d&rsquo;enfants. 0,03% ont \u00e9t\u00e9 diagnostiqu\u00e9s TSA...<\/p>\n<button class=\"c-btn--unstyled u-font-weight-bold u-txt-primary u-txt-sm\">\n\t\t\tLire l\u2019article\n\t\t\t<span class=\"c-icon--24 u-ml-1\"><img src=\"https:\/\/www.tousergo.com\/blog\/wp-content\/themes\/tousergo\/img\/icons\/arrow-right-circle-fill.svg\" alt=\"\"><\/span>\n\t<\/button>","protected":false},"author":21,"featured_media":19299,"comment_status":"open","ping_status":"open","sticky":false,"template":"","format":"standard","meta":[],"categories":[2,11],"tags":[],"yoast_head":"<!-- This site is optimized with the Yoast SEO plugin v15.7 - https:\/\/yoast.com\/wordpress\/plugins\/seo\/ -->\n<title>Trouble du Spectre de l&#039;Autisme : l&#039;association Gaspard et au-del\u00e0 a besoin de vous ! - Blog Tous ergo<\/title>\n<meta name=\"description\" content=\"Les troubles du spectre de l&#039;autisme, ou TSA, touche malheureusement de plus en plus d&#039;enfants. Aidez Gaspard et au-del\u00e0 dans leur projet !\" \/>\n<meta name=\"robots\" content=\"index, follow, max-snippet:-1, max-image-preview:large, max-video-preview:-1\" \/>\n<link rel=\"canonical\" href=\"https:\/\/www.tousergo.com\/blog\/autisme-gaspard-au-dela-tsa\/\" \/>\n<meta property=\"og:locale\" content=\"fr_FR\" \/>\n<meta property=\"og:type\" content=\"article\" \/>\n<meta property=\"og:title\" content=\"Trouble du Spectre de l&#039;Autisme : l&#039;association Gaspard et au-del\u00e0 a besoin de vous ! - Blog Tous ergo\" \/>\n<meta property=\"og:description\" content=\"Les troubles du spectre de l&#039;autisme, ou TSA, touche malheureusement de plus en plus d&#039;enfants. Aidez Gaspard et au-del\u00e0 dans leur projet !\" \/>\n<meta property=\"og:url\" content=\"https:\/\/www.tousergo.com\/blog\/autisme-gaspard-au-dela-tsa\/\" \/>\n<meta property=\"og:site_name\" content=\"Blog Tous ergo\" \/>\n<meta property=\"article:publisher\" content=\"https:\/\/www.facebook.com\/tousergo\/\" \/>\n<meta property=\"article:published_time\" content=\"2022-10-17T11:01:48+00:00\" \/>\n<meta property=\"og:image\" content=\"https:\/\/www.tousergo.com\/blog\/wp-content\/uploads\/2022\/10\/gaspard.png\" \/>\n\t<meta property=\"og:image:width\" content=\"1000\" \/>\n\t<meta property=\"og:image:height\" content=\"552\" \/>\n<meta name=\"twitter:card\" content=\"summary_large_image\" \/>\n<meta name=\"twitter:creator\" content=\"@tousergo\" \/>\n<meta name=\"twitter:site\" content=\"@tousergo\" \/>\n<meta name=\"twitter:label1\" content=\"Dur\u00e9e de lecture est.\">\n\t<meta name=\"twitter:data1\" content=\"3 minutes\">\n<script type=\"application\/ld+json\" class=\"yoast-schema-graph\">{\"@context\":\"https:\/\/schema.org\",\"@graph\":[{\"@type\":\"WebSite\",\"@id\":\"https:\/\/www.tousergo.com\/blog\/#website\",\"url\":\"https:\/\/www.tousergo.com\/blog\/\",\"name\":\"Blog Tous ergo\",\"description\":\"Toutes les solutions pour l&#039;autonomie \\u00e0 domicile\",\"potentialAction\":[{\"@type\":\"SearchAction\",\"target\":\"https:\/\/www.tousergo.com\/blog\/?s={search_term_string}\",\"query-input\":\"required name=search_term_string\"}],\"inLanguage\":\"fr-FR\"},{\"@type\":\"ImageObject\",\"@id\":\"https:\/\/www.tousergo.com\/blog\/autisme-gaspard-au-dela-tsa\/#primaryimage\",\"inLanguage\":\"fr-FR\",\"url\":\"https:\/\/www.tousergo.com\/blog\/wp-content\/uploads\/2022\/10\/gaspard.png\",\"width\":1000,\"height\":552,\"caption\":\"gaspard-et-au-dela-tous-ergo-autisme\"},{\"@type\":\"WebPage\",\"@id\":\"https:\/\/www.tousergo.com\/blog\/autisme-gaspard-au-dela-tsa\/#webpage\",\"url\":\"https:\/\/www.tousergo.com\/blog\/autisme-gaspard-au-dela-tsa\/\",\"name\":\"Trouble du Spectre de l'Autisme : l'association Gaspard et au-del\\u00e0 a besoin de vous ! - Blog Tous ergo\",\"isPartOf\":{\"@id\":\"https:\/\/www.tousergo.com\/blog\/#website\"},\"primaryImageOfPage\":{\"@id\":\"https:\/\/www.tousergo.com\/blog\/autisme-gaspard-au-dela-tsa\/#primaryimage\"},\"datePublished\":\"2022-10-17T11:01:48+00:00\",\"dateModified\":\"2022-10-17T11:01:48+00:00\",\"author\":{\"@id\":\"https:\/\/www.tousergo.com\/blog\/#\/schema\/person\/387bcdcd8cd446c101a564d224bdfc1e\"},\"description\":\"Les troubles du spectre de l'autisme, ou TSA, touche malheureusement de plus en plus d'enfants. Aidez Gaspard et au-del\\u00e0 dans leur projet !\",\"breadcrumb\":{\"@id\":\"https:\/\/www.tousergo.com\/blog\/autisme-gaspard-au-dela-tsa\/#breadcrumb\"},\"inLanguage\":\"fr-FR\",\"potentialAction\":[{\"@type\":\"ReadAction\",\"target\":[\"https:\/\/www.tousergo.com\/blog\/autisme-gaspard-au-dela-tsa\/\"]}]},{\"@type\":\"BreadcrumbList\",\"@id\":\"https:\/\/www.tousergo.com\/blog\/autisme-gaspard-au-dela-tsa\/#breadcrumb\",\"itemListElement\":[{\"@type\":\"ListItem\",\"position\":1,\"item\":{\"@type\":\"WebPage\",\"@id\":\"https:\/\/www.tousergo.com\/blog\/\",\"url\":\"https:\/\/www.tousergo.com\/blog\/\",\"name\":\"Accueil\"}},{\"@type\":\"ListItem\",\"position\":2,\"item\":{\"@type\":\"WebPage\",\"@id\":\"https:\/\/www.tousergo.com\/blog\/autisme-gaspard-au-dela-tsa\/\",\"url\":\"https:\/\/www.tousergo.com\/blog\/autisme-gaspard-au-dela-tsa\/\",\"name\":\"Trouble du Spectre de l&rsquo;Autisme : l&rsquo;association Gaspard et au-del\\u00e0 a besoin de vous !\"}}]},{\"@type\":\"Person\",\"@id\":\"https:\/\/www.tousergo.com\/blog\/#\/schema\/person\/387bcdcd8cd446c101a564d224bdfc1e\",\"name\":\"Joy\",\"image\":{\"@type\":\"ImageObject\",\"@id\":\"https:\/\/www.tousergo.com\/blog\/#personlogo\",\"inLanguage\":\"fr-FR\",\"url\":\"https:\/\/secure.gravatar.com\/avatar\/2bc688b46e45e176dbb2f9c2a122f8a3?s=96&d=mm&r=g\",\"caption\":\"Joy\"},\"description\":\"Bonjour, je suis Joy, responsable \\u00e9ditoriale et experte en maintien \\u00e0 domicile et bien-vieillir pour TOUS ERGO. Depuis plus de 5 ans, j'explore les d\\u00e9fis quotidiens li\\u00e9s \\u00e0 la perte d'autonomie, \\u00e0 l'accessibilit\\u00e9 et \\u00e0 l'aidance pour proposer des solutions concr\\u00e8tes et durables. Mon objectif : apporter une information fiable et humaine pour aider chaque famille \\u00e0 faire les bons choix d'\\u00e9quipement.\"}]}<\/script>\n<!-- \/ Yoast SEO plugin. -->","_links":{"self":[{"href":"https:\/\/www.tousergo.com\/blog\/wp-json\/wp\/v2\/posts\/19294"}],"collection":[{"href":"https:\/\/www.tousergo.com\/blog\/wp-json\/wp\/v2\/posts"}],"about":[{"href":"https:\/\/www.tousergo.com\/blog\/wp-json\/wp\/v2\/types\/post"}],"author":[{"embeddable":true,"href":"https:\/\/www.tousergo.com\/blog\/wp-json\/wp\/v2\/users\/21"}],"replies":[{"embeddable":true,"href":"https:\/\/www.tousergo.com\/blog\/wp-json\/wp\/v2\/comments?post=19294"}],"version-history":[{"count":5,"href":"https:\/\/www.tousergo.com\/blog\/wp-json\/wp\/v2\/posts\/19294\/revisions"}],"predecessor-version":[{"id":19301,"href":"https:\/\/www.tousergo.com\/blog\/wp-json\/wp\/v2\/posts\/19294\/revisions\/19301"}],"wp:featuredmedia":[{"embeddable":true,"href":"https:\/\/www.tousergo.com\/blog\/wp-json\/wp\/v2\/media\/19299"}],"wp:attachment":[{"href":"https:\/\/www.tousergo.com\/blog\/wp-json\/wp\/v2\/media?parent=19294"}],"wp:term":[{"taxonomy":"category","embeddable":true,"href":"https:\/\/www.tousergo.com\/blog\/wp-json\/wp\/v2\/categories?post=19294"},{"taxonomy":"post_tag","embeddable":true,"href":"https:\/\/www.tousergo.com\/blog\/wp-json\/wp\/v2\/tags?post=19294"}],"curies":[{"name":"wp","href":"https:\/\/api.w.org\/{rel}","templated":true}]}}