{"id":1961,"date":"2011-09-20T17:49:14","date_gmt":"2011-09-20T15:49:14","guid":{"rendered":"https:\/\/www.tousergo.com\/blog\/?p=1961"},"modified":"2021-04-26T14:24:10","modified_gmt":"2021-04-26T12:24:10","slug":"21-septembre-journee-mondiale-de-la-maladie-dalzheimer","status":"publish","type":"post","link":"https:\/\/www.tousergo.com\/blog\/21-septembre-journee-mondiale-de-la-maladie-dalzheimer\/","title":{"rendered":"21 septembre Journ\u00e9e Mondiale de la maladie d\u2019Alzheimer"},"content":{"rendered":"<p>800 000 personnes sont touch\u00e9es par la maladie d\u2019Alzheimer<\/p>\n<p>3 000 000 de personnes : malades et proches, vivent avec cette maladie<\/p>\n<p>Et plus de la moiti\u00e9 des malades ne sont pas diagnostiqu\u00e9s<\/p>\n<p>Avec\u00a0 l\u2019allongement de la dur\u00e9e de vie, <strong>il est pr\u00e9vu d\u2019ici \u00e0 2020 que le nombre de personnes atteintes soit doubl\u00e9 <\/strong>! Ce qui prouve bien que\u00a0 tout le monde doit se sentir concern\u00e9. Car un jour ou l\u2019autre <strong>chaque famille sera touch\u00e9e par la maladie d\u2019Alzheimer<\/strong> avec une m\u00e8re, un fr\u00e8re, un oncle, un mari \u2026 Il est donc important de se mobiliser pour <strong>am\u00e9liorer la qualit\u00e9 de vie des malades<\/strong> et pr\u00e9server leur autonomie. France Alzheimer a fait du 21 septembre une Journ\u00e9e Mondiale pour sensibiliser tout un chacun avec des conf\u00e9rences, des portes ouvertes,\u00a0 des stands d\u2019informations g\u00e9n\u00e9rales, pour ne laisser personne dans l\u2019ignorance.<\/p>\n<p><strong>Des <a title=\"alzheimer\" href=\"https:\/\/www.tousergo.com\/140-aide-alzheimer\">solutions pour les troubles de la m\u00e9moire<\/a> existent pour am\u00e9liorer le quotidien de malades et des proches.<\/strong><\/p>\n<p><a title=\"Alzheimer\" href=\"https:\/\/www.tousergo.com\/140-aide-alzheimer\"><img loading=\"lazy\" class=\"alignleft wp-image-1971 size-full\" title=\"alzheimer\" src=\"https:\/\/www.tousergo.com\/blog\/wp-content\/uploads\/2011\/09\/alzheimer.png\" alt=\"alzheimer\" width=\"625\" height=\"471\" srcset=\"https:\/\/www.tousergo.com\/blog\/wp-content\/uploads\/2011\/09\/alzheimer.png 625w, https:\/\/www.tousergo.com\/blog\/wp-content\/uploads\/2011\/09\/alzheimer-300x226.png 300w\" sizes=\"(max-width: 625px) 100vw, 625px\" \/><\/a><\/p>\n","protected":false},"excerpt":{"rendered":"<p class=\"u-txt-sm u-txt-dark u-d-desktop u-w-100\">800 000 personnes sont touch\u00e9es par la maladie d\u2019Alzheimer 3 000 000 de personnes : malades et proches, vivent avec...<\/p>\n<button class=\"c-btn--unstyled u-font-weight-bold u-txt-primary u-txt-sm\">\n\t\t\tLire l\u2019article\n\t\t\t<span class=\"c-icon--24 u-ml-1\"><img src=\"https:\/\/www.tousergo.com\/blog\/wp-content\/themes\/tousergo\/img\/icons\/arrow-right-circle-fill.svg\" alt=\"\"><\/span>\n\t<\/button>","protected":false},"author":2,"featured_media":0,"comment_status":"open","ping_status":"open","sticky":false,"template":"","format":"standard","meta":[],"categories":[2,19],"tags":[83,123,738],"yoast_head":"<!-- This site is optimized with the Yoast SEO plugin v15.7 - https:\/\/yoast.com\/wordpress\/plugins\/seo\/ -->\n<title>21 septembre Journ\u00e9e Mondiale de la maladie d\u2019Alzheimer - Blog Tous ergo<\/title>\n<meta name=\"robots\" content=\"index, follow, max-snippet:-1, max-image-preview:large, max-video-preview:-1\" \/>\n<link rel=\"canonical\" href=\"https:\/\/www.tousergo.com\/blog\/21-septembre-journee-mondiale-de-la-maladie-dalzheimer\/\" \/>\n<meta property=\"og:locale\" content=\"fr_FR\" \/>\n<meta property=\"og:type\" content=\"article\" \/>\n<meta property=\"og:title\" content=\"21 septembre Journ\u00e9e Mondiale de la maladie d\u2019Alzheimer - Blog Tous ergo\" \/>\n<meta property=\"og:description\" content=\"800 000 personnes sont touch\u00e9es par la maladie d\u2019Alzheimer 3 000 000 de personnes : malades et proches, vivent avec\" \/>\n<meta property=\"og:url\" content=\"https:\/\/www.tousergo.com\/blog\/21-septembre-journee-mondiale-de-la-maladie-dalzheimer\/\" \/>\n<meta property=\"og:site_name\" content=\"Blog Tous ergo\" \/>\n<meta property=\"article:publisher\" content=\"https:\/\/www.facebook.com\/tousergo\/\" \/>\n<meta property=\"article:published_time\" content=\"2011-09-20T15:49:14+00:00\" \/>\n<meta property=\"article:modified_time\" content=\"2021-04-26T12:24:10+00:00\" \/>\n<meta property=\"og:image\" content=\"https:\/\/www.tousergo.com\/blog\/wp-content\/uploads\/2011\/09\/alzheimer.png\" \/>\n<meta name=\"twitter:card\" content=\"summary_large_image\" \/>\n<meta name=\"twitter:creator\" content=\"@tousergo\" \/>\n<meta name=\"twitter:site\" content=\"@tousergo\" \/>\n<meta name=\"twitter:label1\" content=\"Dur\u00e9e de lecture est.\">\n\t<meta name=\"twitter:data1\" content=\"1 minute\">\n<script type=\"application\/ld+json\" class=\"yoast-schema-graph\">{\"@context\":\"https:\/\/schema.org\",\"@graph\":[{\"@type\":\"WebSite\",\"@id\":\"https:\/\/www.tousergo.com\/blog\/#website\",\"url\":\"https:\/\/www.tousergo.com\/blog\/\",\"name\":\"Blog Tous ergo\",\"description\":\"Toutes les solutions pour l&#039;autonomie \\u00e0 domicile\",\"potentialAction\":[{\"@type\":\"SearchAction\",\"target\":\"https:\/\/www.tousergo.com\/blog\/?s={search_term_string}\",\"query-input\":\"required name=search_term_string\"}],\"inLanguage\":\"fr-FR\"},{\"@type\":\"ImageObject\",\"@id\":\"https:\/\/www.tousergo.com\/blog\/21-septembre-journee-mondiale-de-la-maladie-dalzheimer\/#primaryimage\",\"inLanguage\":\"fr-FR\",\"url\":\"https:\/\/www.tousergo.com\/blog\/wp-content\/uploads\/2011\/09\/alzheimer.png\",\"width\":625,\"height\":471},{\"@type\":\"WebPage\",\"@id\":\"https:\/\/www.tousergo.com\/blog\/21-septembre-journee-mondiale-de-la-maladie-dalzheimer\/#webpage\",\"url\":\"https:\/\/www.tousergo.com\/blog\/21-septembre-journee-mondiale-de-la-maladie-dalzheimer\/\",\"name\":\"21 septembre Journ\\u00e9e Mondiale de la maladie d\\u2019Alzheimer - Blog Tous ergo\",\"isPartOf\":{\"@id\":\"https:\/\/www.tousergo.com\/blog\/#website\"},\"primaryImageOfPage\":{\"@id\":\"https:\/\/www.tousergo.com\/blog\/21-septembre-journee-mondiale-de-la-maladie-dalzheimer\/#primaryimage\"},\"datePublished\":\"2011-09-20T15:49:14+00:00\",\"dateModified\":\"2021-04-26T12:24:10+00:00\",\"author\":{\"@id\":\"https:\/\/www.tousergo.com\/blog\/#\/schema\/person\/15c7932cac71694da70b0c402147317c\"},\"breadcrumb\":{\"@id\":\"https:\/\/www.tousergo.com\/blog\/21-septembre-journee-mondiale-de-la-maladie-dalzheimer\/#breadcrumb\"},\"inLanguage\":\"fr-FR\",\"potentialAction\":[{\"@type\":\"ReadAction\",\"target\":[\"https:\/\/www.tousergo.com\/blog\/21-septembre-journee-mondiale-de-la-maladie-dalzheimer\/\"]}]},{\"@type\":\"BreadcrumbList\",\"@id\":\"https:\/\/www.tousergo.com\/blog\/21-septembre-journee-mondiale-de-la-maladie-dalzheimer\/#breadcrumb\",\"itemListElement\":[{\"@type\":\"ListItem\",\"position\":1,\"item\":{\"@type\":\"WebPage\",\"@id\":\"https:\/\/www.tousergo.com\/blog\/\",\"url\":\"https:\/\/www.tousergo.com\/blog\/\",\"name\":\"Accueil\"}},{\"@type\":\"ListItem\",\"position\":2,\"item\":{\"@type\":\"WebPage\",\"@id\":\"https:\/\/www.tousergo.com\/blog\/21-septembre-journee-mondiale-de-la-maladie-dalzheimer\/\",\"url\":\"https:\/\/www.tousergo.com\/blog\/21-septembre-journee-mondiale-de-la-maladie-dalzheimer\/\",\"name\":\"21 septembre Journ\\u00e9e Mondiale de la maladie d\\u2019Alzheimer\"}}]},{\"@type\":\"Person\",\"@id\":\"https:\/\/www.tousergo.com\/blog\/#\/schema\/person\/15c7932cac71694da70b0c402147317c\",\"name\":\"Thibaut\",\"image\":{\"@type\":\"ImageObject\",\"@id\":\"https:\/\/www.tousergo.com\/blog\/#personlogo\",\"inLanguage\":\"fr-FR\",\"url\":\"https:\/\/secure.gravatar.com\/avatar\/f1fd8b7875f2a6039af27cb00f7d49d5?s=96&d=mm&r=g\",\"caption\":\"Thibaut\"},\"description\":\"Bonjour, je suis Thibaut ! Fondateur de Tous Ergo, mon objectif est de proposer des solutions pour favoriser le confort, l'autonomie et la s\\u00e9curit\\u00e9 des personnes \\u00e2g\\u00e9es d\\u00e9pendantes ou en situation de handicap. Nous partageons avec nos collaborateurs, partenaires, clients et fournisseurs, 3 valeurs fondamentales : la confiance, la simplicit\\u00e9 et l'inventivit\\u00e9.\"}]}<\/script>\n<!-- \/ Yoast SEO plugin. -->","_links":{"self":[{"href":"https:\/\/www.tousergo.com\/blog\/wp-json\/wp\/v2\/posts\/1961"}],"collection":[{"href":"https:\/\/www.tousergo.com\/blog\/wp-json\/wp\/v2\/posts"}],"about":[{"href":"https:\/\/www.tousergo.com\/blog\/wp-json\/wp\/v2\/types\/post"}],"author":[{"embeddable":true,"href":"https:\/\/www.tousergo.com\/blog\/wp-json\/wp\/v2\/users\/2"}],"replies":[{"embeddable":true,"href":"https:\/\/www.tousergo.com\/blog\/wp-json\/wp\/v2\/comments?post=1961"}],"version-history":[{"count":2,"href":"https:\/\/www.tousergo.com\/blog\/wp-json\/wp\/v2\/posts\/1961\/revisions"}],"predecessor-version":[{"id":16718,"href":"https:\/\/www.tousergo.com\/blog\/wp-json\/wp\/v2\/posts\/1961\/revisions\/16718"}],"wp:attachment":[{"href":"https:\/\/www.tousergo.com\/blog\/wp-json\/wp\/v2\/media?parent=1961"}],"wp:term":[{"taxonomy":"category","embeddable":true,"href":"https:\/\/www.tousergo.com\/blog\/wp-json\/wp\/v2\/categories?post=1961"},{"taxonomy":"post_tag","embeddable":true,"href":"https:\/\/www.tousergo.com\/blog\/wp-json\/wp\/v2\/tags?post=1961"}],"curies":[{"name":"wp","href":"https:\/\/api.w.org\/{rel}","templated":true}]}}