{"id":20071,"date":"2024-09-10T16:06:53","date_gmt":"2024-09-10T14:06:53","guid":{"rendered":"https:\/\/www.tousergo.com\/blog\/?p=20071"},"modified":"2024-11-07T16:15:20","modified_gmt":"2024-11-07T15:15:20","slug":"premier-salon-des-aidants-lille","status":"publish","type":"post","link":"https:\/\/www.tousergo.com\/blog\/premier-salon-des-aidants-lille\/","title":{"rendered":"Le premier salon des aidants \u00e0 Lille !"},"content":{"rendered":"\n\n\n<p>Pour la premi\u00e8re fois, la r\u00e9gion lilloise a re\u00e7u son premier Salon des Aidants le 7 octobre 2024, chez TOUS ERGO. Une journ\u00e9e enti\u00e8rement d\u00e9di\u00e9e aux proches, parents, \u00e9poux, enfants de personnes en perte d&rsquo;autonomie et ou d\u00e9pendantes.<\/p>\n\n\n\n<p>En France, ce n&rsquo;est pas moins de 8,8 millions d&rsquo;adultes qui sont en situation d&rsquo;aidants. 70% de ces derniers sont en plus des personnes actives, qui cumulent donc un travail et leur r\u00f4le d&rsquo;aidant. <\/p>\n\n\n\n<p>Bien qu&rsquo;il soit essentiel, voire naturel, d&rsquo;aider son prochain, l&rsquo;aidant a un r\u00f4le difficile au quotidien. Peu reconnus, il y a peu de solutions existantes pour simplifier le quotidien d&rsquo;un aidant. Mais il en existe, et il existe aussi des petites solutions qui ne paient pas de mine, mais qui changent tout.<\/p>\n\n\n\n<p>C&rsquo;est ce sur quoi nous avons mis la lumi\u00e8re lors de ce salon, ayant eu lieu le lendemain de la journ\u00e9e des aidants !<\/p>\n\n\n\n<div class=\"wp-block-buttons is-layout-flex wp-block-buttons-is-layout-flex\">\n<div class=\"wp-block-button\"><a class=\"wp-block-button__link has-background\" href=\"https:\/\/fb.me\/e\/5uuHcg0DG\" style=\"background-color:#b83d18\" target=\"_blank\" rel=\"noreferrer noopener\"><strong>VOIR L&rsquo;\u00c9V\u00c8NEMENT FACEBOOK<\/strong><\/a><\/div>\n<\/div>\n\n\n\n<h2 class=\"wp-block-heading\">Salon des Aidants &#8211; Lille<\/h2>\n\n\n\n<p>D\u00e9couvrez la premi\u00e8re \u00e9dition du Salon des Aidants, en collaboration avec la Maison des Aidants Feron Vrau, nos partenaires Mobilaug et G\u00e9n\u00e9ration Seniors et la participation du CCAS de la Ville de Bondues.<\/p>\n\n\n\n<p>Au programme, nos visiteurs ont pu assister \u00e0 des conferences, des ateliers, et rencontrer des exposants acteurs du monde de l&rsquo;aidance, des seniors, et des personnes \u00e0 mobilit\u00e9 r\u00e9duite.<\/p>\n\n\n\n<figure class=\"wp-block-embed is-type-video is-provider-youtube wp-block-embed-youtube wp-embed-aspect-16-9 wp-has-aspect-ratio\"><div class=\"wp-block-embed__wrapper\">\n<iframe loading=\"lazy\" title=\"Salon des Aidants - Lille chez TOUS ERGO\" width=\"960\" height=\"540\" src=\"https:\/\/www.youtube.com\/embed\/z3dNGum2ldw?feature=oembed\" frameborder=\"0\" allow=\"accelerometer; autoplay; clipboard-write; encrypted-media; gyroscope; picture-in-picture; web-share\" referrerpolicy=\"strict-origin-when-cross-origin\" allowfullscreen><\/iframe>\n<\/div><\/figure>\n\n\n\n<h3 class=\"wp-block-heading\">Programme de la journ\u00e9e<\/h3>\n\n\n\n<p>Au programme de cette premi\u00e8re \u00e9dition, il \u00e9tait possible de rencontrer nos exposants tout au long de la journ\u00e9e. Mais aussi de participer \u00e0 des conf\u00e9rences et ateliers :<\/p>\n\n\n\n<figure class=\"wp-block-image size-large\"><img loading=\"lazy\" decoding=\"async\" width=\"1024\" height=\"796\" src=\"https:\/\/www.tousergo.com\/blog\/wp-content\/uploads\/2024\/10\/PLANNING-1024x796.png\" alt=\"\" class=\"wp-image-20168\" srcset=\"https:\/\/www.tousergo.com\/blog\/wp-content\/uploads\/2024\/10\/PLANNING-1024x796.png 1024w, https:\/\/www.tousergo.com\/blog\/wp-content\/uploads\/2024\/10\/PLANNING-300x233.png 300w, https:\/\/www.tousergo.com\/blog\/wp-content\/uploads\/2024\/10\/PLANNING-768x597.png 768w, https:\/\/www.tousergo.com\/blog\/wp-content\/uploads\/2024\/10\/PLANNING-1536x1194.png 1536w, https:\/\/www.tousergo.com\/blog\/wp-content\/uploads\/2024\/10\/PLANNING.png 2000w\" sizes=\"auto, (max-width: 1024px) 100vw, 1024px\" \/><\/figure>\n\n\n\n<ul class=\"wp-block-list\"><li><strong>R\u00e9alisation de soi et aidance, un d\u00e9fi possible !<\/strong> T\u00e9moignage de Maryse MONET, m\u00e8re aidante de 3 enfants et fondatrice de <a href=\"https:\/\/www.facebook.com\/p\/BULLE-100091311217937\/\" target=\"_blank\" rel=\"noreferrer noopener\">BULLE, lieu d&rsquo;accueil pour parents aidants \u00e0 Roubaix<\/a>.<\/li><li><strong>La vitalit\u00e9 et l&rsquo;\u00e9nergie par l&rsquo;alimentation.<\/strong> Conf\u00e9rence anim\u00e9 par Claire de Zorzi, sophrologue &amp; coach sant\u00e9 et nutrition.<\/li><li><strong>DUO aidant et aid\u00e9 : <a href=\"https:\/\/www.tousergo.com\/blog\/adoucir-quotidien-seniors-gerontopraticien\/\">apaiser les maux par la peau et le toucher contact<\/a>. <\/strong>Atelier anim\u00e9 par <a href=\"http:\/\/marysesteven.fr\" target=\"_blank\" rel=\"noreferrer noopener\">Maryse STEVEN, g\u00e9rontopraticienne et reflexologue<\/a>.<\/li><li><strong>Les limites du maintien \u00e0 domicile.<\/strong> Conf\u00e9rence anim\u00e9e par Marie Elizabeth PIUSSAN, psychologue exp\u00e9riment\u00e9e dans le domaine de l&rsquo;aidance.<\/li><\/ul>\n\n\n\n<div style=\"height:44px\" aria-hidden=\"true\" class=\"wp-block-spacer\"><\/div>\n\n\n\n<div style=\"height:44px\" aria-hidden=\"true\" class=\"wp-block-spacer\"><\/div>\n\n\n\n<h3 class=\"wp-block-heading\">D\u00e9couvrez les exposants du salon des aidants !<\/h3>\n\n\n\n<div class=\"wp-block-image\"><figure class=\"alignleft size-large is-resized\"><a href=\"https:\/\/feron-vrau.com\/maisons-des-aidants\/\"><img decoding=\"async\" src=\"https:\/\/www.tousergo.com\/blog\/wp-content\/uploads\/2024\/09\/FERON-VRAU.jpg\" alt=\"maison des aidants feron vrau salon des aidants lille tous ergo\" class=\"wp-image-20079\" width=\"222\" srcset=\"https:\/\/www.tousergo.com\/blog\/wp-content\/uploads\/2024\/09\/FERON-VRAU.jpg 552w, https:\/\/www.tousergo.com\/blog\/wp-content\/uploads\/2024\/09\/FERON-VRAU-300x300.jpg 300w, https:\/\/www.tousergo.com\/blog\/wp-content\/uploads\/2024\/09\/FERON-VRAU-150x150.jpg 150w\" sizes=\"(max-width: 552px) 100vw, 552px\" \/><\/a><\/figure><\/div>\n\n\n\n<h4 class=\"wp-block-heading\">La Maison des Aidants Feron &#8211; Vrau<\/h4>\n\n\n\n<p>Une structure d\u00e9di\u00e9e qui offre des espaces d&rsquo;accueil, d&rsquo;\u00e9coute et de conseil pour les personnes qui accompagnent un proche en perte d&rsquo;autonomie ou en situation de d\u00e9pendance. Gr\u00e2ce \u00e0 une \u00e9quipe de professionnels sp\u00e9cialis\u00e9s, la Maison des Aidants Feron Vrau propose des solutions adapt\u00e9es \u00e0 chaque situation. Allant des informations sur les aides disponibles aux formations pour mieux comprendre et g\u00e9rer le r\u00f4le d&rsquo;aidant. Leur pr\u00e9sence au salon \u00e9tait une opportunit\u00e9 pr\u00e9cieuse de d\u00e9couvrir des ressources concr\u00e8tes et des conseils personnalis\u00e9s afin d&rsquo;all\u00e9ger leur quotidien.<\/p>\n\n\n\n<div style=\"height:1px\" aria-hidden=\"true\" class=\"wp-block-spacer\"><\/div>\n\n\n\n<div class=\"wp-block-image\"><figure class=\"alignleft size-large is-resized\"><a href=\"https:\/\/www.ville-bondues.fr\/action-sociale\"><img decoding=\"async\" src=\"https:\/\/www.tousergo.com\/blog\/wp-content\/uploads\/2024\/09\/CCAS.jpg\" alt=\"ccas de bondues actions sociales salon des aidants lille tous ergo\" class=\"wp-image-20085\" width=\"222\" srcset=\"https:\/\/www.tousergo.com\/blog\/wp-content\/uploads\/2024\/09\/CCAS.jpg 552w, https:\/\/www.tousergo.com\/blog\/wp-content\/uploads\/2024\/09\/CCAS-300x300.jpg 300w, https:\/\/www.tousergo.com\/blog\/wp-content\/uploads\/2024\/09\/CCAS-150x150.jpg 150w\" sizes=\"(max-width: 552px) 100vw, 552px\" \/><\/a><\/figure><\/div>\n\n\n\n<h4 class=\"wp-block-heading\">CCAS de la ville de Bondues<\/h4>\n\n\n\n<p>Le Centre Communal d&rsquo;Action Sociale (CCAS) de la Ville de Bondues participera \u00e9galement \u00e0 notre Salon des Aidants pour offrir son expertise et son accompagnement aux personnes en situation de fragilit\u00e9 ainsi qu&rsquo;\u00e0 leurs proches. Le CCAS joue un r\u00f4le essentiel dans la mise en place d\u2019aides sociales et de dispositifs d\u2019accompagnement pour les aidants. Qu&rsquo;il s&rsquo;agisse de soutien financier, d&rsquo;acc\u00e8s aux services de sant\u00e9, ou de solutions pour le maintien \u00e0 domicile. En travaillant en \u00e9troite collaboration avec les acteurs locaux, le CCAS de Bondues propose des r\u00e9ponses concr\u00e8tes aux besoins des aidants. Leurs actions favorisent le bien-\u00eatre des personnes accompagn\u00e9es. Lors du salon, ils \u00e9taient une ressource pr\u00e9cieuse pour obtenir des conseils, des informations sur les d\u00e9marches administratives et des solutions adapt\u00e9es \u00e0 chaque situation.<\/p>\n\n\n\n<div style=\"height:1px\" aria-hidden=\"true\" class=\"wp-block-spacer\"><\/div>\n\n\n\n<div class=\"wp-block-image\"><figure class=\"alignleft size-large is-resized\"><a href=\"https:\/\/generations-seniors.com\/\"><img decoding=\"async\" src=\"https:\/\/www.tousergo.com\/blog\/wp-content\/uploads\/2024\/09\/GE\u0301NE\u0301RATIONS-SE\u0301NIORS.jpg\" alt=\"generation senior aide a domicile\" class=\"wp-image-20087\" width=\"222\" srcset=\"https:\/\/www.tousergo.com\/blog\/wp-content\/uploads\/2024\/09\/GE\u0301NE\u0301RATIONS-SE\u0301NIORS.jpg 552w, https:\/\/www.tousergo.com\/blog\/wp-content\/uploads\/2024\/09\/GE\u0301NE\u0301RATIONS-SE\u0301NIORS-300x300.jpg 300w, https:\/\/www.tousergo.com\/blog\/wp-content\/uploads\/2024\/09\/GE\u0301NE\u0301RATIONS-SE\u0301NIORS-150x150.jpg 150w\" sizes=\"(max-width: 552px) 100vw, 552px\" \/><\/a><\/figure><\/div>\n\n\n\n<h4 class=\"wp-block-heading\">G\u00e9n\u00e9ration S\u00e9niors &#8211; Heureux chez soi<\/h4>\n\n\n\n<p>G\u00e9n\u00e9rations S\u00e9niors est une entreprise d&rsquo;aide \u00e0 domicile d\u00e9di\u00e9e \u00e0 l&rsquo;accompagnement des personnes \u00e2g\u00e9es, offrant des services personnalis\u00e9s qui allient bienveillance, professionnalisme et expertise. Gr\u00e2ce \u00e0 une \u00e9quipe qualifi\u00e9e et attentionn\u00e9e, G\u00e9n\u00e9rations S\u00e9niors permet aux a\u00een\u00e9s de conserver leur autonomie tout en restant dans le confort de leur foyer. Cette approche humaine et sur-mesure all\u00e8ge consid\u00e9rablement le quotidien des proches aidants, leur apportant une s\u00e9r\u00e9nit\u00e9 pr\u00e9cieuse. En d\u00e9l\u00e9guant en toute confiance la prise en charge de leurs a\u00een\u00e9s \u00e0 des professionnels, les familles peuvent se recentrer sur l&rsquo;essentiel. Partager des moments de qualit\u00e9 avec leurs proches, tout en sachant que ces derniers b\u00e9n\u00e9ficient d&rsquo;une assistance fiable et respectueuse.<\/p>\n\n\n\n<div style=\"height:1px\" aria-hidden=\"true\" class=\"wp-block-spacer\"><\/div>\n\n\n\n<div class=\"wp-block-image\"><figure class=\"alignleft size-large is-resized\"><a href=\"https:\/\/www.mobilaug.com\/\"><img decoding=\"async\" src=\"https:\/\/www.tousergo.com\/blog\/wp-content\/uploads\/2024\/09\/MOBILAUG.jpg\" alt=\"mobilaug amenagement et adaptation de l'habitat senior et pmr\" class=\"wp-image-20092\" width=\"222\" srcset=\"https:\/\/www.tousergo.com\/blog\/wp-content\/uploads\/2024\/09\/MOBILAUG.jpg 552w, https:\/\/www.tousergo.com\/blog\/wp-content\/uploads\/2024\/09\/MOBILAUG-300x300.jpg 300w, https:\/\/www.tousergo.com\/blog\/wp-content\/uploads\/2024\/09\/MOBILAUG-150x150.jpg 150w\" sizes=\"(max-width: 552px) 100vw, 552px\" \/><\/a><\/figure><\/div>\n\n\n\n<h4 class=\"wp-block-heading\">Mobilaug &#8211; am\u00e9nagement du domicile <\/h4>\n\n\n\n<p>Mobilaug est une entreprise d\u00e9di\u00e9e \u00e0 l\u2019am\u00e9lioration de la qualit\u00e9 de vie des personnes \u00e2g\u00e9es, en perte d\u2019autonomie ou en situation de handicap (PMR). Sp\u00e9cialis\u00e9e dans l&rsquo;<a href=\"https:\/\/www.mobilaug.com\/\" target=\"_blank\" rel=\"noreferrer noopener\">am\u00e9nagement et l&rsquo;adaptation des espaces de vie<\/a>, elle permet \u00e0 chacun de vivre dans un environnement s\u00e9curis\u00e9, accessible et fonctionnel. Gr\u00e2ce \u00e0 des am\u00e9nagements personnalis\u00e9s, Mobilaug favorise l\u2019autonomie au quotidien. Ces adaptations r\u00e9duisent les risques d&rsquo;accidents domestiques et offrant un plus grand confort \u00e0 ses utilisateurs. Cette d\u00e9marche a \u00e9galement un impact significatif sur les proches aidants, en all\u00e9geant leur charge mentale. En effet, savoir que leurs proches \u00e9voluent dans un cadre adapt\u00e9 et s\u00e9curis\u00e9 leur procure une tranquillit\u00e9 d&rsquo;esprit pr\u00e9cieuse.  Le tout en permettant de mieux concilier leurs propres obligations personnelles et professionnelles.<\/p>\n\n\n\n<div style=\"height:1px\" aria-hidden=\"true\" class=\"wp-block-spacer\"><\/div>\n\n\n\n<div class=\"wp-block-image\"><figure class=\"alignleft size-large is-resized\"><a href=\"HTTPS:\/\/WWW.FORESTIME.FR\"><img decoding=\"async\" src=\"https:\/\/www.tousergo.com\/blog\/wp-content\/uploads\/2024\/09\/FORESTIME.jpg\" alt=\"forestime vetement adapt\u00e9s seniors mode inclusive\" class=\"wp-image-20093\" width=\"222\" srcset=\"https:\/\/www.tousergo.com\/blog\/wp-content\/uploads\/2024\/09\/FORESTIME.jpg 552w, https:\/\/www.tousergo.com\/blog\/wp-content\/uploads\/2024\/09\/FORESTIME-300x300.jpg 300w, https:\/\/www.tousergo.com\/blog\/wp-content\/uploads\/2024\/09\/FORESTIME-150x150.jpg 150w\" sizes=\"(max-width: 552px) 100vw, 552px\" \/><\/a><\/figure><\/div>\n\n\n\n<h4 class=\"wp-block-heading\">Forestime &#8211; V\u00eatements seniors modernes et innovants<\/h4>\n\n\n\n<p>ForESTIME est une entreprise sp\u00e9cialis\u00e9e dans la cr\u00e9ation de v\u00eatements adapt\u00e9s aux besoins sp\u00e9cifiques des seniors et des personnes \u00e0 mobilit\u00e9 r\u00e9duite. En proposant des habits con\u00e7us pour faciliter l&rsquo;habillage quotidien, ForESTIME am\u00e9liore significativement l&rsquo;autonomie et le confort de ses utilisateurs. Les v\u00eatements sont pens\u00e9s pour s\u2019enfiler et s\u2019ajuster facilement. Cela limite les gestes contraignants et les douleurs. Ainsi, cela permet aux personnes en perte de mobilit\u00e9 de conserver leur dignit\u00e9 et une meilleure qualit\u00e9 de vie. Cette approche innovante all\u00e8ge \u00e9galement la charge des proches aidants, en rendant les t\u00e2ches d\u2019assistance plus simples et moins chronophages. En r\u00e9duisant le stress li\u00e9 \u00e0 l\u2019habillage, ForESTIME contribue \u00e0 une meilleure relation entre aidants et aid\u00e9s, tout en favorisant le bien-\u00eatre global des familles.<\/p>\n\n\n\n<div style=\"height:1px\" aria-hidden=\"true\" class=\"wp-block-spacer\"><\/div>\n\n\n\n<div class=\"wp-block-image\"><figure class=\"alignleft size-large is-resized\"><a href=\"https:\/\/ladaptelier.fr\/\"><img decoding=\"async\" src=\"https:\/\/www.tousergo.com\/blog\/wp-content\/uploads\/2024\/09\/ADAPTELIER.jpg\" alt=\"adaptelier adapte vos v\u00eatements pmr senior\" class=\"wp-image-20094\" width=\"222\" srcset=\"https:\/\/www.tousergo.com\/blog\/wp-content\/uploads\/2024\/09\/ADAPTELIER.jpg 552w, https:\/\/www.tousergo.com\/blog\/wp-content\/uploads\/2024\/09\/ADAPTELIER-300x300.jpg 300w, https:\/\/www.tousergo.com\/blog\/wp-content\/uploads\/2024\/09\/ADAPTELIER-150x150.jpg 150w\" sizes=\"(max-width: 552px) 100vw, 552px\" \/><\/a><\/figure><\/div>\n\n\n\n<h4 class=\"wp-block-heading\">L&rsquo;Adaptelier &#8211; Vos v\u00eatements&nbsp;adapt\u00e9s&nbsp;en toute simplicit\u00e9 !<\/h4>\n\n\n\n<p><a href=\"https:\/\/www.tousergo.com\/blog\/adaptelier-mode-inclusion-autonomie-dignite\/\" target=\"_blank\" rel=\"noreferrer noopener\">L&rsquo;Adaptelier<\/a> est une entreprise innovante qui se consacre \u00e0 rendre la mode plus accessible aux personnes en perte d\u2019autonomie, telles que les seniors et les personnes \u00e0 mobilit\u00e9 r\u00e9duite. En adaptant les v\u00eatements existants pour les rendre plus faciles \u00e0 enfiler et \u00e0 manipuler, L&rsquo;Adaptelier permet \u00e0 ces individus de conserver leur style et leur dignit\u00e9 au quotidien. Ces v\u00eatements sont modifi\u00e9s, souvent gr\u00e2ce \u00e0 des ajustements comme des ouvertures strat\u00e9giques. Cela r\u00e9duit les difficult\u00e9s li\u00e9es \u00e0 l\u2019habillage, tant pour la personne elle-m\u00eame que pour ses aidants.<\/p>\n\n\n\n<p>Cette approche a un impact important sur la qualit\u00e9 de vie des proches aidants. Ils b\u00e9n\u00e9ficient d&rsquo;une charge de travail all\u00e9g\u00e9e et de gestes moins contraignants. En facilitant ces moments du quotidien, Adaptelier renforce le sentiment d\u2019ind\u00e9pendance de la personne aid\u00e9e. En contribuant \u00e0 la r\u00e9duction du stress et de la fatigue chez les aidants. Ce type de solution participe \u00e0 un environnement familial plus serein et encourage une inclusion sociale renforc\u00e9e pour tous.<\/p>\n\n\n\n<div style=\"height:1px\" aria-hidden=\"true\" class=\"wp-block-spacer\"><\/div>\n\n\n\n<div class=\"wp-block-image\"><figure class=\"alignleft size-large is-resized\"><a href=\"https:\/\/www.domitys.fr\/actualites\/economie-des-seniors\/le-repit-des-aidants-une-priorite\"><img decoding=\"async\" src=\"https:\/\/www.tousergo.com\/blog\/wp-content\/uploads\/2024\/09\/DOMITYS.jpg\" alt=\"court sejours de r\u00e9pit - domitys salon des aidants lille\" class=\"wp-image-20095\" width=\"222\" srcset=\"https:\/\/www.tousergo.com\/blog\/wp-content\/uploads\/2024\/09\/DOMITYS.jpg 552w, https:\/\/www.tousergo.com\/blog\/wp-content\/uploads\/2024\/09\/DOMITYS-300x300.jpg 300w, https:\/\/www.tousergo.com\/blog\/wp-content\/uploads\/2024\/09\/DOMITYS-150x150.jpg 150w\" sizes=\"(max-width: 552px) 100vw, 552px\" \/><\/a><\/figure><\/div>\n\n\n\n<h4 class=\"wp-block-heading\">Domitys &#8211; S\u00e9jour de r\u00e9pits pour aidants<\/h4>\n\n\n\n<p>Domitys est un acteur majeur dans le secteur des r\u00e9sidences services pour seniors en France, offrant des logements adapt\u00e9s et un cadre de vie convivial aux personnes \u00e2g\u00e9es autonomes. Lors du salon, Domitys pr\u00e9sentera son offre de <strong>s\u00e9jours de r\u00e9pit<\/strong> sp\u00e9cialement con\u00e7us pour les <strong>aidants familiaux<\/strong>. Ces courts s\u00e9jours permettent aux proches aidants de b\u00e9n\u00e9ficier d&rsquo;un moment de pause. Le tout en garantissant, si besoin, un accueil s\u00e9curis\u00e9 et adapt\u00e9 pour la personne aid\u00e9e dans l&rsquo;une des r\u00e9sidences Domitys. En offrant des services h\u00f4teliers de qualit\u00e9, des activit\u00e9s vari\u00e9es et un accompagnement personnalis\u00e9, ces s\u00e9jours constituent une solution pr\u00e9cieuse pour les aidants. Ils leur permettant de se ressourcer en toute s\u00e9r\u00e9nit\u00e9.<\/p>\n\n\n\n<div style=\"height:1px\" aria-hidden=\"true\" class=\"wp-block-spacer\"><\/div>\n\n\n\n<div class=\"wp-block-image\"><figure class=\"alignleft is-resized\"><img loading=\"lazy\" decoding=\"async\" src=\"https:\/\/scontent-cdg4-1.xx.fbcdn.net\/v\/t39.30808-6\/310738457_207640154954439_3496114385774480096_n.jpg?_nc_cat=102&amp;ccb=1-7&amp;_nc_sid=6ee11a&amp;_nc_ohc=fpY-wfKbaJwQ7kNvgGzdeyo&amp;_nc_ht=scontent-cdg4-1.xx&amp;_nc_gid=AuGP78SUbxCvcXBiDvFqaK3&amp;oh=00_AYDmyqfIck4bWzhYLcd3Uro-iRiqMsBN22S83X4ghniWLA&amp;oe=6715832D\" alt=\"Aucune description de photo disponible.\" width=\"222\" height=\"222\"\/><\/figure><\/div>\n\n\n\n<h4 class=\"wp-block-heading\">Le Coaching Supendu &#8211; Coaching professionnel solidaire<\/h4>\n\n\n\n<p>L&rsquo;aidance est parfois un travail \u00e0 temps plein, qui peut durer des mois comme ann\u00e9es voire d\u00e9cennies. Lorsque la personne aid\u00e9e nous quitte, nous pouvons nous retrouver dans une position particuli\u00e8re. Au del\u00e0 m\u00eame du deuil de la personne, nous mettons aussi en deuil notre r\u00f4le, notre essence : ce pourquoi nous avons tenu tout ce temps. Il peut devenir tr\u00e8s compliqu\u00e9 de redonner un sens \u00e0 sa vie une fois qu&rsquo;elle nous appartient \u00e0 nouveau. L<a href=\"https:\/\/www.coachingsuspendu.fr\" target=\"_blank\" rel=\"noreferrer noopener\">e coaching Suspendu offre un accompagnement \u00e0 ces personnes<\/a> pour maintenir ou revenir \u00e0 l&rsquo;activit\u00e9 socioprofessionnelle , apr\u00e8s ou pendant la maladie d&rsquo;un proche&#8230; <br>Leur accompagnement se fait en s\u00e9ance de coaching individuel ou collectif selon vos besoins, par une \u00e9quipe de professionnelles de l&rsquo;accompagnement solidaire. Et le tout \u00e0 un tarif associatif ! \u00ab\u00a0Seul.e, c&rsquo;est bien, accompagn\u00e9.e, c&rsquo;est mieux\u00a0\u00bb.<\/p>\n\n\n\n<div style=\"height:44px\" aria-hidden=\"true\" class=\"wp-block-spacer\"><\/div>\n\n\n","protected":false},"excerpt":{"rendered":"<p class=\"u-txt-sm u-txt-dark u-d-desktop u-w-100\">Pour la premi\u00e8re fois, la r\u00e9gion lilloise a re\u00e7u son premier Salon des Aidants le 7 octobre 2024, chez TOUS...<\/p>\n<button class=\"c-btn--unstyled u-font-weight-bold u-txt-primary u-txt-sm\">\n\t\t\tLire l\u2019article\n\t\t\t<span class=\"c-icon--24 u-ml-1\"><img decoding=\"async\" src=\"https:\/\/www.tousergo.com\/blog\/wp-content\/themes\/tousergo\/img\/icons\/arrow-right-circle-fill.svg\" alt=\"\"><\/span>\n\t<\/button>","protected":false},"author":21,"featured_media":20077,"comment_status":"open","ping_status":"open","sticky":false,"template":"","format":"standard","meta":{"footnotes":""},"categories":[17,2,14],"tags":[],"class_list":["post-20071","post","type-post","status-publish","format-standard","has-post-thumbnail","hentry","category-aidants","category-conseils-et-solutions","category-notre-actu"],"yoast_head":"<!-- This site is optimized with the Yoast SEO plugin v15.7 - https:\/\/yoast.com\/wordpress\/plugins\/seo\/ -->\n<title>Le premier salon des aidants \u00e0 Lille ! - Blog Tous ergo<\/title>\n<meta name=\"description\" content=\"Pour la premi\u00e8re fois, la M\u00e9tropole Europ\u00e9enne de Lille (MEL) recevra son premier Salon des Aidants chez TOUS ERGO \u00e0 Bondues ! Inscrivez-vous\" \/>\n<meta name=\"robots\" content=\"index, follow, max-snippet:-1, max-image-preview:large, max-video-preview:-1\" \/>\n<link rel=\"canonical\" href=\"https:\/\/www.tousergo.com\/blog\/premier-salon-des-aidants-lille\/\" \/>\n<meta property=\"og:locale\" content=\"fr_FR\" \/>\n<meta property=\"og:type\" content=\"article\" \/>\n<meta property=\"og:title\" content=\"Le premier salon des aidants \u00e0 Lille ! - Blog Tous ergo\" \/>\n<meta property=\"og:description\" content=\"Pour la premi\u00e8re fois, la M\u00e9tropole Europ\u00e9enne de Lille (MEL) recevra son premier Salon des Aidants chez TOUS ERGO \u00e0 Bondues ! Inscrivez-vous\" \/>\n<meta property=\"og:url\" content=\"https:\/\/www.tousergo.com\/blog\/premier-salon-des-aidants-lille\/\" \/>\n<meta property=\"og:site_name\" content=\"Blog Tous ergo\" \/>\n<meta property=\"article:publisher\" content=\"https:\/\/www.facebook.com\/tousergo\/\" \/>\n<meta property=\"article:published_time\" content=\"2024-09-10T14:06:53+00:00\" \/>\n<meta property=\"article:modified_time\" content=\"2024-11-07T15:15:20+00:00\" \/>\n<meta property=\"og:image\" content=\"https:\/\/www.tousergo.com\/blog\/wp-content\/uploads\/2024\/09\/HEADER-SDA-Blog.jpg\" \/>\n\t<meta property=\"og:image:width\" content=\"1000\" \/>\n\t<meta property=\"og:image:height\" content=\"552\" \/>\n<meta name=\"twitter:card\" content=\"summary_large_image\" \/>\n<meta name=\"twitter:creator\" content=\"@tousergo\" \/>\n<meta name=\"twitter:site\" content=\"@tousergo\" \/>\n<meta name=\"twitter:label1\" content=\"Dur\u00e9e de lecture est.\">\n\t<meta name=\"twitter:data1\" content=\"8 minutes\">\n<script type=\"application\/ld+json\" class=\"yoast-schema-graph\">{\"@context\":\"https:\/\/schema.org\",\"@graph\":[{\"@type\":\"WebSite\",\"@id\":\"https:\/\/www.tousergo.com\/blog\/#website\",\"url\":\"https:\/\/www.tousergo.com\/blog\/\",\"name\":\"Blog Tous ergo\",\"description\":\"Toutes les solutions pour l&#039;autonomie \\u00e0 domicile\",\"potentialAction\":[{\"@type\":\"SearchAction\",\"target\":\"https:\/\/www.tousergo.com\/blog\/?s={search_term_string}\",\"query-input\":\"required name=search_term_string\"}],\"inLanguage\":\"fr-FR\"},{\"@type\":\"ImageObject\",\"@id\":\"https:\/\/www.tousergo.com\/blog\/premier-salon-des-aidants-lille\/#primaryimage\",\"inLanguage\":\"fr-FR\",\"url\":\"https:\/\/www.tousergo.com\/blog\/wp-content\/uploads\/2024\/09\/HEADER-SDA-Blog.jpg\",\"width\":1000,\"height\":552,\"caption\":\"Salon des Aidants Lille\"},{\"@type\":\"WebPage\",\"@id\":\"https:\/\/www.tousergo.com\/blog\/premier-salon-des-aidants-lille\/#webpage\",\"url\":\"https:\/\/www.tousergo.com\/blog\/premier-salon-des-aidants-lille\/\",\"name\":\"Le premier salon des aidants \\u00e0 Lille ! - Blog Tous ergo\",\"isPartOf\":{\"@id\":\"https:\/\/www.tousergo.com\/blog\/#website\"},\"primaryImageOfPage\":{\"@id\":\"https:\/\/www.tousergo.com\/blog\/premier-salon-des-aidants-lille\/#primaryimage\"},\"datePublished\":\"2024-09-10T14:06:53+00:00\",\"dateModified\":\"2024-11-07T15:15:20+00:00\",\"author\":{\"@id\":\"https:\/\/www.tousergo.com\/blog\/#\/schema\/person\/387bcdcd8cd446c101a564d224bdfc1e\"},\"description\":\"Pour la premi\\u00e8re fois, la M\\u00e9tropole Europ\\u00e9enne de Lille (MEL) recevra son premier Salon des Aidants chez TOUS ERGO \\u00e0 Bondues ! Inscrivez-vous\",\"breadcrumb\":{\"@id\":\"https:\/\/www.tousergo.com\/blog\/premier-salon-des-aidants-lille\/#breadcrumb\"},\"inLanguage\":\"fr-FR\",\"potentialAction\":[{\"@type\":\"ReadAction\",\"target\":[\"https:\/\/www.tousergo.com\/blog\/premier-salon-des-aidants-lille\/\"]}]},{\"@type\":\"BreadcrumbList\",\"@id\":\"https:\/\/www.tousergo.com\/blog\/premier-salon-des-aidants-lille\/#breadcrumb\",\"itemListElement\":[{\"@type\":\"ListItem\",\"position\":1,\"item\":{\"@type\":\"WebPage\",\"@id\":\"https:\/\/www.tousergo.com\/blog\/\",\"url\":\"https:\/\/www.tousergo.com\/blog\/\",\"name\":\"Accueil\"}},{\"@type\":\"ListItem\",\"position\":2,\"item\":{\"@type\":\"WebPage\",\"@id\":\"https:\/\/www.tousergo.com\/blog\/premier-salon-des-aidants-lille\/\",\"url\":\"https:\/\/www.tousergo.com\/blog\/premier-salon-des-aidants-lille\/\",\"name\":\"Le premier salon des aidants \\u00e0 Lille !\"}}]},{\"@type\":\"Person\",\"@id\":\"https:\/\/www.tousergo.com\/blog\/#\/schema\/person\/387bcdcd8cd446c101a564d224bdfc1e\",\"name\":\"Joy\",\"image\":{\"@type\":\"ImageObject\",\"@id\":\"https:\/\/www.tousergo.com\/blog\/#personlogo\",\"inLanguage\":\"fr-FR\",\"url\":\"https:\/\/secure.gravatar.com\/avatar\/46743aab7d879e0bb5294f36227d3ec5e345e8ad1e0862af3d3fe160aad774d1?s=96&d=mm&r=g\",\"caption\":\"Joy\"},\"description\":\"Bonjour, je suis Joy, responsable \\u00e9ditoriale et experte en maintien \\u00e0 domicile et bien-vieillir pour TOUS ERGO. Depuis plus de 5 ans, j'explore les d\\u00e9fis quotidiens li\\u00e9s \\u00e0 la perte d'autonomie, \\u00e0 l'accessibilit\\u00e9 et \\u00e0 l'aidance pour proposer des solutions concr\\u00e8tes et durables. Mon objectif : apporter une information fiable et humaine pour aider chaque famille \\u00e0 faire les bons choix d'\\u00e9quipement.\"}]}<\/script>\n<!-- \/ Yoast SEO plugin. -->","_links":{"self":[{"href":"https:\/\/www.tousergo.com\/blog\/wp-json\/wp\/v2\/posts\/20071","targetHints":{"allow":["GET"]}}],"collection":[{"href":"https:\/\/www.tousergo.com\/blog\/wp-json\/wp\/v2\/posts"}],"about":[{"href":"https:\/\/www.tousergo.com\/blog\/wp-json\/wp\/v2\/types\/post"}],"author":[{"embeddable":true,"href":"https:\/\/www.tousergo.com\/blog\/wp-json\/wp\/v2\/users\/21"}],"replies":[{"embeddable":true,"href":"https:\/\/www.tousergo.com\/blog\/wp-json\/wp\/v2\/comments?post=20071"}],"version-history":[{"count":24,"href":"https:\/\/www.tousergo.com\/blog\/wp-json\/wp\/v2\/posts\/20071\/revisions"}],"predecessor-version":[{"id":20178,"href":"https:\/\/www.tousergo.com\/blog\/wp-json\/wp\/v2\/posts\/20071\/revisions\/20178"}],"wp:featuredmedia":[{"embeddable":true,"href":"https:\/\/www.tousergo.com\/blog\/wp-json\/wp\/v2\/media\/20077"}],"wp:attachment":[{"href":"https:\/\/www.tousergo.com\/blog\/wp-json\/wp\/v2\/media?parent=20071"}],"wp:term":[{"taxonomy":"category","embeddable":true,"href":"https:\/\/www.tousergo.com\/blog\/wp-json\/wp\/v2\/categories?post=20071"},{"taxonomy":"post_tag","embeddable":true,"href":"https:\/\/www.tousergo.com\/blog\/wp-json\/wp\/v2\/tags?post=20071"}],"curies":[{"name":"wp","href":"https:\/\/api.w.org\/{rel}","templated":true}]}}