{"id":234,"date":"2008-10-06T11:26:26","date_gmt":"2008-10-06T09:26:26","guid":{"rendered":"https:\/\/www.tousergo.com\/blog\/?p=234"},"modified":"2021-10-14T17:48:28","modified_gmt":"2021-10-14T15:48:28","slug":"rehacare-la-grand-messe-europeenne-du-handicap","status":"publish","type":"post","link":"https:\/\/www.tousergo.com\/blog\/rehacare-la-grand-messe-europeenne-du-handicap\/","title":{"rendered":"Rehacare : la grand-messe europ\u00e9enne du handicap"},"content":{"rendered":"<figure id=\"attachment_237\" aria-describedby=\"caption-attachment-237\" style=\"width: 150px\" class=\"wp-caption alignleft\"><a href=\"https:\/\/www.tousergo.com\/blog\/wp-content\/uploads\/2008\/10\/salon_rehacare1.jpg\"><img loading=\"lazy\" decoding=\"async\" class=\"size-thumbnail wp-image-237\" title=\"salon_rehacare1\" src=\"https:\/\/www.tousergo.com\/blog\/wp-content\/uploads\/2008\/10\/salon_rehacare1-150x150.jpg\" alt=\"Rehacare, le salon europ\u00e9en du handicap\" width=\"150\" height=\"150\" \/><\/a><figcaption id=\"caption-attachment-237\" class=\"wp-caption-text\">Rehacare, le salon europ\u00e9en du handicap<\/figcaption><\/figure>\n<p>Les 15, 16, 17 et 18 Octobre 2008, se tiendra \u00e0 D\u00fcsseldorf en Allemagne, la 19\u00e9me \u00e9dition du salon Rehacare, premier congr\u00e8s Europ\u00e9en sur la r\u00e9habilitation, la pr\u00e9vention, l\u2019int\u00e9gration et le soin \u00e0 la personne en situation de handicap.<\/p>\n<p>Avec ses trente ann\u00e9es d\u2019exp\u00e9rience du march\u00e9, le salon Rehacare est une plateforme d\u2019information et de d\u00e9couverte id\u00e9ale pour toutes les personnes touch\u00e9es par des probl\u00e8mes de handicap, n\u00e9cessitant des soins r\u00e9guliers ou encore atteintes par des difficult\u00e9s li\u00e9es \u00e0 l\u2019age.<\/p>\n<p>La diversit\u00e9 des th\u00e8mes, activit\u00e9s, \u00e9v\u00e8nements et pr\u00e9sentations, est repr\u00e9sentative de la qualit\u00e9 du salon Rehacare. En effet, l\u2019ann\u00e9e pass\u00e9e, le salon couvrait 31 000 m\u00e8tres carr\u00e9s, accueillait 800 exposants, originaires de 32 pays diff\u00e9rents et \u00e9tait visit\u00e9 par pr\u00e8s de 47 000 personnes.<\/p>\n<p>Ce salon est donc une r\u00e9f\u00e9rence pour tous ceux qui sont int\u00e9ress\u00e9s par les solutions simples ou plus \u00e9labor\u00e9es, mais toujours utiles qui minimisent l\u2019impact du physique sur la relation des personnes souffrant d\u2019une mobilit\u00e9 restreinte \u00e0 leur environnement quotidien.<\/p>\n<p>En recherche perp\u00e9tuelle de nouveaux produits, Tous Ergo va \u00e9videment se rendre sur Rehacare.<\/p>\n<p>J\u2019aurais donc l\u2019honneur d\u2019aller la semaine prochaine \u00e0 D\u00fcsseldorf pour d\u00e9nicher des produits, rencontrer des fabricants de toute l\u2019Europe, \u00e9couter les conf\u00e9rences propos\u00e9es par nombre de professionnels du handicap : ergoth\u00e9rapeutes, designers ou professionnels de l\u2019industrie m\u00e9dicale.<\/p>\n<p>Tous Ergo se concentrera sur certains produits comme les \u00e9quipements et am\u00e9nagements facilitant la vie \u00e0 la maison et au bureau, les d\u00e9placements, ou encore l\u2019am\u00e9lioration de la communication entre les personnes en situation de handicap et leur entourage.<br \/>\nLes produits tr\u00e8s m\u00e9dicalis\u00e9s et les aides techniques plus lourdes seront moins approfondis. Tous Ergo a choisi le mod\u00e8le de la vente \u00e0 distance et ne pourra donc distribuer l\u2019ensemble des aides techniques au handicap.<\/p>\n<p>Infos pratiques<br \/>\nSalon Rehacare (organis\u00e9e par Messe D\u00fcsseldorf GmbH)<br \/>\nMesseplatz, Stochumer Kirchstrasse 61<br \/>\n40474 D\u00fcsseldorf, Allemagne<br \/>\nSite web : www.rehacare.de<\/p>\n","protected":false},"excerpt":{"rendered":"<p class=\"u-txt-sm u-txt-dark u-d-desktop u-w-100\">Les 15, 16, 17 et 18 Octobre 2008, se tiendra \u00e0 D\u00fcsseldorf en Allemagne, la 19\u00e9me \u00e9dition du salon Rehacare,...<\/p>\n<button class=\"c-btn--unstyled u-font-weight-bold u-txt-primary u-txt-sm\">\n\t\t\tLire l\u2019article\n\t\t\t<span class=\"c-icon--24 u-ml-1\"><img decoding=\"async\" src=\"https:\/\/www.tousergo.com\/blog\/wp-content\/themes\/tousergo\/img\/icons\/arrow-right-circle-fill.svg\" alt=\"\"><\/span>\n\t<\/button>","protected":false},"author":2,"featured_media":0,"comment_status":"open","ping_status":"open","sticky":false,"template":"","format":"standard","meta":{"footnotes":""},"categories":[16,8,2,11],"tags":[374,666,705],"class_list":["post-234","post","type-post","status-publish","format-standard","hentry","category-accessibilite-conseils-et-solutions","category-maintien-a-domicile-conseils-et-solutions","category-conseils-et-solutions","category-on-a-aime","tag-handicap","tag-rehacare","tag-salon"],"yoast_head":"<!-- This site is optimized with the Yoast SEO plugin v15.7 - https:\/\/yoast.com\/wordpress\/plugins\/seo\/ -->\n<title>Rehacare : la grand-messe europ\u00e9enne du handicap - Blog Tous ergo<\/title>\n<meta name=\"description\" content=\"Le salon Rehacare est une plateforme d\u2019information et de d\u00e9couverte id\u00e9ale pour toutes les personnes touch\u00e9es par des probl\u00e8mes de handicap !\" \/>\n<meta name=\"robots\" content=\"index, follow, max-snippet:-1, max-image-preview:large, max-video-preview:-1\" \/>\n<link rel=\"canonical\" href=\"https:\/\/www.tousergo.com\/blog\/rehacare-la-grand-messe-europeenne-du-handicap\/\" \/>\n<meta property=\"og:locale\" content=\"fr_FR\" \/>\n<meta property=\"og:type\" content=\"article\" \/>\n<meta property=\"og:title\" content=\"Rehacare : la grand-messe europ\u00e9enne du handicap - Blog Tous ergo\" \/>\n<meta property=\"og:description\" content=\"Le salon Rehacare est une plateforme d\u2019information et de d\u00e9couverte id\u00e9ale pour toutes les personnes touch\u00e9es par des probl\u00e8mes de handicap !\" \/>\n<meta property=\"og:url\" content=\"https:\/\/www.tousergo.com\/blog\/rehacare-la-grand-messe-europeenne-du-handicap\/\" \/>\n<meta property=\"og:site_name\" content=\"Blog Tous ergo\" \/>\n<meta property=\"article:publisher\" content=\"https:\/\/www.facebook.com\/tousergo\/\" \/>\n<meta property=\"article:published_time\" content=\"2008-10-06T09:26:26+00:00\" \/>\n<meta property=\"article:modified_time\" content=\"2021-10-14T15:48:28+00:00\" \/>\n<meta property=\"og:image\" content=\"https:\/\/www.tousergo.com\/blog\/wp-content\/uploads\/2008\/10\/salon_rehacare1-150x150.jpg\" \/>\n<meta name=\"twitter:card\" content=\"summary_large_image\" \/>\n<meta name=\"twitter:creator\" content=\"@tousergo\" \/>\n<meta name=\"twitter:site\" content=\"@tousergo\" \/>\n<meta name=\"twitter:label1\" content=\"Dur\u00e9e de lecture est.\">\n\t<meta name=\"twitter:data1\" content=\"2 minutes\">\n<script type=\"application\/ld+json\" class=\"yoast-schema-graph\">{\"@context\":\"https:\/\/schema.org\",\"@graph\":[{\"@type\":\"WebSite\",\"@id\":\"https:\/\/www.tousergo.com\/blog\/#website\",\"url\":\"https:\/\/www.tousergo.com\/blog\/\",\"name\":\"Blog Tous ergo\",\"description\":\"Toutes les solutions pour l&#039;autonomie \\u00e0 domicile\",\"potentialAction\":[{\"@type\":\"SearchAction\",\"target\":\"https:\/\/www.tousergo.com\/blog\/?s={search_term_string}\",\"query-input\":\"required name=search_term_string\"}],\"inLanguage\":\"fr-FR\"},{\"@type\":\"ImageObject\",\"@id\":\"https:\/\/www.tousergo.com\/blog\/rehacare-la-grand-messe-europeenne-du-handicap\/#primaryimage\",\"inLanguage\":\"fr-FR\",\"url\":\"https:\/\/www.tousergo.com\/blog\/wp-content\/uploads\/2008\/10\/salon_rehacare1.jpg\",\"width\":875,\"height\":1071,\"caption\":\"Rehacare, le salon europ\\u00e9en du handicap\"},{\"@type\":\"WebPage\",\"@id\":\"https:\/\/www.tousergo.com\/blog\/rehacare-la-grand-messe-europeenne-du-handicap\/#webpage\",\"url\":\"https:\/\/www.tousergo.com\/blog\/rehacare-la-grand-messe-europeenne-du-handicap\/\",\"name\":\"Rehacare : la grand-messe europ\\u00e9enne du handicap - Blog Tous ergo\",\"isPartOf\":{\"@id\":\"https:\/\/www.tousergo.com\/blog\/#website\"},\"primaryImageOfPage\":{\"@id\":\"https:\/\/www.tousergo.com\/blog\/rehacare-la-grand-messe-europeenne-du-handicap\/#primaryimage\"},\"datePublished\":\"2008-10-06T09:26:26+00:00\",\"dateModified\":\"2021-10-14T15:48:28+00:00\",\"author\":{\"@id\":\"https:\/\/www.tousergo.com\/blog\/#\/schema\/person\/15c7932cac71694da70b0c402147317c\"},\"description\":\"Le salon Rehacare est une plateforme d\\u2019information et de d\\u00e9couverte id\\u00e9ale pour toutes les personnes touch\\u00e9es par des probl\\u00e8mes de handicap !\",\"breadcrumb\":{\"@id\":\"https:\/\/www.tousergo.com\/blog\/rehacare-la-grand-messe-europeenne-du-handicap\/#breadcrumb\"},\"inLanguage\":\"fr-FR\",\"potentialAction\":[{\"@type\":\"ReadAction\",\"target\":[\"https:\/\/www.tousergo.com\/blog\/rehacare-la-grand-messe-europeenne-du-handicap\/\"]}]},{\"@type\":\"BreadcrumbList\",\"@id\":\"https:\/\/www.tousergo.com\/blog\/rehacare-la-grand-messe-europeenne-du-handicap\/#breadcrumb\",\"itemListElement\":[{\"@type\":\"ListItem\",\"position\":1,\"item\":{\"@type\":\"WebPage\",\"@id\":\"https:\/\/www.tousergo.com\/blog\/\",\"url\":\"https:\/\/www.tousergo.com\/blog\/\",\"name\":\"Accueil\"}},{\"@type\":\"ListItem\",\"position\":2,\"item\":{\"@type\":\"WebPage\",\"@id\":\"https:\/\/www.tousergo.com\/blog\/rehacare-la-grand-messe-europeenne-du-handicap\/\",\"url\":\"https:\/\/www.tousergo.com\/blog\/rehacare-la-grand-messe-europeenne-du-handicap\/\",\"name\":\"Rehacare : la grand-messe europ\\u00e9enne du handicap\"}}]},{\"@type\":\"Person\",\"@id\":\"https:\/\/www.tousergo.com\/blog\/#\/schema\/person\/15c7932cac71694da70b0c402147317c\",\"name\":\"Thibaut\",\"image\":{\"@type\":\"ImageObject\",\"@id\":\"https:\/\/www.tousergo.com\/blog\/#personlogo\",\"inLanguage\":\"fr-FR\",\"url\":\"https:\/\/secure.gravatar.com\/avatar\/e3d8c84f8ea0e10104170189a4224e9e48ede275c2cd4d0900f36e38b0a8b2ff?s=96&d=mm&r=g\",\"caption\":\"Thibaut\"},\"description\":\"Bonjour, je suis Thibaut ! Fondateur de Tous Ergo, mon objectif est de proposer des solutions pour favoriser le confort, l'autonomie et la s\\u00e9curit\\u00e9 des personnes \\u00e2g\\u00e9es d\\u00e9pendantes ou en situation de handicap. Nous partageons avec nos collaborateurs, partenaires, clients et fournisseurs, 3 valeurs fondamentales : la confiance, la simplicit\\u00e9 et l'inventivit\\u00e9.\"}]}<\/script>\n<!-- \/ Yoast SEO plugin. -->","_links":{"self":[{"href":"https:\/\/www.tousergo.com\/blog\/wp-json\/wp\/v2\/posts\/234","targetHints":{"allow":["GET"]}}],"collection":[{"href":"https:\/\/www.tousergo.com\/blog\/wp-json\/wp\/v2\/posts"}],"about":[{"href":"https:\/\/www.tousergo.com\/blog\/wp-json\/wp\/v2\/types\/post"}],"author":[{"embeddable":true,"href":"https:\/\/www.tousergo.com\/blog\/wp-json\/wp\/v2\/users\/2"}],"replies":[{"embeddable":true,"href":"https:\/\/www.tousergo.com\/blog\/wp-json\/wp\/v2\/comments?post=234"}],"version-history":[{"count":1,"href":"https:\/\/www.tousergo.com\/blog\/wp-json\/wp\/v2\/posts\/234\/revisions"}],"predecessor-version":[{"id":15661,"href":"https:\/\/www.tousergo.com\/blog\/wp-json\/wp\/v2\/posts\/234\/revisions\/15661"}],"wp:attachment":[{"href":"https:\/\/www.tousergo.com\/blog\/wp-json\/wp\/v2\/media?parent=234"}],"wp:term":[{"taxonomy":"category","embeddable":true,"href":"https:\/\/www.tousergo.com\/blog\/wp-json\/wp\/v2\/categories?post=234"},{"taxonomy":"post_tag","embeddable":true,"href":"https:\/\/www.tousergo.com\/blog\/wp-json\/wp\/v2\/tags?post=234"}],"curies":[{"name":"wp","href":"https:\/\/api.w.org\/{rel}","templated":true}]}}