{"id":2674,"date":"2012-02-08T10:46:34","date_gmt":"2012-02-08T08:46:34","guid":{"rendered":"https:\/\/www.tousergo.com\/blog\/?p=2674"},"modified":"2021-04-08T11:16:19","modified_gmt":"2021-04-08T09:16:19","slug":"un-showroom-dedie-aux-cuisines-pour-les-personnes-a-mobilite-reduite","status":"publish","type":"post","link":"https:\/\/www.tousergo.com\/blog\/un-showroom-dedie-aux-cuisines-pour-les-personnes-a-mobilite-reduite\/","title":{"rendered":"Un showroom d\u00e9di\u00e9 aux cuisines pour les personnes \u00e0 mobilit\u00e9 r\u00e9duite"},"content":{"rendered":"<p><a href=\"https:\/\/www.tousergo.com\/blog\/wp-content\/uploads\/2012\/02\/cuisine_handicap1.jpg\"><br \/>\n<\/a><a href=\"https:\/\/www.tousergo.com\/blog\/wp-content\/uploads\/2012\/02\/cuisine_handicap2.jpg\"><img loading=\"lazy\" class=\"aligncenter size-medium wp-image-2678\" title=\"cuisine_handicap\" src=\"https:\/\/www.tousergo.com\/blog\/wp-content\/uploads\/2012\/02\/cuisine_handicap2-300x270.jpg\" alt=\"\" width=\"300\" height=\"270\" srcset=\"https:\/\/www.tousergo.com\/blog\/wp-content\/uploads\/2012\/02\/cuisine_handicap2-300x270.jpg 300w, https:\/\/www.tousergo.com\/blog\/wp-content\/uploads\/2012\/02\/cuisine_handicap2-768x691.jpg 768w, https:\/\/www.tousergo.com\/blog\/wp-content\/uploads\/2012\/02\/cuisine_handicap2.jpg 1000w\" sizes=\"(max-width: 300px) 100vw, 300px\" \/><\/a>Bonjour \u00e0 tous,<\/p>\n<p>La semaine derni\u00e8re j&rsquo;ai eu la chance d&rsquo;aller \u00e0 l&rsquo;inauguration du showroom d&rsquo;ergomobilys.<\/p>\n<p>Bas\u00e9e \u00e0 Salon de Provence \u00e0 quelques km au Nord de Marseille, cette soci\u00e9t\u00e9 sp\u00e9cialis\u00e9e dans l\u2019adaptation du domicile pour les personnes en situation de handicap ou les personnes \u00e2g\u00e9es souhaitant adapter leur logement pour y vivre mieux et plus longtemps.<\/p>\n<p><strong>3 cuisines y sont expos\u00e9es :<\/strong><\/p>\n<p>la premi\u00e8re est une cuisine PMR statique et adapt\u00e9e aux personnes vivant en fauteuil. Le plan est plus bas. Elle ne saurait \u00eatre confortable pour une personne \u00ab\u00a0valide\u00a0\u00bb.<\/p>\n<p>La seconde est une cuisine PMR parfaitement adapt\u00e9e \u00e0 une famille dont l&rsquo;un des membres serait \u00e0 mobilit\u00e9 r\u00e9duite, en fauteuil roulant. Le plan de travail est r\u00e9glable en hauteur gr\u00e2ce \u00e0 une motorisation \u00e9lectrique.<\/p>\n<p>Enfin, la troisi\u00e8me cuisine est pens\u00e9e pour des seniors : des rangements sup\u00e9rieurs qui descendent, de nombreux tiroirs, des accessoires pratiques pour faciliter le quotidien des personnes \u00e2g\u00e9es.<\/p>\n","protected":false},"excerpt":{"rendered":"<p class=\"u-txt-sm u-txt-dark u-d-desktop u-w-100\">Bonjour \u00e0 tous, La semaine derni\u00e8re j&rsquo;ai eu la chance d&rsquo;aller \u00e0 l&rsquo;inauguration du showroom d&rsquo;ergomobilys. Bas\u00e9e \u00e0 Salon de...<\/p>\n<button class=\"c-btn--unstyled u-font-weight-bold u-txt-primary u-txt-sm\">\n\t\t\tLire l\u2019article\n\t\t\t<span class=\"c-icon--24 u-ml-1\"><img src=\"https:\/\/www.tousergo.com\/blog\/wp-content\/themes\/tousergo\/img\/icons\/arrow-right-circle-fill.svg\" alt=\"\"><\/span>\n\t<\/button>","protected":false},"author":2,"featured_media":0,"comment_status":"open","ping_status":"open","sticky":false,"template":"","format":"standard","meta":[],"categories":[16,2,14],"tags":[240,241],"yoast_head":"<!-- This site is optimized with the Yoast SEO plugin v15.7 - https:\/\/yoast.com\/wordpress\/plugins\/seo\/ -->\n<title>Un showroom d\u00e9di\u00e9 aux cuisines pour les personnes \u00e0 mobilit\u00e9 r\u00e9duite - Blog Tous ergo<\/title>\n<meta name=\"robots\" content=\"index, follow, max-snippet:-1, max-image-preview:large, max-video-preview:-1\" \/>\n<link rel=\"canonical\" href=\"https:\/\/www.tousergo.com\/blog\/un-showroom-dedie-aux-cuisines-pour-les-personnes-a-mobilite-reduite\/\" \/>\n<meta property=\"og:locale\" content=\"fr_FR\" \/>\n<meta property=\"og:type\" content=\"article\" \/>\n<meta property=\"og:title\" content=\"Un showroom d\u00e9di\u00e9 aux cuisines pour les personnes \u00e0 mobilit\u00e9 r\u00e9duite - Blog Tous ergo\" \/>\n<meta property=\"og:description\" content=\"Bonjour \u00e0 tous, La semaine derni\u00e8re j&rsquo;ai eu la chance d&rsquo;aller \u00e0 l&rsquo;inauguration du showroom d&rsquo;ergomobilys. Bas\u00e9e \u00e0 Salon de\" \/>\n<meta property=\"og:url\" content=\"https:\/\/www.tousergo.com\/blog\/un-showroom-dedie-aux-cuisines-pour-les-personnes-a-mobilite-reduite\/\" \/>\n<meta property=\"og:site_name\" content=\"Blog Tous ergo\" \/>\n<meta property=\"article:publisher\" content=\"https:\/\/www.facebook.com\/tousergo\/\" \/>\n<meta property=\"article:published_time\" content=\"2012-02-08T08:46:34+00:00\" \/>\n<meta property=\"article:modified_time\" content=\"2021-04-08T09:16:19+00:00\" \/>\n<meta property=\"og:image\" content=\"https:\/\/www.tousergo.com\/blog\/wp-content\/uploads\/2012\/02\/cuisine_handicap2-300x270.jpg\" \/>\n<meta name=\"twitter:card\" content=\"summary_large_image\" \/>\n<meta name=\"twitter:creator\" content=\"@tousergo\" \/>\n<meta name=\"twitter:site\" content=\"@tousergo\" \/>\n<meta name=\"twitter:label1\" content=\"Dur\u00e9e de lecture est.\">\n\t<meta name=\"twitter:data1\" content=\"1 minute\">\n<script type=\"application\/ld+json\" class=\"yoast-schema-graph\">{\"@context\":\"https:\/\/schema.org\",\"@graph\":[{\"@type\":\"WebSite\",\"@id\":\"https:\/\/www.tousergo.com\/blog\/#website\",\"url\":\"https:\/\/www.tousergo.com\/blog\/\",\"name\":\"Blog Tous ergo\",\"description\":\"Toutes les solutions pour l&#039;autonomie \\u00e0 domicile\",\"potentialAction\":[{\"@type\":\"SearchAction\",\"target\":\"https:\/\/www.tousergo.com\/blog\/?s={search_term_string}\",\"query-input\":\"required name=search_term_string\"}],\"inLanguage\":\"fr-FR\"},{\"@type\":\"ImageObject\",\"@id\":\"https:\/\/www.tousergo.com\/blog\/un-showroom-dedie-aux-cuisines-pour-les-personnes-a-mobilite-reduite\/#primaryimage\",\"inLanguage\":\"fr-FR\",\"url\":\"https:\/\/www.tousergo.com\/blog\/wp-content\/uploads\/2012\/02\/cuisine_handicap2.jpg\",\"width\":1000,\"height\":900},{\"@type\":\"WebPage\",\"@id\":\"https:\/\/www.tousergo.com\/blog\/un-showroom-dedie-aux-cuisines-pour-les-personnes-a-mobilite-reduite\/#webpage\",\"url\":\"https:\/\/www.tousergo.com\/blog\/un-showroom-dedie-aux-cuisines-pour-les-personnes-a-mobilite-reduite\/\",\"name\":\"Un showroom d\\u00e9di\\u00e9 aux cuisines pour les personnes \\u00e0 mobilit\\u00e9 r\\u00e9duite - Blog Tous ergo\",\"isPartOf\":{\"@id\":\"https:\/\/www.tousergo.com\/blog\/#website\"},\"primaryImageOfPage\":{\"@id\":\"https:\/\/www.tousergo.com\/blog\/un-showroom-dedie-aux-cuisines-pour-les-personnes-a-mobilite-reduite\/#primaryimage\"},\"datePublished\":\"2012-02-08T08:46:34+00:00\",\"dateModified\":\"2021-04-08T09:16:19+00:00\",\"author\":{\"@id\":\"https:\/\/www.tousergo.com\/blog\/#\/schema\/person\/15c7932cac71694da70b0c402147317c\"},\"breadcrumb\":{\"@id\":\"https:\/\/www.tousergo.com\/blog\/un-showroom-dedie-aux-cuisines-pour-les-personnes-a-mobilite-reduite\/#breadcrumb\"},\"inLanguage\":\"fr-FR\",\"potentialAction\":[{\"@type\":\"ReadAction\",\"target\":[\"https:\/\/www.tousergo.com\/blog\/un-showroom-dedie-aux-cuisines-pour-les-personnes-a-mobilite-reduite\/\"]}]},{\"@type\":\"BreadcrumbList\",\"@id\":\"https:\/\/www.tousergo.com\/blog\/un-showroom-dedie-aux-cuisines-pour-les-personnes-a-mobilite-reduite\/#breadcrumb\",\"itemListElement\":[{\"@type\":\"ListItem\",\"position\":1,\"item\":{\"@type\":\"WebPage\",\"@id\":\"https:\/\/www.tousergo.com\/blog\/\",\"url\":\"https:\/\/www.tousergo.com\/blog\/\",\"name\":\"Accueil\"}},{\"@type\":\"ListItem\",\"position\":2,\"item\":{\"@type\":\"WebPage\",\"@id\":\"https:\/\/www.tousergo.com\/blog\/un-showroom-dedie-aux-cuisines-pour-les-personnes-a-mobilite-reduite\/\",\"url\":\"https:\/\/www.tousergo.com\/blog\/un-showroom-dedie-aux-cuisines-pour-les-personnes-a-mobilite-reduite\/\",\"name\":\"Un showroom d\\u00e9di\\u00e9 aux cuisines pour les personnes \\u00e0 mobilit\\u00e9 r\\u00e9duite\"}}]},{\"@type\":\"Person\",\"@id\":\"https:\/\/www.tousergo.com\/blog\/#\/schema\/person\/15c7932cac71694da70b0c402147317c\",\"name\":\"Thibaut\",\"image\":{\"@type\":\"ImageObject\",\"@id\":\"https:\/\/www.tousergo.com\/blog\/#personlogo\",\"inLanguage\":\"fr-FR\",\"url\":\"https:\/\/secure.gravatar.com\/avatar\/f1fd8b7875f2a6039af27cb00f7d49d5?s=96&d=mm&r=g\",\"caption\":\"Thibaut\"},\"description\":\"Bonjour, je suis Thibaut ! Fondateur de Tous Ergo, mon objectif est de proposer des solutions pour favoriser le confort, l'autonomie et la s\\u00e9curit\\u00e9 des personnes \\u00e2g\\u00e9es d\\u00e9pendantes ou en situation de handicap. Nous partageons avec nos collaborateurs, partenaires, clients et fournisseurs, 3 valeurs fondamentales : la confiance, la simplicit\\u00e9 et l'inventivit\\u00e9.\"}]}<\/script>\n<!-- \/ Yoast SEO plugin. -->","_links":{"self":[{"href":"https:\/\/www.tousergo.com\/blog\/wp-json\/wp\/v2\/posts\/2674"}],"collection":[{"href":"https:\/\/www.tousergo.com\/blog\/wp-json\/wp\/v2\/posts"}],"about":[{"href":"https:\/\/www.tousergo.com\/blog\/wp-json\/wp\/v2\/types\/post"}],"author":[{"embeddable":true,"href":"https:\/\/www.tousergo.com\/blog\/wp-json\/wp\/v2\/users\/2"}],"replies":[{"embeddable":true,"href":"https:\/\/www.tousergo.com\/blog\/wp-json\/wp\/v2\/comments?post=2674"}],"version-history":[{"count":1,"href":"https:\/\/www.tousergo.com\/blog\/wp-json\/wp\/v2\/posts\/2674\/revisions"}],"predecessor-version":[{"id":15870,"href":"https:\/\/www.tousergo.com\/blog\/wp-json\/wp\/v2\/posts\/2674\/revisions\/15870"}],"wp:attachment":[{"href":"https:\/\/www.tousergo.com\/blog\/wp-json\/wp\/v2\/media?parent=2674"}],"wp:term":[{"taxonomy":"category","embeddable":true,"href":"https:\/\/www.tousergo.com\/blog\/wp-json\/wp\/v2\/categories?post=2674"},{"taxonomy":"post_tag","embeddable":true,"href":"https:\/\/www.tousergo.com\/blog\/wp-json\/wp\/v2\/tags?post=2674"}],"curies":[{"name":"wp","href":"https:\/\/api.w.org\/{rel}","templated":true}]}}