{"id":3355,"date":"2013-07-16T16:59:28","date_gmt":"2013-07-16T14:59:28","guid":{"rendered":"https:\/\/www.tousergo.com\/blog\/?p=3355"},"modified":"2021-04-28T14:55:48","modified_gmt":"2021-04-28T12:55:48","slug":"laccessibilite-des-lieux-publics-aux-personnes-a-mobilite-reduite-a-reims","status":"publish","type":"post","link":"https:\/\/www.tousergo.com\/blog\/laccessibilite-des-lieux-publics-aux-personnes-a-mobilite-reduite-a-reims\/","title":{"rendered":"l\u2019accessibilit\u00e9 des lieux publics aux personnes \u00e0 mobilit\u00e9 r\u00e9duite \u00e0 Reims"},"content":{"rendered":"<p style=\"text-align: center;\"><a class=\"dmco_text dmco_simpletext dmpi_property_property\">Olivier Roux<\/a> nous explique acces-sans-cibles.fr<img loading=\"lazy\" class=\"aligncenter wp-image-3359 size-full\" title=\"index\" src=\"https:\/\/www.tousergo.com\/blog\/wp-content\/uploads\/2013\/07\/index.jpg\" alt=\"\" width=\"84\" height=\"70\" \/><\/p>\n<blockquote>\n<div class=\"&quot;dmco&lt;\/blockquote\">\n<div class=\"dmco_box user_description_box\">\n<div id=\"user_description\" class=\"dmpi_property user_description foreground\" style=\"height: auto;\">\n<p><strong><span class=\"dmco_text dmco_simpletext dmpi_property_value\">Ce projet, n\u00e9 dans mon esprit il y a bient\u00f4t un an, a pour but de r\u00e9unir au sein d\u2019un collectif ais\u00e9ment identifiable, toutes les personnes qualifi\u00e9es oeuvrant, ou voulant oeuvrer, \u00e0 la simplification et \u00e0 la d\u00e9mocratisation de l\u2019accessibilit\u00e9 des lieux publics aux personnes \u00e0 mobilit\u00e9 r\u00e9duite.<\/span><\/strong><\/p>\n<p>J\u2019ai bien conscience que ce projet peut paraitre trop ambitieux ou m\u00eame d\u00e9j\u00e0 vu&#8230; Comment du haut de mes 24 ans puis-je pr\u00e9tendre vouloir am\u00e9liorer une situation si complexe ? Et bien, pour y parvenir je compte m\u2019appuyer sur quatre \u00e9l\u00e9ments essentiels :<\/p>\n<p>\u27a1 Mon exp\u00e9rience de 24 ans, en tant que personne en fauteuil.<\/p>\n<p>\u27a1 Mon mandat en commission accessibilit\u00e9 \u00e0 Reims M\u00e9tropole.<\/p>\n<p>\u27a1 Des partenariats avec les acteurs du secteur (usagers, associations, professionnels et institutions).<\/p>\n<p>\u27a1 Et bien s\u00fbr, mon envie visc\u00e9rale de voir les choses bouger.<\/p>\n<\/div>\n<\/div>\n<\/div>\n<\/blockquote>\n<div style=\"text-align: center; margin: 0 auto; width: 100%;\"><center><iframe src=\"https:\/\/www.dailymotion.com\/embed\/video\/xoudx5\" width=\"480\" height=\"270\" frameborder=\"0\"><\/iframe><\/center><br \/>\n<a href=\"https:\/\/www.dailymotion.com\/video\/xoudx5_changeons-de-regard-sur-l-accessibilite_news\" target=\"_blank\" rel=\"noopener noreferrer\">Changeons de regard sur l&rsquo;accessibilit\u00e9<\/a><\/div>\n","protected":false},"excerpt":{"rendered":"<p class=\"u-txt-sm u-txt-dark u-d-desktop u-w-100\">Olivier Roux nous explique acces-sans-cibles.fr Ce projet, n\u00e9 dans mon esprit il y a bient\u00f4t un an, a pour but...<\/p>\n<button class=\"c-btn--unstyled u-font-weight-bold u-txt-primary u-txt-sm\">\n\t\t\tLire l\u2019article\n\t\t\t<span class=\"c-icon--24 u-ml-1\"><img src=\"https:\/\/www.tousergo.com\/blog\/wp-content\/themes\/tousergo\/img\/icons\/arrow-right-circle-fill.svg\" alt=\"\"><\/span>\n\t<\/button>","protected":false},"author":2,"featured_media":0,"comment_status":"closed","ping_status":"closed","sticky":false,"template":"","format":"standard","meta":[],"categories":[16,2,11],"tags":[],"yoast_head":"<!-- This site is optimized with the Yoast SEO plugin v15.7 - https:\/\/yoast.com\/wordpress\/plugins\/seo\/ -->\n<title>l\u2019accessibilit\u00e9 des lieux publics aux personnes \u00e0 mobilit\u00e9 r\u00e9duite \u00e0 Reims - Blog Tous ergo<\/title>\n<meta name=\"robots\" content=\"index, follow, max-snippet:-1, max-image-preview:large, max-video-preview:-1\" \/>\n<link rel=\"canonical\" href=\"https:\/\/www.tousergo.com\/blog\/laccessibilite-des-lieux-publics-aux-personnes-a-mobilite-reduite-a-reims\/\" \/>\n<meta property=\"og:locale\" content=\"fr_FR\" \/>\n<meta property=\"og:type\" content=\"article\" \/>\n<meta property=\"og:title\" content=\"l\u2019accessibilit\u00e9 des lieux publics aux personnes \u00e0 mobilit\u00e9 r\u00e9duite \u00e0 Reims - Blog Tous ergo\" \/>\n<meta property=\"og:description\" content=\"Olivier Roux nous explique acces-sans-cibles.fr Ce projet, n\u00e9 dans mon esprit il y a bient\u00f4t un an, a pour but\" \/>\n<meta property=\"og:url\" content=\"https:\/\/www.tousergo.com\/blog\/laccessibilite-des-lieux-publics-aux-personnes-a-mobilite-reduite-a-reims\/\" \/>\n<meta property=\"og:site_name\" content=\"Blog Tous ergo\" \/>\n<meta property=\"article:publisher\" content=\"https:\/\/www.facebook.com\/tousergo\/\" \/>\n<meta property=\"article:published_time\" content=\"2013-07-16T14:59:28+00:00\" \/>\n<meta property=\"article:modified_time\" content=\"2021-04-28T12:55:48+00:00\" \/>\n<meta property=\"og:image\" content=\"https:\/\/www.tousergo.com\/blog\/wp-content\/uploads\/2013\/07\/index.jpg\" \/>\n<meta name=\"twitter:card\" content=\"summary_large_image\" \/>\n<meta name=\"twitter:creator\" content=\"@tousergo\" \/>\n<meta name=\"twitter:site\" content=\"@tousergo\" \/>\n<meta name=\"twitter:label1\" content=\"Dur\u00e9e de lecture est.\">\n\t<meta name=\"twitter:data1\" content=\"1 minute\">\n<script type=\"application\/ld+json\" class=\"yoast-schema-graph\">{\"@context\":\"https:\/\/schema.org\",\"@graph\":[{\"@type\":\"WebSite\",\"@id\":\"https:\/\/www.tousergo.com\/blog\/#website\",\"url\":\"https:\/\/www.tousergo.com\/blog\/\",\"name\":\"Blog Tous ergo\",\"description\":\"Toutes les solutions pour l&#039;autonomie \\u00e0 domicile\",\"potentialAction\":[{\"@type\":\"SearchAction\",\"target\":\"https:\/\/www.tousergo.com\/blog\/?s={search_term_string}\",\"query-input\":\"required name=search_term_string\"}],\"inLanguage\":\"fr-FR\"},{\"@type\":\"ImageObject\",\"@id\":\"https:\/\/www.tousergo.com\/blog\/laccessibilite-des-lieux-publics-aux-personnes-a-mobilite-reduite-a-reims\/#primaryimage\",\"inLanguage\":\"fr-FR\",\"url\":\"https:\/\/www.tousergo.com\/blog\/wp-content\/uploads\/2013\/07\/index.jpg\",\"width\":84,\"height\":70},{\"@type\":\"WebPage\",\"@id\":\"https:\/\/www.tousergo.com\/blog\/laccessibilite-des-lieux-publics-aux-personnes-a-mobilite-reduite-a-reims\/#webpage\",\"url\":\"https:\/\/www.tousergo.com\/blog\/laccessibilite-des-lieux-publics-aux-personnes-a-mobilite-reduite-a-reims\/\",\"name\":\"l\\u2019accessibilit\\u00e9 des lieux publics aux personnes \\u00e0 mobilit\\u00e9 r\\u00e9duite \\u00e0 Reims - Blog Tous ergo\",\"isPartOf\":{\"@id\":\"https:\/\/www.tousergo.com\/blog\/#website\"},\"primaryImageOfPage\":{\"@id\":\"https:\/\/www.tousergo.com\/blog\/laccessibilite-des-lieux-publics-aux-personnes-a-mobilite-reduite-a-reims\/#primaryimage\"},\"datePublished\":\"2013-07-16T14:59:28+00:00\",\"dateModified\":\"2021-04-28T12:55:48+00:00\",\"author\":{\"@id\":\"https:\/\/www.tousergo.com\/blog\/#\/schema\/person\/15c7932cac71694da70b0c402147317c\"},\"breadcrumb\":{\"@id\":\"https:\/\/www.tousergo.com\/blog\/laccessibilite-des-lieux-publics-aux-personnes-a-mobilite-reduite-a-reims\/#breadcrumb\"},\"inLanguage\":\"fr-FR\",\"potentialAction\":[{\"@type\":\"ReadAction\",\"target\":[\"https:\/\/www.tousergo.com\/blog\/laccessibilite-des-lieux-publics-aux-personnes-a-mobilite-reduite-a-reims\/\"]}]},{\"@type\":\"BreadcrumbList\",\"@id\":\"https:\/\/www.tousergo.com\/blog\/laccessibilite-des-lieux-publics-aux-personnes-a-mobilite-reduite-a-reims\/#breadcrumb\",\"itemListElement\":[{\"@type\":\"ListItem\",\"position\":1,\"item\":{\"@type\":\"WebPage\",\"@id\":\"https:\/\/www.tousergo.com\/blog\/\",\"url\":\"https:\/\/www.tousergo.com\/blog\/\",\"name\":\"Accueil\"}},{\"@type\":\"ListItem\",\"position\":2,\"item\":{\"@type\":\"WebPage\",\"@id\":\"https:\/\/www.tousergo.com\/blog\/laccessibilite-des-lieux-publics-aux-personnes-a-mobilite-reduite-a-reims\/\",\"url\":\"https:\/\/www.tousergo.com\/blog\/laccessibilite-des-lieux-publics-aux-personnes-a-mobilite-reduite-a-reims\/\",\"name\":\"l\\u2019accessibilit\\u00e9 des lieux publics aux personnes \\u00e0 mobilit\\u00e9 r\\u00e9duite \\u00e0 Reims\"}}]},{\"@type\":\"Person\",\"@id\":\"https:\/\/www.tousergo.com\/blog\/#\/schema\/person\/15c7932cac71694da70b0c402147317c\",\"name\":\"Thibaut\",\"image\":{\"@type\":\"ImageObject\",\"@id\":\"https:\/\/www.tousergo.com\/blog\/#personlogo\",\"inLanguage\":\"fr-FR\",\"url\":\"https:\/\/secure.gravatar.com\/avatar\/f1fd8b7875f2a6039af27cb00f7d49d5?s=96&d=mm&r=g\",\"caption\":\"Thibaut\"},\"description\":\"Bonjour, je suis Thibaut ! Fondateur de Tous Ergo, mon objectif est de proposer des solutions pour favoriser le confort, l'autonomie et la s\\u00e9curit\\u00e9 des personnes \\u00e2g\\u00e9es d\\u00e9pendantes ou en situation de handicap. Nous partageons avec nos collaborateurs, partenaires, clients et fournisseurs, 3 valeurs fondamentales : la confiance, la simplicit\\u00e9 et l'inventivit\\u00e9.\"}]}<\/script>\n<!-- \/ Yoast SEO plugin. -->","_links":{"self":[{"href":"https:\/\/www.tousergo.com\/blog\/wp-json\/wp\/v2\/posts\/3355"}],"collection":[{"href":"https:\/\/www.tousergo.com\/blog\/wp-json\/wp\/v2\/posts"}],"about":[{"href":"https:\/\/www.tousergo.com\/blog\/wp-json\/wp\/v2\/types\/post"}],"author":[{"embeddable":true,"href":"https:\/\/www.tousergo.com\/blog\/wp-json\/wp\/v2\/users\/2"}],"replies":[{"embeddable":true,"href":"https:\/\/www.tousergo.com\/blog\/wp-json\/wp\/v2\/comments?post=3355"}],"version-history":[{"count":2,"href":"https:\/\/www.tousergo.com\/blog\/wp-json\/wp\/v2\/posts\/3355\/revisions"}],"predecessor-version":[{"id":16883,"href":"https:\/\/www.tousergo.com\/blog\/wp-json\/wp\/v2\/posts\/3355\/revisions\/16883"}],"wp:attachment":[{"href":"https:\/\/www.tousergo.com\/blog\/wp-json\/wp\/v2\/media?parent=3355"}],"wp:term":[{"taxonomy":"category","embeddable":true,"href":"https:\/\/www.tousergo.com\/blog\/wp-json\/wp\/v2\/categories?post=3355"},{"taxonomy":"post_tag","embeddable":true,"href":"https:\/\/www.tousergo.com\/blog\/wp-json\/wp\/v2\/tags?post=3355"}],"curies":[{"name":"wp","href":"https:\/\/api.w.org\/{rel}","templated":true}]}}