{"id":4097,"date":"2014-12-09T18:56:42","date_gmt":"2014-12-09T18:56:42","guid":{"rendered":"https:\/\/www.tousergo.com\/blog\/?p=4097"},"modified":"2021-04-09T09:57:02","modified_gmt":"2021-04-09T07:57:02","slug":"ecrire-ce-livre-cetait-comme-grimper-leverest","status":"publish","type":"post","link":"https:\/\/www.tousergo.com\/blog\/ecrire-ce-livre-cetait-comme-grimper-leverest\/","title":{"rendered":"\u00ab\u00c9crire ce livre, c\u2019\u00e9tait comme grimper l\u2019Everest\u00bb"},"content":{"rendered":"<p><a href=\"https:\/\/www.tousergo.com\/3037-du-jour-au-lendemain-9782915216868.html\"><img loading=\"lazy\" class=\"aligncenter wp-image-4060 size-full\" src=\"https:\/\/www.tousergo.com\/blog\/wp-content\/uploads\/2014\/10\/livre_benoit.jpg\" alt=\"livre_benoit\" width=\"672\" height=\"340\" srcset=\"https:\/\/www.tousergo.com\/blog\/wp-content\/uploads\/2014\/10\/livre_benoit.jpg 672w, https:\/\/www.tousergo.com\/blog\/wp-content\/uploads\/2014\/10\/livre_benoit-300x152.jpg 300w\" sizes=\"(max-width: 672px) 100vw, 672px\" \/><\/a><\/p>\n<p><strong>\u00a0 Beno\u00eet Fauvarque<sup>1<\/sup>, 28 ans, est atteint de l\u2019ataxie de Friedreich, une maladie neurologique \u00e9volutive qui bouleverse les \u00e9quilibres et la sensibilit\u00e9 de son corps. Alors qu\u2019il ne parle presque plus et que sa frappe sur l\u2019ordinateur est de plus en plus lente pour \u00e9crire, il livre son t\u00e9moignage. <\/strong><\/p>\n<p>Du jour au lendemain retrace la vie de Beno\u00eet au quotidien depuis son enfance et l\u2019installation sournoise de cette maladie jusqu\u2019\u00e0 sa vie d\u2019\u00e9tudiant en fauteuil roulant et l\u2019obtention de son dipl\u00f4me. Malgr\u00e9 les difficult\u00e9s, Beno\u00eet fait preuve d\u2019un optimisme sans faille qui force l\u2019admiration. Il travaille deux apr\u00e8s-midi par semaine dans l\u2019entre\u00adprise Tous Ergo, sp\u00e9cialis\u00e9e dans les so\u00adlutions pour le maintien des personnes \u00e0 domicile. Lors de la pr\u00e9sentation de son livre en octobre dernier \u00e0 Paris, \u00e0 l\u2019institut Ima\u00adgine qui \u0153uvre pour la recherche sur les maladies g\u00e9n\u00e9tiques, Aymeric, le fr\u00e8re de Beno\u00eet, s\u2019est fait son porte-voix pour lire le discours pr\u00e9par\u00e9 par Beno\u00eet. \u00abJe remercie le professeur Arnold Munnich qui me suit m\u00e9dicalement et moralement de\u00adpuis de tr\u00e8s longues ann\u00e9es. Il me permet d\u2019avancer en regardant devant\u2026\u00bb Lors de vacances dans le sud de la France, Beno\u00eet a rencontr\u00e9 par hasard monseigneur Jean-Michel Di Falco Leandri. Des liens d\u2019amiti\u00e9 se sont cr\u00e9\u00e9s entre les deux hommes. L\u2019\u00e9v\u00eaque de Gap et d\u2019Embrun a propos\u00e9 de pr\u00e9facer ce livre. \u00abCe r\u00e9cit est une formidable le\u00ad\u00e7on de vie ! Malgr\u00e9 les \u00e9preuves, les dou\u00adleurs, la souffrance, Beno\u00eet aime la vie. Il est habit\u00e9 par une puissante envie de vivre\u2026 comme les autres\u2026 La pr\u00e9sence de Beno\u00eet parmi sa famille, ses amis a \u00e9t\u00e9, en quelque sorte, le r\u00e9v\u00e9lateur de ce que cha\u00adcun avait de beau, de bon et de g\u00e9n\u00e9reux dans le c\u0153ur.\u00bb<\/p>\n<\/p>\n<p>Gr\u00e2ce au soutien permanent de ses parents et de sa famille, gr\u00e2ce \u00e0 l\u2019aide de ses amis, Beno\u00eet vit sa maladie sept jours sur sept, mais il porte sur l\u2019avenir un regard souriant et plein d\u2019espoir\u00a0: \u00abJe crois en la recherche qui me donne l\u2019espoir que du jour au lendemain tout pourra changer. Dans quelques ann\u00e9es, je vous raconterai peut-\u00eatre la suite de ma vie que j\u2019esp\u00e8re belle. Je vais continuer \u00e0 profiter pleinement de chaque petit plaisir\u00a0: des vacances, une soir\u00e9e, un concert\u2026\u00bb<\/p>\n<p>Le dernier chapitre du r\u00e9cit s\u2019intitule \u00abLe bonheur en t\u00eate\u00bb. Tout un pro\u00ad<\/p>\n<p>gramme\u00a0: \u00abJe n\u2019\u00e9cris pas ici une conclu\u00adsion, mais j\u2019introduis mon avenir. De nouvelles pages vont s\u2019ouvrir pour ma vie future\u2026 Les v\u00e9ritables h\u00e9ros de cet ou\u00advrage, ce sont tous ceux qui m\u2019ont c\u00f4toy\u00e9 et me c\u00f4toient encore. Sans eux, je n\u2019au\u00adrais pas pu m\u2019en sortir. Merci pour l\u2019aide que vous m\u2019apportez. Un jour ce sera \u00e0 mon tour d\u2019aider les autres\u00bb.<\/p>\n<p><strong>\u2014\u2014<\/strong><strong>Marie-Christine\u2014BouChE<\/strong><\/p>\n<p><strong>Du\u2014jour\u2014au\u2014lendemain,\u2014Beno\u00eet\u2014 Fauvarque,\u2014Bayard\u2014service\u2014\u00c9dition Livre\u2014disponible\u2014sur\u2014commande\u2014 dujouraulendemain@hotmail.com\u2014\u2014 ou\u2014sur\u00a0:\u2014<a href=\"https:\/\/www.tousergo.com\/3037-du-jour-au-lendemain-9782915216868.html\">www.tousergo.com <\/a><\/strong><\/p>\n","protected":false},"excerpt":{"rendered":"<p class=\"u-txt-sm u-txt-dark u-d-desktop u-w-100\">\u00a0 Beno\u00eet Fauvarque1, 28 ans, est atteint de l\u2019ataxie de Friedreich, une maladie neurologique \u00e9volutive qui bouleverse les \u00e9quilibres et...<\/p>\n<button class=\"c-btn--unstyled u-font-weight-bold u-txt-primary u-txt-sm\">\n\t\t\tLire l\u2019article\n\t\t\t<span class=\"c-icon--24 u-ml-1\"><img src=\"https:\/\/www.tousergo.com\/blog\/wp-content\/themes\/tousergo\/img\/icons\/arrow-right-circle-fill.svg\" alt=\"\"><\/span>\n\t<\/button>","protected":false},"author":5,"featured_media":0,"comment_status":"open","ping_status":"open","sticky":false,"template":"","format":"standard","meta":[],"categories":[16,2,7],"tags":[],"yoast_head":"<!-- This site is optimized with the Yoast SEO plugin v15.7 - https:\/\/yoast.com\/wordpress\/plugins\/seo\/ -->\n<title>\u00ab\u00c9crire ce livre, c\u2019\u00e9tait comme grimper l\u2019Everest\u00bb - Blog Tous ergo<\/title>\n<meta name=\"robots\" content=\"index, follow, max-snippet:-1, max-image-preview:large, max-video-preview:-1\" \/>\n<link rel=\"canonical\" href=\"https:\/\/www.tousergo.com\/blog\/ecrire-ce-livre-cetait-comme-grimper-leverest\/\" \/>\n<meta property=\"og:locale\" content=\"fr_FR\" \/>\n<meta property=\"og:type\" content=\"article\" \/>\n<meta property=\"og:title\" content=\"\u00ab\u00c9crire ce livre, c\u2019\u00e9tait comme grimper l\u2019Everest\u00bb - Blog Tous ergo\" \/>\n<meta property=\"og:description\" content=\"\u00a0 Beno\u00eet Fauvarque1, 28 ans, est atteint de l\u2019ataxie de Friedreich, une maladie neurologique \u00e9volutive qui bouleverse les \u00e9quilibres et\" \/>\n<meta property=\"og:url\" content=\"https:\/\/www.tousergo.com\/blog\/ecrire-ce-livre-cetait-comme-grimper-leverest\/\" \/>\n<meta property=\"og:site_name\" content=\"Blog Tous ergo\" \/>\n<meta property=\"article:publisher\" content=\"https:\/\/www.facebook.com\/tousergo\/\" \/>\n<meta property=\"article:published_time\" content=\"2014-12-09T18:56:42+00:00\" \/>\n<meta property=\"article:modified_time\" content=\"2021-04-09T07:57:02+00:00\" \/>\n<meta property=\"og:image\" content=\"https:\/\/www.tousergo.com\/blog\/wp-content\/uploads\/2014\/10\/livre_benoit.jpg\" \/>\n<meta name=\"twitter:card\" content=\"summary_large_image\" \/>\n<meta name=\"twitter:creator\" content=\"@tousergo\" \/>\n<meta name=\"twitter:site\" content=\"@tousergo\" \/>\n<meta name=\"twitter:label1\" content=\"Dur\u00e9e de lecture est.\">\n\t<meta name=\"twitter:data1\" content=\"3 minutes\">\n<script type=\"application\/ld+json\" class=\"yoast-schema-graph\">{\"@context\":\"https:\/\/schema.org\",\"@graph\":[{\"@type\":\"WebSite\",\"@id\":\"https:\/\/www.tousergo.com\/blog\/#website\",\"url\":\"https:\/\/www.tousergo.com\/blog\/\",\"name\":\"Blog Tous ergo\",\"description\":\"Toutes les solutions pour l&#039;autonomie \\u00e0 domicile\",\"potentialAction\":[{\"@type\":\"SearchAction\",\"target\":\"https:\/\/www.tousergo.com\/blog\/?s={search_term_string}\",\"query-input\":\"required name=search_term_string\"}],\"inLanguage\":\"fr-FR\"},{\"@type\":\"ImageObject\",\"@id\":\"https:\/\/www.tousergo.com\/blog\/ecrire-ce-livre-cetait-comme-grimper-leverest\/#primaryimage\",\"inLanguage\":\"fr-FR\",\"url\":\"https:\/\/www.tousergo.com\/blog\/wp-content\/uploads\/2014\/10\/livre_benoit.jpg\",\"width\":672,\"height\":340},{\"@type\":\"WebPage\",\"@id\":\"https:\/\/www.tousergo.com\/blog\/ecrire-ce-livre-cetait-comme-grimper-leverest\/#webpage\",\"url\":\"https:\/\/www.tousergo.com\/blog\/ecrire-ce-livre-cetait-comme-grimper-leverest\/\",\"name\":\"\\u00ab\\u00c9crire ce livre, c\\u2019\\u00e9tait comme grimper l\\u2019Everest\\u00bb - Blog Tous ergo\",\"isPartOf\":{\"@id\":\"https:\/\/www.tousergo.com\/blog\/#website\"},\"primaryImageOfPage\":{\"@id\":\"https:\/\/www.tousergo.com\/blog\/ecrire-ce-livre-cetait-comme-grimper-leverest\/#primaryimage\"},\"datePublished\":\"2014-12-09T18:56:42+00:00\",\"dateModified\":\"2021-04-09T07:57:02+00:00\",\"author\":{\"@id\":\"https:\/\/www.tousergo.com\/blog\/#\/schema\/person\/add3ae830392308e29b64b18dfd94de0\"},\"breadcrumb\":{\"@id\":\"https:\/\/www.tousergo.com\/blog\/ecrire-ce-livre-cetait-comme-grimper-leverest\/#breadcrumb\"},\"inLanguage\":\"fr-FR\",\"potentialAction\":[{\"@type\":\"ReadAction\",\"target\":[\"https:\/\/www.tousergo.com\/blog\/ecrire-ce-livre-cetait-comme-grimper-leverest\/\"]}]},{\"@type\":\"BreadcrumbList\",\"@id\":\"https:\/\/www.tousergo.com\/blog\/ecrire-ce-livre-cetait-comme-grimper-leverest\/#breadcrumb\",\"itemListElement\":[{\"@type\":\"ListItem\",\"position\":1,\"item\":{\"@type\":\"WebPage\",\"@id\":\"https:\/\/www.tousergo.com\/blog\/\",\"url\":\"https:\/\/www.tousergo.com\/blog\/\",\"name\":\"Accueil\"}},{\"@type\":\"ListItem\",\"position\":2,\"item\":{\"@type\":\"WebPage\",\"@id\":\"https:\/\/www.tousergo.com\/blog\/ecrire-ce-livre-cetait-comme-grimper-leverest\/\",\"url\":\"https:\/\/www.tousergo.com\/blog\/ecrire-ce-livre-cetait-comme-grimper-leverest\/\",\"name\":\"\\u00ab\\u00c9crire ce livre, c\\u2019\\u00e9tait comme grimper l\\u2019Everest\\u00bb\"}}]},{\"@type\":\"Person\",\"@id\":\"https:\/\/www.tousergo.com\/blog\/#\/schema\/person\/add3ae830392308e29b64b18dfd94de0\",\"name\":\"Beno\\u00eet\",\"image\":{\"@type\":\"ImageObject\",\"@id\":\"https:\/\/www.tousergo.com\/blog\/#personlogo\",\"inLanguage\":\"fr-FR\",\"url\":\"https:\/\/secure.gravatar.com\/avatar\/9ddbaf99f765173434477d44137944db?s=96&d=mm&r=g\",\"caption\":\"Beno\\u00eet\"},\"description\":\"Bonjour, je suis Benoit ! Pr\\u00e9sent depuis les d\\u00e9buts de Tous Ergo, je m'occupe de la communication afin de promouvoir des solutions adapt\\u00e9es aux personnes \\u00e2g\\u00e9es et\/ou en situation de handicap. L'adaptation de l'habitat et l'accessibilit\\u00e9 aux lieux publics pour tous sont nos pr\\u00e9occupations quotidiennes !\"}]}<\/script>\n<!-- \/ Yoast SEO plugin. -->","_links":{"self":[{"href":"https:\/\/www.tousergo.com\/blog\/wp-json\/wp\/v2\/posts\/4097"}],"collection":[{"href":"https:\/\/www.tousergo.com\/blog\/wp-json\/wp\/v2\/posts"}],"about":[{"href":"https:\/\/www.tousergo.com\/blog\/wp-json\/wp\/v2\/types\/post"}],"author":[{"embeddable":true,"href":"https:\/\/www.tousergo.com\/blog\/wp-json\/wp\/v2\/users\/5"}],"replies":[{"embeddable":true,"href":"https:\/\/www.tousergo.com\/blog\/wp-json\/wp\/v2\/comments?post=4097"}],"version-history":[{"count":2,"href":"https:\/\/www.tousergo.com\/blog\/wp-json\/wp\/v2\/posts\/4097\/revisions"}],"predecessor-version":[{"id":16004,"href":"https:\/\/www.tousergo.com\/blog\/wp-json\/wp\/v2\/posts\/4097\/revisions\/16004"}],"wp:attachment":[{"href":"https:\/\/www.tousergo.com\/blog\/wp-json\/wp\/v2\/media?parent=4097"}],"wp:term":[{"taxonomy":"category","embeddable":true,"href":"https:\/\/www.tousergo.com\/blog\/wp-json\/wp\/v2\/categories?post=4097"},{"taxonomy":"post_tag","embeddable":true,"href":"https:\/\/www.tousergo.com\/blog\/wp-json\/wp\/v2\/tags?post=4097"}],"curies":[{"name":"wp","href":"https:\/\/api.w.org\/{rel}","templated":true}]}}