{"id":4793,"date":"2015-12-30T09:00:00","date_gmt":"2015-12-30T08:00:00","guid":{"rendered":"https:\/\/www.tousergo.com\/blog\/?p=4793"},"modified":"2021-04-09T15:59:08","modified_gmt":"2021-04-09T13:59:08","slug":"adoption-de-la-loi-asv-adaptation-de-la-societe-au-vieillissement","status":"publish","type":"post","link":"https:\/\/www.tousergo.com\/blog\/adoption-de-la-loi-asv-adaptation-de-la-societe-au-vieillissement\/","title":{"rendered":"Adoption de la loi ASV : Adaptation de la Soci\u00e9t\u00e9 au Vieillissement"},"content":{"rendered":"<p>La loi sur l&rsquo;adaptation de la soci\u00e9t\u00e9 au vieillissement a \u00e9t\u00e9 adopt\u00e9e le 28 d\u00e9cembre 2015 et promulgu\u00e9e le 29 d\u00e9cembre suivant. Elle se focalise sur le <span style=\"color: #53798f;\"><strong>maintien \u00e0 domicile des personnes \u00e2g\u00e9es en perte d&rsquo;autonomie<\/strong><\/span>. Tous ergo a \u00e9tudi\u00e9 un peu le sujet et vous en dit plus.<a href=\"https:\/\/www.tousergo.com\/blog\/wp-content\/uploads\/2015\/12\/hands-981400_1280.jpg\" rel=\"attachment wp-att-4797\"><img loading=\"lazy\" class=\"aligncenter size-large wp-image-4797\" src=\"https:\/\/www.tousergo.com\/blog\/wp-content\/uploads\/2015\/12\/hands-981400_1280-1024x682.jpg\" alt=\"hands-981400_1280\" width=\"625\" height=\"416\" srcset=\"https:\/\/www.tousergo.com\/blog\/wp-content\/uploads\/2015\/12\/hands-981400_1280-1024x682.jpg 1024w, https:\/\/www.tousergo.com\/blog\/wp-content\/uploads\/2015\/12\/hands-981400_1280-300x200.jpg 300w, https:\/\/www.tousergo.com\/blog\/wp-content\/uploads\/2015\/12\/hands-981400_1280-768x512.jpg 768w, https:\/\/www.tousergo.com\/blog\/wp-content\/uploads\/2015\/12\/hands-981400_1280.jpg 1280w\" sizes=\"(max-width: 625px) 100vw, 625px\" \/><\/a>L\u2019article Ier de cette loi stipule que \u00ab\u00a0<em>L\u2019adaptation de la soci\u00e9t\u00e9 au vieillissement est un imp\u00e9ratif national et une priorit\u00e9 de l\u2019ensemble des politiques publiques de la Nation<\/em>\u00a0\u00bb.<\/p>\n<h2><span style=\"color: #53798f;\">Objectifs de la loi d&rsquo;Adaptation de la Soci\u00e9t\u00e9 au Vieillissement :\u00a0<\/span><\/h2>\n<p><!--more--><\/p>\n<ul>\n<li><span style=\"color: #53798f;\"><strong>pr\u00e9venir la perte d\u2019autonomie<\/strong><\/span> et <span style=\"color: #53798f;\"><strong>lutter contre l\u2019isolement des personnes \u00e2g\u00e9es<\/strong><\/span>,<\/li>\n<li><span style=\"color: #53798f;\"><strong>prot\u00e9ger les personnes handicap\u00e9es et \u00e2g\u00e9es<\/strong><\/span>,<\/li>\n<li>soutenir et<span style=\"color: #53798f;\"><strong> valoriser les aidants<\/strong><\/span>,<\/li>\n<li>clarifier les r\u00e8gles relatives aux tarifs des \u00e9tablissements d\u2019h\u00e9bergement pour les personnes \u00e2g\u00e9es d\u00e9pendantes<\/li>\n<li>am\u00e9liorer l\u2019offre sociale et m\u00e9dico-sociale<\/li>\n<li>soutenir l\u2019accueil familial.<\/li>\n<\/ul>\n<p>Cette loi doit entrainer\u00a0:<\/p>\n<ul>\n<li>une <span style=\"color: #53798f;\"><strong>r<\/strong><strong>evalorisation de 19 \u00e0 30% l\u2019APA<\/strong><\/span> (Allocation Personnalis\u00e9e d\u2019Autonomie \u00e0 domicile), attribu\u00e9e aux personnes plus de 60 ans en situation de d\u00e9pendance. Les b\u00e9n\u00e9ficiaires pourront \u00e9galement obtenir <span style=\"color: #53798f;\"><strong>une heure d\u2019aide \u00e0 domicile suppl\u00e9mentaire<\/strong><\/span> (par semaine ou par jour, selon leur degr\u00e9 d\u2019autonomie).<\/li>\n<li>la <span style=\"color: #53798f;\"><strong>reconnaissance du statut d\u2019aidant<\/strong><\/span> avec la cr\u00e9ation d\u2019un \u00ab\u00a0<span style=\"color: #53798f;\"><strong>droit au r\u00e9pit\u00a0<\/strong><\/span>\u00bb, qui sera financ\u00e9\u00a0jusqu\u2019\u00e0 500 euros par personne aid\u00e9e et par an\u00a0(montant pouvant \u00eatre revu \u00e0 la hausse en cas d\u2019urgence ou d\u2019hospitalisation de l\u2019aidant).\u00a0Gr\u00e2ce \u00e0 un texte publi\u00e9 en octobre, les aidants pourront en outre b\u00e9n\u00e9ficier d\u2019un \u00ab\u00a0<strong><span style=\"color: #53798f;\">cong\u00e9 proche aidant<\/span>\u00a0<\/strong>\u00bb, qui pourra \u00eatre transform\u00e9 en temps partiel sous r\u00e9serve d\u2019acceptation de l\u2019employeur.<\/li>\n<li>l\u2019<span style=\"color: #53798f;\"><strong>adaptation<\/strong>, d\u2019ici 2017, <strong>de 80.000 logements priv\u00e9s<\/strong><\/span> afin de permettre un maintien \u00e0 domicile le plus long possible. Gr\u00e2ce \u00e0 cette mesure, des <span style=\"color: #53798f;\"><strong>aides techniques \u00e0 domicile<\/strong> <\/span>pourront \u00e9galement \u00eatre financ\u00e9es pour les personnes \u00e2g\u00e9es les plus d\u00e9munies.<\/li>\n<\/ul>\n<p>En revanche, il subsiste une question \u00e0 r\u00e9gler\u00a0: celle du reste \u00e0 charge pour les pensionnaires des EHPAD et leurs familles, qui repr\u00e9sente tout de m\u00eame un budget tr\u00e8s important pour eux.<\/p>\n<p><span style=\"color: #53798f;\"><strong>700 millions d\u2019euros seront consacr\u00e9s au financement des diff\u00e9rentes mesures de cette loi<\/strong>.<\/span><\/p>\n<p><strong>Pour en savoir plus :\u00a0<\/strong><\/p>\n<ul>\n<li><strong><a href=\"https:\/\/www.gouvernement.fr\/partage\/5346-adaptation-au-vieillissement-que-prevoit-le-projet-de-loi\" target=\"_blank\" rel=\"noopener\">Site du gouvernement : Adaptation de la Soci\u00e9t\u00e9 au Vieillissement, que pr\u00e9voit la loi ?<\/a><\/strong><\/li>\n<li><strong><a href=\"https:\/\/www.legifrance.gouv.fr\/affichTexte.do?cidTexte=JORFTEXT000031700731&amp;categorieLien=cid\" target=\"_blank\" rel=\"noopener\">L\u00e9gifrance : loi n\u00b02015-1776 du 28 d\u00e9cembre 2015<\/a><\/strong><\/li>\n<\/ul>\n","protected":false},"excerpt":{"rendered":"<p class=\"u-txt-sm u-txt-dark u-d-desktop u-w-100\">La loi sur l&rsquo;adaptation de la soci\u00e9t\u00e9 au vieillissement a \u00e9t\u00e9 adopt\u00e9e le 28 d\u00e9cembre 2015 et promulgu\u00e9e le 29...<\/p>\n<button class=\"c-btn--unstyled u-font-weight-bold u-txt-primary u-txt-sm\">\n\t\t\tLire l\u2019article\n\t\t\t<span class=\"c-icon--24 u-ml-1\"><img src=\"https:\/\/www.tousergo.com\/blog\/wp-content\/themes\/tousergo\/img\/icons\/arrow-right-circle-fill.svg\" alt=\"\"><\/span>\n\t<\/button>","protected":false},"author":11,"featured_media":0,"comment_status":"open","ping_status":"open","sticky":false,"template":"","format":"standard","meta":[],"categories":[17,1252,8,2,11],"tags":[270,492,505],"yoast_head":"<!-- This site is optimized with the Yoast SEO plugin v15.7 - https:\/\/yoast.com\/wordpress\/plugins\/seo\/ -->\n<title>Adoption de la loi d&#039;Adaptation de la Soci\u00e9t\u00e9 au Vieillissement<\/title>\n<meta name=\"description\" content=\"La loi sur l&#039;adaptation de la soci\u00e9t\u00e9 au vieillissement a \u00e9t\u00e9 adopt\u00e9e le 28 d\u00e9cembre 2015. Elle se focalise sur le\u00a0maintien \u00e0 domicile des personnes...\" \/>\n<meta name=\"robots\" content=\"index, follow, max-snippet:-1, max-image-preview:large, max-video-preview:-1\" \/>\n<link rel=\"canonical\" href=\"https:\/\/www.tousergo.com\/blog\/adoption-de-la-loi-asv-adaptation-de-la-societe-au-vieillissement\/\" \/>\n<meta property=\"og:locale\" content=\"fr_FR\" \/>\n<meta property=\"og:type\" content=\"article\" \/>\n<meta property=\"og:title\" content=\"Adoption de la loi d&#039;Adaptation de la Soci\u00e9t\u00e9 au Vieillissement\" \/>\n<meta property=\"og:description\" content=\"La loi sur l&#039;adaptation de la soci\u00e9t\u00e9 au vieillissement a \u00e9t\u00e9 adopt\u00e9e le 28 d\u00e9cembre 2015. Elle se focalise sur le\u00a0maintien \u00e0 domicile des personnes...\" \/>\n<meta property=\"og:url\" content=\"https:\/\/www.tousergo.com\/blog\/adoption-de-la-loi-asv-adaptation-de-la-societe-au-vieillissement\/\" \/>\n<meta property=\"og:site_name\" content=\"Blog Tous ergo\" \/>\n<meta property=\"article:publisher\" content=\"https:\/\/www.facebook.com\/tousergo\/\" \/>\n<meta property=\"article:published_time\" content=\"2015-12-30T08:00:00+00:00\" \/>\n<meta property=\"article:modified_time\" content=\"2021-04-09T13:59:08+00:00\" \/>\n<meta property=\"og:image\" content=\"https:\/\/www.tousergo.com\/blog\/wp-content\/uploads\/2015\/12\/hands-981400_1280-1024x682.jpg\" \/>\n<meta name=\"twitter:card\" content=\"summary_large_image\" \/>\n<meta name=\"twitter:creator\" content=\"@tousergo\" \/>\n<meta name=\"twitter:site\" content=\"@tousergo\" \/>\n<meta name=\"twitter:label1\" content=\"Dur\u00e9e de lecture est.\">\n\t<meta name=\"twitter:data1\" content=\"2 minutes\">\n<script type=\"application\/ld+json\" class=\"yoast-schema-graph\">{\"@context\":\"https:\/\/schema.org\",\"@graph\":[{\"@type\":\"WebSite\",\"@id\":\"https:\/\/www.tousergo.com\/blog\/#website\",\"url\":\"https:\/\/www.tousergo.com\/blog\/\",\"name\":\"Blog Tous ergo\",\"description\":\"Toutes les solutions pour l&#039;autonomie \\u00e0 domicile\",\"potentialAction\":[{\"@type\":\"SearchAction\",\"target\":\"https:\/\/www.tousergo.com\/blog\/?s={search_term_string}\",\"query-input\":\"required name=search_term_string\"}],\"inLanguage\":\"fr-FR\"},{\"@type\":\"ImageObject\",\"@id\":\"https:\/\/www.tousergo.com\/blog\/adoption-de-la-loi-asv-adaptation-de-la-societe-au-vieillissement\/#primaryimage\",\"inLanguage\":\"fr-FR\",\"url\":\"https:\/\/www.tousergo.com\/blog\/wp-content\/uploads\/2015\/12\/hands-981400_1280.jpg\",\"width\":1280,\"height\":853},{\"@type\":\"WebPage\",\"@id\":\"https:\/\/www.tousergo.com\/blog\/adoption-de-la-loi-asv-adaptation-de-la-societe-au-vieillissement\/#webpage\",\"url\":\"https:\/\/www.tousergo.com\/blog\/adoption-de-la-loi-asv-adaptation-de-la-societe-au-vieillissement\/\",\"name\":\"Adoption de la loi d'Adaptation de la Soci\\u00e9t\\u00e9 au Vieillissement\",\"isPartOf\":{\"@id\":\"https:\/\/www.tousergo.com\/blog\/#website\"},\"primaryImageOfPage\":{\"@id\":\"https:\/\/www.tousergo.com\/blog\/adoption-de-la-loi-asv-adaptation-de-la-societe-au-vieillissement\/#primaryimage\"},\"datePublished\":\"2015-12-30T08:00:00+00:00\",\"dateModified\":\"2021-04-09T13:59:08+00:00\",\"author\":{\"@id\":\"https:\/\/www.tousergo.com\/blog\/#\/schema\/person\/e6a2441c3652ce39ed048f223c36f97e\"},\"description\":\"La loi sur l'adaptation de la soci\\u00e9t\\u00e9 au vieillissement a \\u00e9t\\u00e9 adopt\\u00e9e le 28 d\\u00e9cembre 2015. Elle se focalise sur le\\u00a0maintien \\u00e0 domicile des personnes...\",\"breadcrumb\":{\"@id\":\"https:\/\/www.tousergo.com\/blog\/adoption-de-la-loi-asv-adaptation-de-la-societe-au-vieillissement\/#breadcrumb\"},\"inLanguage\":\"fr-FR\",\"potentialAction\":[{\"@type\":\"ReadAction\",\"target\":[\"https:\/\/www.tousergo.com\/blog\/adoption-de-la-loi-asv-adaptation-de-la-societe-au-vieillissement\/\"]}]},{\"@type\":\"BreadcrumbList\",\"@id\":\"https:\/\/www.tousergo.com\/blog\/adoption-de-la-loi-asv-adaptation-de-la-societe-au-vieillissement\/#breadcrumb\",\"itemListElement\":[{\"@type\":\"ListItem\",\"position\":1,\"item\":{\"@type\":\"WebPage\",\"@id\":\"https:\/\/www.tousergo.com\/blog\/\",\"url\":\"https:\/\/www.tousergo.com\/blog\/\",\"name\":\"Accueil\"}},{\"@type\":\"ListItem\",\"position\":2,\"item\":{\"@type\":\"WebPage\",\"@id\":\"https:\/\/www.tousergo.com\/blog\/adoption-de-la-loi-asv-adaptation-de-la-societe-au-vieillissement\/\",\"url\":\"https:\/\/www.tousergo.com\/blog\/adoption-de-la-loi-asv-adaptation-de-la-societe-au-vieillissement\/\",\"name\":\"Adoption de la loi ASV : Adaptation de la Soci\\u00e9t\\u00e9 au Vieillissement\"}}]},{\"@type\":\"Person\",\"@id\":\"https:\/\/www.tousergo.com\/blog\/#\/schema\/person\/e6a2441c3652ce39ed048f223c36f97e\",\"name\":\"Victoria\",\"image\":{\"@type\":\"ImageObject\",\"@id\":\"https:\/\/www.tousergo.com\/blog\/#personlogo\",\"inLanguage\":\"fr-FR\",\"url\":\"https:\/\/secure.gravatar.com\/avatar\/c7be45fa188ad1e0d0abfa43171e66e0?s=96&d=mm&r=g\",\"caption\":\"Victoria\"}}]}<\/script>\n<!-- \/ Yoast SEO plugin. -->","_links":{"self":[{"href":"https:\/\/www.tousergo.com\/blog\/wp-json\/wp\/v2\/posts\/4793"}],"collection":[{"href":"https:\/\/www.tousergo.com\/blog\/wp-json\/wp\/v2\/posts"}],"about":[{"href":"https:\/\/www.tousergo.com\/blog\/wp-json\/wp\/v2\/types\/post"}],"author":[{"embeddable":true,"href":"https:\/\/www.tousergo.com\/blog\/wp-json\/wp\/v2\/users\/11"}],"replies":[{"embeddable":true,"href":"https:\/\/www.tousergo.com\/blog\/wp-json\/wp\/v2\/comments?post=4793"}],"version-history":[{"count":1,"href":"https:\/\/www.tousergo.com\/blog\/wp-json\/wp\/v2\/posts\/4793\/revisions"}],"predecessor-version":[{"id":16057,"href":"https:\/\/www.tousergo.com\/blog\/wp-json\/wp\/v2\/posts\/4793\/revisions\/16057"}],"wp:attachment":[{"href":"https:\/\/www.tousergo.com\/blog\/wp-json\/wp\/v2\/media?parent=4793"}],"wp:term":[{"taxonomy":"category","embeddable":true,"href":"https:\/\/www.tousergo.com\/blog\/wp-json\/wp\/v2\/categories?post=4793"},{"taxonomy":"post_tag","embeddable":true,"href":"https:\/\/www.tousergo.com\/blog\/wp-json\/wp\/v2\/tags?post=4793"}],"curies":[{"name":"wp","href":"https:\/\/api.w.org\/{rel}","templated":true}]}}