{"id":5211,"date":"2020-03-12T11:00:45","date_gmt":"2020-03-12T10:00:45","guid":{"rendered":"https:\/\/www.tousergo.com\/blog\/?p=5211"},"modified":"2023-03-08T14:11:28","modified_gmt":"2023-03-08T13:11:28","slug":"audition","status":"publish","type":"post","link":"https:\/\/www.tousergo.com\/blog\/audition\/","title":{"rendered":"Journ\u00e9e Nationale de l\u2019Audition : chiffres et conseils !"},"content":{"rendered":"<p>Aujourd&rsquo;hui, jeudi 9 mars, se d\u00e9roule une nouvelle<span style=\"color: #53798f;\"><strong>\u00a0\u00e9dition de la<span style=\"color: #53798f;\"> Jo<\/span>urn\u00e9e Nationale de l\u2019Audition<\/strong><\/span>, organis\u00e9e par l\u2019association du m\u00eame nom. Chaque ann\u00e9e depuis 1998, cette journ\u00e9e est consacr\u00e9e \u00e0 une campagne nationale d\u2019information et de pr\u00e9vention dans ce domaine.<\/p>\n<p><strong>Tous ergo en profite pour vous faire part des chiffres cl\u00e9s de l&rsquo;audition en France. Retrouvez aussi dans cet article des conseils si vous souffrez de troubles auditifs !<\/strong><\/p>\n<\/p>\n<h2><span style=\"color: #53798f;\">La Journ\u00e9e Nationale de l\u2019Audition<\/span><\/h2>\n<p><!--more--><\/p>\n<p>Cette ann\u00e9e, apr\u00e8s une prise de conscience plus importante sur les risques auditifs, l\u2019association <strong>Journ\u00e9e Nationale de l\u2019Audition<\/strong> pr\u00e9sente une nouvelle vision strat\u00e9gique de sant\u00e9 sur 10 ans \u00e0 travers 7 d\u00e9fis :<\/p>\n<ul>\n<li style=\"list-style-type: none;\">\n<ul>\n<li data-tadv-p=\"keep\">Int\u00e9grer l\u2019audition aux indicateurs de s\u00e9curit\u00e9 sanitaire li\u00e9e -Mettre en place une vigilance sanitaire<\/li>\n<\/ul>\n<\/li>\n<\/ul>\n<ul>\n<li style=\"list-style-type: none;\">\n<ul>\n<li data-tadv-p=\"keep\">Relever les d\u00e9fis du parcours de sant\u00e9 auditive<\/li>\n<\/ul>\n<\/li>\n<\/ul>\n<ul>\n<li style=\"list-style-type: none;\">\n<ul>\n<li data-tadv-p=\"keep\">Reconna\u00eetre les acouph\u00e8nes comme des handicaps invisibles invalidants<\/li>\n<\/ul>\n<\/li>\n<\/ul>\n<ul>\n<li style=\"list-style-type: none;\">\n<ul>\n<li data-tadv-p=\"keep\">La e-sant\u00e9 auditive \u00e0 la rescousse ?<\/li>\n<\/ul>\n<\/li>\n<\/ul>\n<ul>\n<li style=\"list-style-type: none;\">\n<ul>\n<li data-tadv-p=\"keep\">Relever les d\u00e9fis de la recherche<\/li>\n<\/ul>\n<\/li>\n<\/ul>\n<ul>\n<li data-tadv-p=\"keep\">Op\u00e9rer un changement culturel<\/li>\n<\/ul>\n<p><a href=\"http:\/\/www.journee-audition.org\/pdf\/JNA-2020-2030-la-sante-auditive.pdf\">Retrouvez l&rsquo;int\u00e9gralit\u00e9 du programme en cliquant ici<\/a><\/p>\n<p>Au XXIe si\u00e8cle, l\u2019\u00eatre humain aspire \u00e0 vivre en meilleur sant\u00e9 le plus longtemps possible. L\u2019audition est l\u2019une des cl\u00e9s.<\/p>\n<p><strong><a href=\"https:\/\/www.journee-audition.org\/la-campagne\/vous-etes-acteurs-de-la-campagne\/les-participants.html\">D\u00e9couvrez la liste des participants \u00e0 la Campagne JNA 2020<\/a> pour vous rendre sur les actions et initiatives organis\u00e9es dans votre ville ou r\u00e9gion !<\/strong><\/p>\n<p><strong>En savoir plus<\/strong>\u00a0:\u00a0<strong><a href=\"https:\/\/www.journee-audition.org\/\" target=\"_blank\" rel=\"noopener\">Site de la JNA<\/a><\/strong><\/p>\n<h2><\/h2>\n<h2><span style=\"color: #53798f;\">Audition : Les chiffres cl\u00e9s en France<\/span><\/h2>\n<p>L\u2019enqu\u00eate montre une augmentation des personnes concern\u00e9es par les acouph\u00e8nes de 31% en 2017 \u00e0 39% en 2020. <strong><span style=\"color: #436e99;\">Environ 20 millions de Fran\u00e7ais ressentent des acouph\u00e8nes<\/span><\/strong>, dont environ 6 millions<br \/>\n\u00ab souvent \u00bb.<\/p>\n<p>La majorit\u00e9 des Fran\u00e7ais de tout \u00e2ge fait part de difficult\u00e9s de compr\u00e9hension de la parole dans l\u2019ensemble des lieux et situations de vie. Et cela, m\u00eame chez les 15 &#8211; 18 ans ! En effet, <strong><span style=\"color: #436e99;\">64% des<\/span><\/strong><br \/>\n<strong><span style=\"color: #436e99;\">jeunes lyc\u00e9ens et \u00e9tudiants indiquent rencontrer des difficult\u00e9s de compr\u00e9hension<\/span><\/strong> de la parole \u00e0 cause du bruit dans les classes !<\/p>\n<p>Les fran\u00e7ais sont conscients des impacts de ces g\u00eanes sur leur \u00e9tat de sant\u00e9.\u00a0En effet, <strong><span style=\"color: #436e99;\">37% des interview\u00e9s affirment \u00eatre inquiets pour leur sant\u00e9<\/span><\/strong> concernant cet enjeu d\u2019audition.<br \/>\nIl s\u2019agit du second niveau d\u2019inqui\u00e9tude le plus cons\u00e9quent sur les 9 test\u00e9s, derri\u00e8re les AVC (52%). Cependant, ils sont peu nombreux \u00e0 s&rsquo;informer.<\/p>\n<p>Plus des 3\/4 des Fran\u00e7ais de 15 ans ou plus (77%) affirment que les bruits et nuisances sonores ont des <strong>r\u00e9percussions n\u00e9gatives sur diff\u00e9rents domaines de leur sant\u00e9, <\/strong>tels que la perte de concentration, la fatigue et l&rsquo;irritabilit\u00e9 dans leur vie quotidienne.<\/p>\n<p>En France, <span style=\"color: #436e99;\"><strong>6 millions de personnes souffrent de difficult\u00e9s d\u2019audition.<\/strong> <strong>Un tiers d\u2019entre elles environ est appareill\u00e9<\/strong><\/span>.<\/p>\n<p>Enfin, seulement <strong>1 personne interrog\u00e9e sur 2 affirme s\u2019\u00eatre d\u00e9j\u00e0 rendue chez un m\u00e9decin ORL<\/strong> pour faire un bilan complet de son audition, seulement 4 jeunes sur 10.<\/p>\n<h2><\/h2>\n<h2><span style=\"color: #53798f;\">Que faire lorsque l\u2019on est confront\u00e9 \u00e0 des probl\u00e8mes d\u2019audition\u00a0?<\/span><\/h2>\n<p><a href=\"https:\/\/www.tousergo.com\/blog\/wp-content\/uploads\/2016\/03\/Fotolia_83115806_M.jpg\" rel=\"attachment wp-att-5219\"><img loading=\"lazy\" decoding=\"async\" class=\"wp-image-5219 alignright\" src=\"https:\/\/www.tousergo.com\/blog\/wp-content\/uploads\/2016\/03\/Fotolia_83115806_M-200x300.jpg\" alt=\"Prothse Auditive Senior\" width=\"221\" height=\"332\" srcset=\"https:\/\/www.tousergo.com\/blog\/wp-content\/uploads\/2016\/03\/Fotolia_83115806_M-200x300.jpg 200w, https:\/\/www.tousergo.com\/blog\/wp-content\/uploads\/2016\/03\/Fotolia_83115806_M-768x1152.jpg 768w, https:\/\/www.tousergo.com\/blog\/wp-content\/uploads\/2016\/03\/Fotolia_83115806_M-682x1024.jpg 682w, https:\/\/www.tousergo.com\/blog\/wp-content\/uploads\/2016\/03\/Fotolia_83115806_M.jpg 1125w\" sizes=\"auto, (max-width: 221px) 100vw, 221px\" \/><\/a>Si vous pensez \u00eatre concern\u00e9 par un <strong>trouble de l\u2019audition<\/strong>, ou que vous vous inqui\u00e9tez pour un proche, une seule solution\u00a0:<strong> le d\u00e9pistage\u00a0<\/strong>!\u00a0Pour cela, il faut se rendre dans un <strong>centre d\u2019audition<\/strong>. Les tests, pratiqu\u00e9s par des professionnels, sont g\u00e9n\u00e9ralement gratuits.<\/p>\n<p>Si un <strong>probl\u00e8me auditif<\/strong> est d\u00e9tect\u00e9 lors d\u2019un d\u00e9pistage, il faudra\u00a0:<\/p>\n<ol>\n<li>En parler avec votre <strong>m\u00e9decin traitant<\/strong>. C\u2019est \u00e0 lui de prescrire un rendez-vous chez un ORL.<\/li>\n<li>Vous rendre chez l\u2019<strong>ORL<\/strong>. Au besoin, c\u2019est lui qui prescrira l\u2019appareillage n\u00e9cessaire.<\/li>\n<li>Si un appareil est prescrit, prendre contact avec un<strong> audioproth\u00e9siste<\/strong> pour l\u2019obtention de l\u2019appareil.<\/li>\n<\/ol>\n<p>Sachez qu\u2019il est pr\u00e9f\u00e9rable de<strong> faire examiner son audition r\u00e9guli\u00e8rement, et ce d\u00e8s l\u2019\u00e2ge de 50 ans<\/strong>. Par ailleurs, n\u2019h\u00e9sitez pas \u00e0 vous faire d\u00e9pister si vous ressentez les premiers sympt\u00f4mes avant cet \u00e2ge. <span style=\"color: #53798f;\"><strong>Notez qu\u2019au plus vous n\u00e9gligez votre perte auditive, au plus vous mettrez de temps \u00e0 vous adapter \u00e0 votre appareil auditif\u00a0!<\/strong><\/span><\/p>\n<h3><\/h3>\n<h2><span style=\"color: #436e99;\">Se faire rembourser ses proth\u00e8ses auditives<\/span><\/h2>\n<p>Pour permettre \u00e0 davantage d\u2019assur\u00e9s de corriger leurs troubles de l\u2019audition, <span style=\"color: #436e99;\">la prise en charge des aides auditives (ou proth\u00e8ses auditives) a \u00e9volu\u00e9 depuis le 1er janvier 2019<\/span>\u00a0<span style=\"color: #436e99;\">:<\/span><\/p>\n<p>Les proth\u00e8ses auditives et leur adaptation, leur entretien et les accessoires sont\u00a0<a href=\"https:\/\/www.ameli.fr\/assure\/remboursements\/rembourse\/optique-audition\/protheses-auditives#text_2403\">rembours\u00e9s par l\u2019Assurance Maladie<\/a>\u00a0sur la base de 60\u00a0% d\u2019un tarif forfaitaire qui varie suivant l\u2019\u00e2ge et le handicap. Depuis le 1er janvier 2019, une proth\u00e8se type pour un adulte est rembours\u00e9e \u00e0 hauteur de 180\u00a0\u20ac\u00a0par l\u2019Assurance Maladie, contre 120\u00a0\u00a0\u20ac pr\u00e9c\u00e9demment. L\u2019assurance compl\u00e9mentaire de chaque assur\u00e9 intervient ensuite, selon les conditions de son contrat.<\/p>\n<p><span style=\"color: #53798f;\"><strong>L\u2019info insolite <span style=\"color: #000000;\">:\u00a0<\/span><\/strong><\/span><em>Le bruit le plus violent de l&rsquo;histoire serait li\u00e9 \u00e0 l\u2019explosion, en 1883, du Volcan Perbuatan, situ\u00e9 sur l\u2019\u00eele de Krakatoa en Indon\u00e9sie. Cette explosion aurait \u00e9t\u00e9 entendue \u00e0 pr\u00e8s de 5000 kilom\u00e8tres \u00e0 la ronde ! (Source : David Lowenthal \u00ab\u00a0Courrier de l&rsquo;Unesco\u00a0\u00bb nov. 1976)<\/em><\/p>\n<p><span style=\"color: #53798f;\"><strong>Pour conclure\u00a0: prenez soin de vous et de vos proches, faites-vous d\u00e9pister\u00a0et \u00e9quipez-vous si besoin ! <\/strong><\/span><\/p>\n","protected":false},"excerpt":{"rendered":"<p class=\"u-txt-sm u-txt-dark u-d-desktop u-w-100\">Aujourd&rsquo;hui, jeudi 9 mars, se d\u00e9roule une nouvelle\u00a0\u00e9dition de la Journ\u00e9e Nationale de l\u2019Audition, organis\u00e9e par l\u2019association du m\u00eame nom....<\/p>\n<button class=\"c-btn--unstyled u-font-weight-bold u-txt-primary u-txt-sm\">\n\t\t\tLire l\u2019article\n\t\t\t<span class=\"c-icon--24 u-ml-1\"><img decoding=\"async\" src=\"https:\/\/www.tousergo.com\/blog\/wp-content\/themes\/tousergo\/img\/icons\/arrow-right-circle-fill.svg\" alt=\"\"><\/span>\n\t<\/button>","protected":false},"author":19,"featured_media":13550,"comment_status":"open","ping_status":"open","sticky":false,"template":"","format":"standard","meta":{"_acf_changed":false,"footnotes":""},"categories":[2,5],"tags":[116,442,833],"class_list":["post-5211","post","type-post","status-publish","format-standard","has-post-thumbnail","hentry","category-conseils-et-solutions","category-guides-dachat","tag-audition","tag-journee-nationale-de-laudition","tag-troubles-auditifs"],"acf":[],"yoast_head":"<!-- This site is optimized with the Yoast SEO plugin v27.8 - https:\/\/yoast.com\/product\/yoast-seo-wordpress\/ -->\n<title>Audition : appareillage, chiffres cl\u00e9s, journ\u00e9e nationale...<\/title>\n<meta name=\"description\" content=\"Qu&#039;est ce que la Journ\u00e9e Nationale de l&#039;Audition, quels sont les chiffres cl\u00e9s, que faire en cas de troubles auditifs ? Tous ergo vous r\u00e9pond !\" \/>\n<meta name=\"robots\" content=\"index, follow, max-snippet:-1, max-image-preview:large, max-video-preview:-1\" \/>\n<link rel=\"canonical\" href=\"https:\/\/www.tousergo.com\/blog\/audition\/\" \/>\n<meta property=\"og:locale\" content=\"fr_FR\" \/>\n<meta property=\"og:type\" content=\"article\" \/>\n<meta property=\"og:title\" content=\"Audition : appareillage, chiffres cl\u00e9s, journ\u00e9e nationale...\" \/>\n<meta property=\"og:description\" content=\"Qu&#039;est ce que la Journ\u00e9e Nationale de l&#039;Audition, quels sont les chiffres cl\u00e9s, que faire en cas de troubles auditifs ? Tous ergo vous r\u00e9pond !\" \/>\n<meta property=\"og:url\" content=\"https:\/\/www.tousergo.com\/blog\/audition\/\" \/>\n<meta property=\"og:site_name\" content=\"Blog Tous ergo\" \/>\n<meta property=\"article:publisher\" content=\"https:\/\/www.facebook.com\/tousergo\/\" \/>\n<meta property=\"article:published_time\" content=\"2020-03-12T10:00:45+00:00\" \/>\n<meta property=\"article:modified_time\" content=\"2023-03-08T13:11:28+00:00\" \/>\n<meta property=\"og:image\" content=\"https:\/\/www.tousergo.com\/blog\/wp-content\/uploads\/2020\/03\/thumbnail_audition-blog.jpg\" \/>\n\t<meta property=\"og:image:width\" content=\"640\" \/>\n\t<meta property=\"og:image:height\" content=\"351\" \/>\n\t<meta property=\"og:image:type\" content=\"image\/jpeg\" \/>\n<meta name=\"author\" content=\"Clemence\" \/>\n<meta name=\"twitter:card\" content=\"summary_large_image\" \/>\n<meta name=\"twitter:creator\" content=\"@tousergo\" \/>\n<meta name=\"twitter:site\" content=\"@tousergo\" \/>\n<meta name=\"twitter:label1\" content=\"\u00c9crit par\" \/>\n\t<meta name=\"twitter:data1\" content=\"Clemence\" \/>\n\t<meta name=\"twitter:label2\" content=\"Dur\u00e9e de lecture estim\u00e9e\" \/>\n\t<meta name=\"twitter:data2\" content=\"4 minutes\" \/>\n<script type=\"application\/ld+json\" class=\"yoast-schema-graph\">{\"@context\":\"https:\\\/\\\/schema.org\",\"@graph\":[{\"@type\":\"Article\",\"@id\":\"https:\\\/\\\/www.tousergo.com\\\/blog\\\/audition\\\/#article\",\"isPartOf\":{\"@id\":\"https:\\\/\\\/www.tousergo.com\\\/blog\\\/audition\\\/\"},\"author\":{\"name\":\"Clemence\",\"@id\":\"https:\\\/\\\/www.tousergo.com\\\/blog\\\/#\\\/schema\\\/person\\\/9ddd40b5d5665a3764d94249c82d22be\"},\"headline\":\"Journ\u00e9e Nationale de l\u2019Audition : chiffres et conseils !\",\"datePublished\":\"2020-03-12T10:00:45+00:00\",\"dateModified\":\"2023-03-08T13:11:28+00:00\",\"mainEntityOfPage\":{\"@id\":\"https:\\\/\\\/www.tousergo.com\\\/blog\\\/audition\\\/\"},\"wordCount\":866,\"commentCount\":0,\"image\":{\"@id\":\"https:\\\/\\\/www.tousergo.com\\\/blog\\\/audition\\\/#primaryimage\"},\"thumbnailUrl\":\"https:\\\/\\\/www.tousergo.com\\\/blog\\\/wp-content\\\/uploads\\\/2020\\\/03\\\/thumbnail_audition-blog.jpg\",\"keywords\":[\"audition\",\"Journ\u00e9e nationale de l'audition\",\"troubles auditifs\"],\"articleSection\":[\"Conseils et solutions\",\"Guides d'achat\"],\"inLanguage\":\"fr-FR\",\"potentialAction\":[{\"@type\":\"CommentAction\",\"name\":\"Comment\",\"target\":[\"https:\\\/\\\/www.tousergo.com\\\/blog\\\/audition\\\/#respond\"]}]},{\"@type\":\"WebPage\",\"@id\":\"https:\\\/\\\/www.tousergo.com\\\/blog\\\/audition\\\/\",\"url\":\"https:\\\/\\\/www.tousergo.com\\\/blog\\\/audition\\\/\",\"name\":\"Audition : appareillage, chiffres cl\u00e9s, journ\u00e9e nationale...\",\"isPartOf\":{\"@id\":\"https:\\\/\\\/www.tousergo.com\\\/blog\\\/#website\"},\"primaryImageOfPage\":{\"@id\":\"https:\\\/\\\/www.tousergo.com\\\/blog\\\/audition\\\/#primaryimage\"},\"image\":{\"@id\":\"https:\\\/\\\/www.tousergo.com\\\/blog\\\/audition\\\/#primaryimage\"},\"thumbnailUrl\":\"https:\\\/\\\/www.tousergo.com\\\/blog\\\/wp-content\\\/uploads\\\/2020\\\/03\\\/thumbnail_audition-blog.jpg\",\"datePublished\":\"2020-03-12T10:00:45+00:00\",\"dateModified\":\"2023-03-08T13:11:28+00:00\",\"author\":{\"@id\":\"https:\\\/\\\/www.tousergo.com\\\/blog\\\/#\\\/schema\\\/person\\\/9ddd40b5d5665a3764d94249c82d22be\"},\"description\":\"Qu'est ce que la Journ\u00e9e Nationale de l'Audition, quels sont les chiffres cl\u00e9s, que faire en cas de troubles auditifs ? Tous ergo vous r\u00e9pond !\",\"breadcrumb\":{\"@id\":\"https:\\\/\\\/www.tousergo.com\\\/blog\\\/audition\\\/#breadcrumb\"},\"inLanguage\":\"fr-FR\",\"potentialAction\":[{\"@type\":\"ReadAction\",\"target\":[\"https:\\\/\\\/www.tousergo.com\\\/blog\\\/audition\\\/\"]}]},{\"@type\":\"ImageObject\",\"inLanguage\":\"fr-FR\",\"@id\":\"https:\\\/\\\/www.tousergo.com\\\/blog\\\/audition\\\/#primaryimage\",\"url\":\"https:\\\/\\\/www.tousergo.com\\\/blog\\\/wp-content\\\/uploads\\\/2020\\\/03\\\/thumbnail_audition-blog.jpg\",\"contentUrl\":\"https:\\\/\\\/www.tousergo.com\\\/blog\\\/wp-content\\\/uploads\\\/2020\\\/03\\\/thumbnail_audition-blog.jpg\",\"width\":640,\"height\":351,\"caption\":\"audition tousergo jna probl\u00e8mes auditifs\"},{\"@type\":\"BreadcrumbList\",\"@id\":\"https:\\\/\\\/www.tousergo.com\\\/blog\\\/audition\\\/#breadcrumb\",\"itemListElement\":[{\"@type\":\"ListItem\",\"position\":1,\"name\":\"Accueil\",\"item\":\"https:\\\/\\\/www.tousergo.com\\\/blog\\\/\"},{\"@type\":\"ListItem\",\"position\":2,\"name\":\"Journ\u00e9e Nationale de l\u2019Audition : chiffres et conseils !\"}]},{\"@type\":\"WebSite\",\"@id\":\"https:\\\/\\\/www.tousergo.com\\\/blog\\\/#website\",\"url\":\"https:\\\/\\\/www.tousergo.com\\\/blog\\\/\",\"name\":\"Blog Tous ergo\",\"description\":\"Toutes les solutions pour l&#039;autonomie \u00e0 domicile\",\"potentialAction\":[{\"@type\":\"SearchAction\",\"target\":{\"@type\":\"EntryPoint\",\"urlTemplate\":\"https:\\\/\\\/www.tousergo.com\\\/blog\\\/?s={search_term_string}\"},\"query-input\":{\"@type\":\"PropertyValueSpecification\",\"valueRequired\":true,\"valueName\":\"search_term_string\"}}],\"inLanguage\":\"fr-FR\"},{\"@type\":\"Person\",\"@id\":\"https:\\\/\\\/www.tousergo.com\\\/blog\\\/#\\\/schema\\\/person\\\/9ddd40b5d5665a3764d94249c82d22be\",\"name\":\"Clemence\",\"image\":{\"@type\":\"ImageObject\",\"inLanguage\":\"fr-FR\",\"@id\":\"https:\\\/\\\/secure.gravatar.com\\\/avatar\\\/e88e6cfcf697ab93ef576616a6b5d1d819a4fc0c3383213e4a4dc71359896ff2?s=96&d=mm&r=g\",\"url\":\"https:\\\/\\\/secure.gravatar.com\\\/avatar\\\/e88e6cfcf697ab93ef576616a6b5d1d819a4fc0c3383213e4a4dc71359896ff2?s=96&d=mm&r=g\",\"contentUrl\":\"https:\\\/\\\/secure.gravatar.com\\\/avatar\\\/e88e6cfcf697ab93ef576616a6b5d1d819a4fc0c3383213e4a4dc71359896ff2?s=96&d=mm&r=g\",\"caption\":\"Clemence\"},\"description\":\"Bonjour, je suis Clemence ! Chez Tous Ergo, je m'occupe des r\u00e9seaux sociaux et des articles de blog. Passionn\u00e9e depuis toujours de dessin et de lecture, mon objectif chez Tous Ergo est de cr\u00e9er un contenu moderne et l\u00e9ger, tout en \u00e9tant adapt\u00e9 \u00e0 notre communaut\u00e9, principalement constitu\u00e9e de personnes en situation de handicap et de personnes \u00e2g\u00e9es !\",\"url\":\"https:\\\/\\\/www.tousergo.com\\\/blog\\\/author\\\/clemence\\\/\"}]}<\/script>\n<!-- \/ Yoast SEO plugin. -->","yoast_head_json":{"title":"Audition : appareillage, chiffres cl\u00e9s, journ\u00e9e nationale...","description":"Qu'est ce que la Journ\u00e9e Nationale de l'Audition, quels sont les chiffres cl\u00e9s, que faire en cas de troubles auditifs ? Tous ergo vous r\u00e9pond !","robots":{"index":"index","follow":"follow","max-snippet":"max-snippet:-1","max-image-preview":"max-image-preview:large","max-video-preview":"max-video-preview:-1"},"canonical":"https:\/\/www.tousergo.com\/blog\/audition\/","og_locale":"fr_FR","og_type":"article","og_title":"Audition : appareillage, chiffres cl\u00e9s, journ\u00e9e nationale...","og_description":"Qu'est ce que la Journ\u00e9e Nationale de l'Audition, quels sont les chiffres cl\u00e9s, que faire en cas de troubles auditifs ? Tous ergo vous r\u00e9pond !","og_url":"https:\/\/www.tousergo.com\/blog\/audition\/","og_site_name":"Blog Tous ergo","article_publisher":"https:\/\/www.facebook.com\/tousergo\/","article_published_time":"2020-03-12T10:00:45+00:00","article_modified_time":"2023-03-08T13:11:28+00:00","og_image":[{"width":640,"height":351,"url":"https:\/\/www.tousergo.com\/blog\/wp-content\/uploads\/2020\/03\/thumbnail_audition-blog.jpg","type":"image\/jpeg"}],"author":"Clemence","twitter_card":"summary_large_image","twitter_creator":"@tousergo","twitter_site":"@tousergo","twitter_misc":{"\u00c9crit par":"Clemence","Dur\u00e9e de lecture estim\u00e9e":"4 minutes"},"schema":{"@context":"https:\/\/schema.org","@graph":[{"@type":"Article","@id":"https:\/\/www.tousergo.com\/blog\/audition\/#article","isPartOf":{"@id":"https:\/\/www.tousergo.com\/blog\/audition\/"},"author":{"name":"Clemence","@id":"https:\/\/www.tousergo.com\/blog\/#\/schema\/person\/9ddd40b5d5665a3764d94249c82d22be"},"headline":"Journ\u00e9e Nationale de l\u2019Audition : chiffres et conseils !","datePublished":"2020-03-12T10:00:45+00:00","dateModified":"2023-03-08T13:11:28+00:00","mainEntityOfPage":{"@id":"https:\/\/www.tousergo.com\/blog\/audition\/"},"wordCount":866,"commentCount":0,"image":{"@id":"https:\/\/www.tousergo.com\/blog\/audition\/#primaryimage"},"thumbnailUrl":"https:\/\/www.tousergo.com\/blog\/wp-content\/uploads\/2020\/03\/thumbnail_audition-blog.jpg","keywords":["audition","Journ\u00e9e nationale de l'audition","troubles auditifs"],"articleSection":["Conseils et solutions","Guides d'achat"],"inLanguage":"fr-FR","potentialAction":[{"@type":"CommentAction","name":"Comment","target":["https:\/\/www.tousergo.com\/blog\/audition\/#respond"]}]},{"@type":"WebPage","@id":"https:\/\/www.tousergo.com\/blog\/audition\/","url":"https:\/\/www.tousergo.com\/blog\/audition\/","name":"Audition : appareillage, chiffres cl\u00e9s, journ\u00e9e nationale...","isPartOf":{"@id":"https:\/\/www.tousergo.com\/blog\/#website"},"primaryImageOfPage":{"@id":"https:\/\/www.tousergo.com\/blog\/audition\/#primaryimage"},"image":{"@id":"https:\/\/www.tousergo.com\/blog\/audition\/#primaryimage"},"thumbnailUrl":"https:\/\/www.tousergo.com\/blog\/wp-content\/uploads\/2020\/03\/thumbnail_audition-blog.jpg","datePublished":"2020-03-12T10:00:45+00:00","dateModified":"2023-03-08T13:11:28+00:00","author":{"@id":"https:\/\/www.tousergo.com\/blog\/#\/schema\/person\/9ddd40b5d5665a3764d94249c82d22be"},"description":"Qu'est ce que la Journ\u00e9e Nationale de l'Audition, quels sont les chiffres cl\u00e9s, que faire en cas de troubles auditifs ? Tous ergo vous r\u00e9pond !","breadcrumb":{"@id":"https:\/\/www.tousergo.com\/blog\/audition\/#breadcrumb"},"inLanguage":"fr-FR","potentialAction":[{"@type":"ReadAction","target":["https:\/\/www.tousergo.com\/blog\/audition\/"]}]},{"@type":"ImageObject","inLanguage":"fr-FR","@id":"https:\/\/www.tousergo.com\/blog\/audition\/#primaryimage","url":"https:\/\/www.tousergo.com\/blog\/wp-content\/uploads\/2020\/03\/thumbnail_audition-blog.jpg","contentUrl":"https:\/\/www.tousergo.com\/blog\/wp-content\/uploads\/2020\/03\/thumbnail_audition-blog.jpg","width":640,"height":351,"caption":"audition tousergo jna probl\u00e8mes auditifs"},{"@type":"BreadcrumbList","@id":"https:\/\/www.tousergo.com\/blog\/audition\/#breadcrumb","itemListElement":[{"@type":"ListItem","position":1,"name":"Accueil","item":"https:\/\/www.tousergo.com\/blog\/"},{"@type":"ListItem","position":2,"name":"Journ\u00e9e Nationale de l\u2019Audition : chiffres et conseils !"}]},{"@type":"WebSite","@id":"https:\/\/www.tousergo.com\/blog\/#website","url":"https:\/\/www.tousergo.com\/blog\/","name":"Blog Tous ergo","description":"Toutes les solutions pour l&#039;autonomie \u00e0 domicile","potentialAction":[{"@type":"SearchAction","target":{"@type":"EntryPoint","urlTemplate":"https:\/\/www.tousergo.com\/blog\/?s={search_term_string}"},"query-input":{"@type":"PropertyValueSpecification","valueRequired":true,"valueName":"search_term_string"}}],"inLanguage":"fr-FR"},{"@type":"Person","@id":"https:\/\/www.tousergo.com\/blog\/#\/schema\/person\/9ddd40b5d5665a3764d94249c82d22be","name":"Clemence","image":{"@type":"ImageObject","inLanguage":"fr-FR","@id":"https:\/\/secure.gravatar.com\/avatar\/e88e6cfcf697ab93ef576616a6b5d1d819a4fc0c3383213e4a4dc71359896ff2?s=96&d=mm&r=g","url":"https:\/\/secure.gravatar.com\/avatar\/e88e6cfcf697ab93ef576616a6b5d1d819a4fc0c3383213e4a4dc71359896ff2?s=96&d=mm&r=g","contentUrl":"https:\/\/secure.gravatar.com\/avatar\/e88e6cfcf697ab93ef576616a6b5d1d819a4fc0c3383213e4a4dc71359896ff2?s=96&d=mm&r=g","caption":"Clemence"},"description":"Bonjour, je suis Clemence ! Chez Tous Ergo, je m'occupe des r\u00e9seaux sociaux et des articles de blog. Passionn\u00e9e depuis toujours de dessin et de lecture, mon objectif chez Tous Ergo est de cr\u00e9er un contenu moderne et l\u00e9ger, tout en \u00e9tant adapt\u00e9 \u00e0 notre communaut\u00e9, principalement constitu\u00e9e de personnes en situation de handicap et de personnes \u00e2g\u00e9es !","url":"https:\/\/www.tousergo.com\/blog\/author\/clemence\/"}]}},"_links":{"self":[{"href":"https:\/\/www.tousergo.com\/blog\/wp-json\/wp\/v2\/posts\/5211","targetHints":{"allow":["GET"]}}],"collection":[{"href":"https:\/\/www.tousergo.com\/blog\/wp-json\/wp\/v2\/posts"}],"about":[{"href":"https:\/\/www.tousergo.com\/blog\/wp-json\/wp\/v2\/types\/post"}],"author":[{"embeddable":true,"href":"https:\/\/www.tousergo.com\/blog\/wp-json\/wp\/v2\/users\/19"}],"replies":[{"embeddable":true,"href":"https:\/\/www.tousergo.com\/blog\/wp-json\/wp\/v2\/comments?post=5211"}],"version-history":[{"count":7,"href":"https:\/\/www.tousergo.com\/blog\/wp-json\/wp\/v2\/posts\/5211\/revisions"}],"predecessor-version":[{"id":19410,"href":"https:\/\/www.tousergo.com\/blog\/wp-json\/wp\/v2\/posts\/5211\/revisions\/19410"}],"wp:featuredmedia":[{"embeddable":true,"href":"https:\/\/www.tousergo.com\/blog\/wp-json\/wp\/v2\/media\/13550"}],"wp:attachment":[{"href":"https:\/\/www.tousergo.com\/blog\/wp-json\/wp\/v2\/media?parent=5211"}],"wp:term":[{"taxonomy":"category","embeddable":true,"href":"https:\/\/www.tousergo.com\/blog\/wp-json\/wp\/v2\/categories?post=5211"},{"taxonomy":"post_tag","embeddable":true,"href":"https:\/\/www.tousergo.com\/blog\/wp-json\/wp\/v2\/tags?post=5211"}],"curies":[{"name":"wp","href":"https:\/\/api.w.org\/{rel}","templated":true}]}}