{"id":5223,"date":"2016-03-14T09:00:57","date_gmt":"2016-03-14T08:00:57","guid":{"rendered":"https:\/\/www.tousergo.com\/blog\/?p=5223"},"modified":"2021-04-12T16:23:42","modified_gmt":"2021-04-12T14:23:42","slug":"semaine-nationale-des-personnes-handicapees-physiques","status":"publish","type":"post","link":"https:\/\/www.tousergo.com\/blog\/semaine-nationale-des-personnes-handicapees-physiques\/","title":{"rendered":"D\u00e9couvrez-en plus sur la semaine nationale des personnes handicap\u00e9es physiques"},"content":{"rendered":"<p><strong><span style=\"color: #53798f;\">La semaine nationale des personnes handicap\u00e9es physiques, c&rsquo;est cette semaine : du 14 au 20 mars 2016.\u00a0<\/span><\/strong><span style=\"line-height: 1.71429; font-size: 1rem;\">Cette <\/span><span style=\"line-height: 1.71429; font-size: 1rem;\">initiative<\/span><span style=\"line-height: 1.71429; font-size: 1rem;\">, qui existe depuis 1995, vise \u00e0 <strong>sensibiliser les Fran\u00e7ais au handicap<\/strong>, \u00e0 <strong>soutenir les personnes handicap\u00e9es et leur famille<\/strong>, mais aussi \u00e0 <strong>mettre en lumi\u00e8re diverses actions organis\u00e9es par des associations<\/strong>.<\/span><\/p>\n<h2><span style=\"color: #53798f;\">La semaine nationale des personnes handicap\u00e9es physiques et\u00a0les associations<\/span><\/h2>\n<p><a href=\"https:\/\/www.tousergo.com\/blog\/wp-content\/uploads\/2016\/03\/Capture.png\" rel=\"attachment wp-att-5224\"><img loading=\"lazy\" class=\"alignleft wp-image-5224\" src=\"https:\/\/www.tousergo.com\/blog\/wp-content\/uploads\/2016\/03\/Capture.png\" alt=\"Semaine nationale des personnes handicap\u00e9es physiques\" width=\"315\" height=\"367\" srcset=\"https:\/\/www.tousergo.com\/blog\/wp-content\/uploads\/2016\/03\/Capture.png 800w, https:\/\/www.tousergo.com\/blog\/wp-content\/uploads\/2016\/03\/Capture-258x300.png 258w, https:\/\/www.tousergo.com\/blog\/wp-content\/uploads\/2016\/03\/Capture-768x895.png 768w\" sizes=\"(max-width: 315px) 100vw, 315px\" \/><\/a>Une des associations \u00e0 mettre en place des actions lors de cette semaine de sensibilisation est bien \u00e9videmment l\u2019<strong>APF<\/strong>, l&rsquo;<strong><a href=\"https:\/\/www.apf.asso.fr\/\" target=\"_blank\" rel=\"noopener noreferrer\">Association des Paralys\u00e9s de France<\/a><\/strong>. Le leitmotiv ? \u00ab\u00a0<span style=\"color: #53798f;\"><strong>Vous donnez, nous avan\u00e7ons<\/strong><\/span>\u00a0\u00bb.<\/p>\n<p>En effet, l\u2019association organise une nouvelle <strong>collecte de fonds<\/strong> cette ann\u00e9e. Les fonds, \u00e0 son profit, seront utilis\u00e9s pour <strong>financer des projets de proximit\u00e9\u00a0et lutter contre les discriminations dont sont victimes les personnes handicap\u00e9es<\/strong>. Le but est aussi de rompre leur isolement, de favoriser leur accessibilit\u00e9 dans les lieux publics, de d\u00e9velopper leur accompagnement social\u2026<\/p>\n<p><!--more--><\/p>\n<p><strong>Des actions seront donc men\u00e9es dans toute la France<\/strong>, majoritairement sous forme de stands de sensibilisation et de vente. <strong>Pour faire un geste, vous pouvez faire un don ou effectuer un achat<\/strong>.<\/p>\n<p>Pour connaitre les points de vente, vous pouvez contacter la d\u00e9l\u00e9gation APF de votre d\u00e9partement ou de votre r\u00e9gion. <a href=\"https:\/\/www.apf.asso.fr\/apf-en-france\" target=\"_blank\" rel=\"noopener noreferrer\">Trouver la d\u00e9l\u00e9gation APF pr\u00e8s de chez moi<\/a>.<\/p>\n<p><a href=\"https:\/\/www.tousergo.com\/blog\/wp-content\/uploads\/2016\/03\/Capture2.png\" rel=\"attachment wp-att-5228\"><img loading=\"lazy\" class=\"wp-image-5228 alignleft\" src=\"https:\/\/www.tousergo.com\/blog\/wp-content\/uploads\/2016\/03\/Capture2.png\" alt=\"Capture2\" width=\"315\" height=\"445\" srcset=\"https:\/\/www.tousergo.com\/blog\/wp-content\/uploads\/2016\/03\/Capture2.png 593w, https:\/\/www.tousergo.com\/blog\/wp-content\/uploads\/2016\/03\/Capture2-213x300.png 213w\" sizes=\"(max-width: 315px) 100vw, 315px\" \/><\/a>L&rsquo;association caritative <strong><a href=\"https:\/\/www.ordredemaltefrance.org\/\" target=\"_blank\" rel=\"noopener noreferrer\">L&rsquo;ordre de Malte France<\/a><\/strong> est elle aussi engag\u00e9e en faveur des personnes handicap\u00e9es physiques. Elle s&rsquo;est fix\u00e9 comme objectifs de construire une soci\u00e9t\u00e9 plus ouvertes aux personnes en situation de handicap, de concevoir des r\u00e9ponses et des prises en charge adapt\u00e9es \u00e0 la sitation de chacun et de simplifier la vie quotidienne des personnes handicap\u00e9es.<\/p>\n<p>De ce fait, l&rsquo;ordre de Malte France appelle elle aussi aux <strong>dons<\/strong> \u00e0 l&rsquo;occasion de cette semaine de sensibilisation. Une qu\u00eate est \u00e9galement organis\u00e9e dans toute la France ces samedi et dimanche 19 et 20 mars. <a href=\"https:\/\/www.ordredemaltefrance.org\/campagnes\/semaine-nationale-des-personnes-handicapees-physiques.html\" target=\"_blank\" rel=\"noopener noreferrer\">Vous pouvez faire un geste en cliquant ici<\/a>.<\/p>\n<\/p>\n<p><span style=\"color: #53798f;\"><strong>Le saviez-vous\u00a0?<\/strong> <\/span>12 millions de Fran\u00e7ais sont touch\u00e9s par un handicap. Parmi eux, environ 13% sont handicap\u00e9s moteur. Ainsi, entre 2 et 3% de la population Fran\u00e7aise utilise un fauteuil roulant. (<a href=\"https:\/\/www.talenteo.fr\/chiffres-handicap-2015\/\" target=\"_blank\" rel=\"noopener noreferrer\">Source<\/a>)<\/p>\n","protected":false},"excerpt":{"rendered":"<p class=\"u-txt-sm u-txt-dark u-d-desktop u-w-100\">La semaine nationale des personnes handicap\u00e9es physiques, c&rsquo;est cette semaine : du 14 au 20 mars 2016.\u00a0Cette initiative, qui existe...<\/p>\n<button class=\"c-btn--unstyled u-font-weight-bold u-txt-primary u-txt-sm\">\n\t\t\tLire l\u2019article\n\t\t\t<span class=\"c-icon--24 u-ml-1\"><img src=\"https:\/\/www.tousergo.com\/blog\/wp-content\/themes\/tousergo\/img\/icons\/arrow-right-circle-fill.svg\" alt=\"\"><\/span>\n\t<\/button>","protected":false},"author":11,"featured_media":0,"comment_status":"open","ping_status":"open","sticky":false,"template":"","format":"standard","meta":[],"categories":[16,2,11],"tags":[736],"yoast_head":"<!-- This site is optimized with the Yoast SEO plugin v15.7 - https:\/\/yoast.com\/wordpress\/plugins\/seo\/ -->\n<title>D\u00e9couvrez-en plus sur la semaine nationale des personnes handicap\u00e9es physiques - Blog Tous ergo<\/title>\n<meta name=\"description\" content=\"Pour en savoir plus sur la semaine nationale des personnes handicap\u00e9es physiques et les actions mises en place par l&#039;Association des Paralys\u00e9s de France.\" \/>\n<meta name=\"robots\" content=\"index, follow, max-snippet:-1, max-image-preview:large, max-video-preview:-1\" \/>\n<link rel=\"canonical\" href=\"https:\/\/www.tousergo.com\/blog\/semaine-nationale-des-personnes-handicapees-physiques\/\" \/>\n<meta property=\"og:locale\" content=\"fr_FR\" \/>\n<meta property=\"og:type\" content=\"article\" \/>\n<meta property=\"og:title\" content=\"D\u00e9couvrez-en plus sur la semaine nationale des personnes handicap\u00e9es physiques - Blog Tous ergo\" \/>\n<meta property=\"og:description\" content=\"Pour en savoir plus sur la semaine nationale des personnes handicap\u00e9es physiques et les actions mises en place par l&#039;Association des Paralys\u00e9s de France.\" \/>\n<meta property=\"og:url\" content=\"https:\/\/www.tousergo.com\/blog\/semaine-nationale-des-personnes-handicapees-physiques\/\" \/>\n<meta property=\"og:site_name\" content=\"Blog Tous ergo\" \/>\n<meta property=\"article:publisher\" content=\"https:\/\/www.facebook.com\/tousergo\/\" \/>\n<meta property=\"article:published_time\" content=\"2016-03-14T08:00:57+00:00\" \/>\n<meta property=\"article:modified_time\" content=\"2021-04-12T14:23:42+00:00\" \/>\n<meta property=\"og:image\" content=\"https:\/\/www.tousergo.com\/blog\/wp-content\/uploads\/2016\/03\/Capture.png\" \/>\n<meta name=\"twitter:card\" content=\"summary_large_image\" \/>\n<meta name=\"twitter:creator\" content=\"@tousergo\" \/>\n<meta name=\"twitter:site\" content=\"@tousergo\" \/>\n<meta name=\"twitter:label1\" content=\"Dur\u00e9e de lecture est.\">\n\t<meta name=\"twitter:data1\" content=\"2 minutes\">\n<script type=\"application\/ld+json\" class=\"yoast-schema-graph\">{\"@context\":\"https:\/\/schema.org\",\"@graph\":[{\"@type\":\"WebSite\",\"@id\":\"https:\/\/www.tousergo.com\/blog\/#website\",\"url\":\"https:\/\/www.tousergo.com\/blog\/\",\"name\":\"Blog Tous ergo\",\"description\":\"Toutes les solutions pour l&#039;autonomie \\u00e0 domicile\",\"potentialAction\":[{\"@type\":\"SearchAction\",\"target\":\"https:\/\/www.tousergo.com\/blog\/?s={search_term_string}\",\"query-input\":\"required name=search_term_string\"}],\"inLanguage\":\"fr-FR\"},{\"@type\":\"ImageObject\",\"@id\":\"https:\/\/www.tousergo.com\/blog\/semaine-nationale-des-personnes-handicapees-physiques\/#primaryimage\",\"inLanguage\":\"fr-FR\",\"url\":\"https:\/\/www.tousergo.com\/blog\/wp-content\/uploads\/2016\/03\/Capture.png\",\"width\":800,\"height\":932},{\"@type\":\"WebPage\",\"@id\":\"https:\/\/www.tousergo.com\/blog\/semaine-nationale-des-personnes-handicapees-physiques\/#webpage\",\"url\":\"https:\/\/www.tousergo.com\/blog\/semaine-nationale-des-personnes-handicapees-physiques\/\",\"name\":\"D\\u00e9couvrez-en plus sur la semaine nationale des personnes handicap\\u00e9es physiques - Blog Tous ergo\",\"isPartOf\":{\"@id\":\"https:\/\/www.tousergo.com\/blog\/#website\"},\"primaryImageOfPage\":{\"@id\":\"https:\/\/www.tousergo.com\/blog\/semaine-nationale-des-personnes-handicapees-physiques\/#primaryimage\"},\"datePublished\":\"2016-03-14T08:00:57+00:00\",\"dateModified\":\"2021-04-12T14:23:42+00:00\",\"author\":{\"@id\":\"https:\/\/www.tousergo.com\/blog\/#\/schema\/person\/e6a2441c3652ce39ed048f223c36f97e\"},\"description\":\"Pour en savoir plus sur la semaine nationale des personnes handicap\\u00e9es physiques et les actions mises en place par l'Association des Paralys\\u00e9s de France.\",\"breadcrumb\":{\"@id\":\"https:\/\/www.tousergo.com\/blog\/semaine-nationale-des-personnes-handicapees-physiques\/#breadcrumb\"},\"inLanguage\":\"fr-FR\",\"potentialAction\":[{\"@type\":\"ReadAction\",\"target\":[\"https:\/\/www.tousergo.com\/blog\/semaine-nationale-des-personnes-handicapees-physiques\/\"]}]},{\"@type\":\"BreadcrumbList\",\"@id\":\"https:\/\/www.tousergo.com\/blog\/semaine-nationale-des-personnes-handicapees-physiques\/#breadcrumb\",\"itemListElement\":[{\"@type\":\"ListItem\",\"position\":1,\"item\":{\"@type\":\"WebPage\",\"@id\":\"https:\/\/www.tousergo.com\/blog\/\",\"url\":\"https:\/\/www.tousergo.com\/blog\/\",\"name\":\"Accueil\"}},{\"@type\":\"ListItem\",\"position\":2,\"item\":{\"@type\":\"WebPage\",\"@id\":\"https:\/\/www.tousergo.com\/blog\/semaine-nationale-des-personnes-handicapees-physiques\/\",\"url\":\"https:\/\/www.tousergo.com\/blog\/semaine-nationale-des-personnes-handicapees-physiques\/\",\"name\":\"D\\u00e9couvrez-en plus sur la semaine nationale des personnes handicap\\u00e9es physiques\"}}]},{\"@type\":\"Person\",\"@id\":\"https:\/\/www.tousergo.com\/blog\/#\/schema\/person\/e6a2441c3652ce39ed048f223c36f97e\",\"name\":\"Victoria\",\"image\":{\"@type\":\"ImageObject\",\"@id\":\"https:\/\/www.tousergo.com\/blog\/#personlogo\",\"inLanguage\":\"fr-FR\",\"url\":\"https:\/\/secure.gravatar.com\/avatar\/c7be45fa188ad1e0d0abfa43171e66e0?s=96&d=mm&r=g\",\"caption\":\"Victoria\"}}]}<\/script>\n<!-- \/ Yoast SEO plugin. -->","_links":{"self":[{"href":"https:\/\/www.tousergo.com\/blog\/wp-json\/wp\/v2\/posts\/5223"}],"collection":[{"href":"https:\/\/www.tousergo.com\/blog\/wp-json\/wp\/v2\/posts"}],"about":[{"href":"https:\/\/www.tousergo.com\/blog\/wp-json\/wp\/v2\/types\/post"}],"author":[{"embeddable":true,"href":"https:\/\/www.tousergo.com\/blog\/wp-json\/wp\/v2\/users\/11"}],"replies":[{"embeddable":true,"href":"https:\/\/www.tousergo.com\/blog\/wp-json\/wp\/v2\/comments?post=5223"}],"version-history":[{"count":3,"href":"https:\/\/www.tousergo.com\/blog\/wp-json\/wp\/v2\/posts\/5223\/revisions"}],"predecessor-version":[{"id":16102,"href":"https:\/\/www.tousergo.com\/blog\/wp-json\/wp\/v2\/posts\/5223\/revisions\/16102"}],"wp:attachment":[{"href":"https:\/\/www.tousergo.com\/blog\/wp-json\/wp\/v2\/media?parent=5223"}],"wp:term":[{"taxonomy":"category","embeddable":true,"href":"https:\/\/www.tousergo.com\/blog\/wp-json\/wp\/v2\/categories?post=5223"},{"taxonomy":"post_tag","embeddable":true,"href":"https:\/\/www.tousergo.com\/blog\/wp-json\/wp\/v2\/tags?post=5223"}],"curies":[{"name":"wp","href":"https:\/\/api.w.org\/{rel}","templated":true}]}}