{"id":5262,"date":"2017-03-20T09:00:36","date_gmt":"2017-03-20T08:00:36","guid":{"rendered":"https:\/\/www.tousergo.com\/blog\/?p=5262"},"modified":"2021-04-13T10:06:29","modified_gmt":"2021-04-13T08:06:29","slug":"journee-mondiale-de-la-trisomie-21","status":"publish","type":"post","link":"https:\/\/www.tousergo.com\/blog\/journee-mondiale-de-la-trisomie-21\/","title":{"rendered":"Journ\u00e9e mondiale de la trisomie 21"},"content":{"rendered":"<p>La 12<sup>\u00e8me<\/sup> \u00e9dition de la <strong><span style=\"color: #53798f;\">journ\u00e9e mondiale de la trisomie 21<\/span><\/strong>\u00a0aura lieu mardi\u00a021 mars 2017. Cet \u00e9v\u00e9nement international a en effet lieu chaque ann\u00e9e \u00e0 cette date depuis 2005.<\/p>\n<p>L\u2019objectif de cette journ\u00e9e mondiale est de \u00ab\u00a0<em>faire conna\u00eetre les derni\u00e8res avanc\u00e9es en termes de sant\u00e9 et d\u2019accompagnement, d\u2019\u00e9changer les savoirs, de sensibiliser et d\u2019entendre tous les acteurs concern\u00e9s par la Trisomie 21<\/em>\u00a0\u00bb.<\/p>\n<p><a href=\"https:\/\/www.tousergo.com\/blog\/wp-content\/uploads\/2016\/03\/Fotolia_55057431_M.jpg\" rel=\"attachment wp-att-5269\"><img loading=\"lazy\" class=\"aligncenter wp-image-5269 size-large\" src=\"https:\/\/www.tousergo.com\/blog\/wp-content\/uploads\/2016\/03\/Fotolia_55057431_M-1024x682.jpg\" alt=\"Journ\u00e9e mondiale de la trisomie 21\" width=\"625\" height=\"416\" srcset=\"https:\/\/www.tousergo.com\/blog\/wp-content\/uploads\/2016\/03\/Fotolia_55057431_M-1024x682.jpg 1024w, https:\/\/www.tousergo.com\/blog\/wp-content\/uploads\/2016\/03\/Fotolia_55057431_M-300x200.jpg 300w, https:\/\/www.tousergo.com\/blog\/wp-content\/uploads\/2016\/03\/Fotolia_55057431_M-768x512.jpg 768w, https:\/\/www.tousergo.com\/blog\/wp-content\/uploads\/2016\/03\/Fotolia_55057431_M.jpg 1688w\" sizes=\"(max-width: 625px) 100vw, 625px\" \/><\/a><\/p>\n<p><!--more--><\/p>\n<h2><span style=\"color: #53798f;\">Qu&rsquo;est-ce que la trisomie 21 ?<\/span><\/h2>\n<p><strong>La trisomie 21, \u00e9galement appell\u00e9e \u00ab\u00a0Syndrome de Down\u00a0\u00bb est une malformation cong\u00e9nitale.<\/strong> Celle-ci a pour origine la pr\u00e9sence d&rsquo;un chromosome suppl\u00e9mentaire\u00a0au niveau de la 21\u00e8me paire. Les personnes touch\u00e9es ne poss\u00e8dent donc pas\u00a046 mais bien 47 chromosomes. <em>Ce n&rsquo;est donc pas une maladie ! <\/em><\/p>\n<p>Cette anomalie g\u00e9n\u00e9tique peut prendre 3 formes diff\u00e9rentes et les cons\u00e9quences de cette malformation varient selon les individus. Le plus souvent, on observe un retard cognitif associ\u00e9 \u00e0 des modifications morphologiques.<\/p>\n<p>Le diagnostic s&rsquo;effectue \u00e0 la suite d&rsquo;une prise de sang. Il peut aussi avoir lieu lors de la grossesse, apr\u00e8s un pr\u00e9l\u00e9vement de liquide amniotique.\u00a0Le seul facteur de risque connu \u00e0 ce jour est en effet l&rsquo;\u00e2ge de la m\u00e8re au moment de la f\u00e9condation ; plus celle-ci est \u00e2g\u00e9e, plus le risque est grand.<\/p>\n<p>Pour en savoir plus, <strong><a href=\"https:\/\/trisomie21-france.org\/\" target=\"_blank\" rel=\"noopener noreferrer\">consultez le site de l&rsquo;association Trisomie 21 France<\/a>.<\/strong><\/p>\n<\/p>\n<h2><span style=\"color: #53798f;\">Journ\u00e9e mondiale de la trisomie 21 : portez des chaussettes d\u00e9pareill\u00e9es\u00a0!<\/span><\/h2>\n<p>L\u2019organisation britannique <strong><a href=\"https:\/\/ds-int.org\/\" target=\"_blank\" rel=\"noopener noreferrer\">Down Syndrom International<\/a> <\/strong>organise depuis plusieurs ann\u00e9es et partout dans le monde sa campagne mondiale \u00ab\u00a0<strong><span style=\"color: #53798f;\">Lots of socks<\/span><\/strong>\u00a0\u00bb. Elle invite ainsi tout le monde \u00e0 porter des chaussettes d\u00e9pareill\u00e9es tous les 21 mars, \u00e0 se prendre en photo et \u00e0 les diffuser sur les r\u00e9seaux sociaux\u00a0!<\/p>\n<p>L&rsquo;id\u00e9e est de mettre en valeur la diversit\u00e9. C&rsquo;est aussi une belle occasion d&rsquo;interpeller le grand public sur les conditions de vie des personnes avec une trisomie. Il s&rsquo;agit \u00e9galement de faire conna\u00eetre les organismes qui \u0153uvrent pour un meilleur accompagnement de ces personnes et de leur entourage.<\/p>\n<\/p>\n<h2><span style=\"color: #53798f;\">Les associations se mobilisent<a href=\"https:\/\/www.tousergo.com\/blog\/wp-content\/uploads\/2016\/03\/Journ\u00e9e-mondiale-T21.jpg\"><img loading=\"lazy\" class=\"aligncenter size-full wp-image-7609\" src=\"https:\/\/www.tousergo.com\/blog\/wp-content\/uploads\/2016\/03\/Journ\u00e9e-mondiale-T21.jpg\" alt=\"Affiche Journ\u00e9e mondiale de la trisomie 21 2017\" width=\"1200\" height=\"1800\" srcset=\"https:\/\/www.tousergo.com\/blog\/wp-content\/uploads\/2016\/03\/Journ\u00e9e-mondiale-T21.jpg 1200w, https:\/\/www.tousergo.com\/blog\/wp-content\/uploads\/2016\/03\/Journ\u00e9e-mondiale-T21-200x300.jpg 200w, https:\/\/www.tousergo.com\/blog\/wp-content\/uploads\/2016\/03\/Journ\u00e9e-mondiale-T21-768x1152.jpg 768w, https:\/\/www.tousergo.com\/blog\/wp-content\/uploads\/2016\/03\/Journ\u00e9e-mondiale-T21-683x1024.jpg 683w\" sizes=\"(max-width: 1200px) 100vw, 1200px\" \/><\/a><\/span><\/h2>\n<p>En France, une dizaine d&rsquo;associations se mobilisent autour de la journ\u00e9e mondiale de la trisomie 21.\u00a0<strong><a href=\"https:\/\/www.journeemondialetrisomie21.org\/index.php\/associations-participantes\" target=\"_blank\" rel=\"noopener noreferrer\">Cliquez ici pour d\u00e9couvrir les participants cette ann\u00e9e<\/a>.<\/strong><\/p>\n<h2><span style=\"color: #53798f;\">La trisomie 21\u00a0: infographie<\/span><\/h2>\n<p><a href=\"https:\/\/www.hoptoys.fr\/\" target=\"_blank\" rel=\"noopener noreferrer\">Hop\u2019Toys<\/a> a r\u00e9alis\u00e9 une infographie tr\u00e8s claire sur la trisomie 21 avec quelques chiffres et informations importantes. Nous vous proposons donc de la d\u00e9couvrir pour creuser le sujet.<\/p>\n<figure id=\"attachment_5264\" aria-describedby=\"caption-attachment-5264\" style=\"width: 625px\" class=\"wp-caption aligncenter\"><a href=\"https:\/\/www.tousergo.com\/blog\/wp-content\/uploads\/2016\/03\/infographie-trisomie21-page-001.jpg\" rel=\"attachment wp-att-5264\"><img loading=\"lazy\" class=\"wp-image-5264 size-large\" src=\"https:\/\/www.tousergo.com\/blog\/wp-content\/uploads\/2016\/03\/infographie-trisomie21-page-001-724x1024.jpg\" alt=\"Trisomie 21 : infographie\" width=\"625\" height=\"884\" srcset=\"https:\/\/www.tousergo.com\/blog\/wp-content\/uploads\/2016\/03\/infographie-trisomie21-page-001-724x1024.jpg 724w, https:\/\/www.tousergo.com\/blog\/wp-content\/uploads\/2016\/03\/infographie-trisomie21-page-001-212x300.jpg 212w, https:\/\/www.tousergo.com\/blog\/wp-content\/uploads\/2016\/03\/infographie-trisomie21-page-001-768x1086.jpg 768w\" sizes=\"(max-width: 625px) 100vw, 625px\" \/><\/a><figcaption id=\"caption-attachment-5264\" class=\"wp-caption-text\">Infographie Hop&rsquo;Toys<\/figcaption><\/figure>\n<h2><span style=\"color: #53798f;\">M\u00e9lanie peut le faire<\/span><\/h2>\n<p>Il y a quelques jours, une jeune femme trisomique\u00a0a fait le buzz sur la toile. Et pour cause : M\u00e9lanie, \u00e2g\u00e9e de 21 ans, s&rsquo;est donn\u00e9 pour d\u00e9fi de pr\u00e9senter la m\u00e9t\u00e9o \u00e0 la TV. Elle a du pour cela recevoir plus de 100 000 \u00ab\u00a0like\u00a0\u00bb sur sa page Facebook. Pari relev\u00e9, puisqu&rsquo;apr\u00e8s avoir largement d\u00e9pass\u00e9 cet objectif, M\u00e9lanie a eu l&rsquo;occasion de rejoindre\u00a0Ana\u00efs Baydemir lors du bulletin m\u00e9t\u00e9o de France 2 du 14 mars. Voil\u00e0 donc un beau r\u00eave de r\u00e9alis\u00e9 !<\/p>\n<\/p>\n<p><iframe src=\"https:\/\/www.youtube.com\/embed\/5YNl59TsOsM\" width=\"628\" height=\"353\" frameborder=\"0\" allowfullscreen=\"allowfullscreen\"><\/iframe><\/p>\n<div style=\"width: 100%; padding: 20px; background: #EEEEEE;\"><span style=\"color: #53798f;\"><em><strong>Recevez de nos nouvelles\u00a0!<\/strong><\/em><\/span><br \/>\nEn vous inscrivant \u00e0 notre lettre d&rsquo;information, vous recevrez, une \u00e0 deux fois par mois, des actualit\u00e9s \u00e0 propos du handicap et du maintien \u00e0 domicile, ainsi que nos nouveaut\u00e9s produits et nos \u00e9ventuelles promotions.<br \/>\nCela vous int\u00e9resse\u00a0? Rendez-vous sur\u00a0la <a href=\"https:\/\/www.tousergo.com\/\" target=\"_blank\" rel=\"noopener noreferrer\">page d&rsquo;accueil de notre site<\/a>. Il suffit pour vous inscrire d&rsquo;indiquer votre adresse e-mail dans l&rsquo;encadr\u00e9 \u00ab\u00a0Newsletter\u00a0\u00bb, en bas \u00e0 gauche de la page.<br \/>\nPS : On est aussi sur\u00a0<a href=\"https:\/\/www.facebook.com\/tousergo\" target=\"_blank\" rel=\"noopener noreferrer\">Facebook<\/a> et <a href=\"https:\/\/twitter.com\/tousergo\" target=\"_blank\" rel=\"noopener noreferrer\">Twitter<\/a>\u00a0\ud83d\ude42<\/div>\n","protected":false},"excerpt":{"rendered":"<p class=\"u-txt-sm u-txt-dark u-d-desktop u-w-100\">La 12\u00e8me \u00e9dition de la journ\u00e9e mondiale de la trisomie 21\u00a0aura lieu mardi\u00a021 mars 2017. Cet \u00e9v\u00e9nement international a en...<\/p>\n<button class=\"c-btn--unstyled u-font-weight-bold u-txt-primary u-txt-sm\">\n\t\t\tLire l\u2019article\n\t\t\t<span class=\"c-icon--24 u-ml-1\"><img src=\"https:\/\/www.tousergo.com\/blog\/wp-content\/themes\/tousergo\/img\/icons\/arrow-right-circle-fill.svg\" alt=\"\"><\/span>\n\t<\/button>","protected":false},"author":11,"featured_media":0,"comment_status":"open","ping_status":"open","sticky":false,"template":"","format":"standard","meta":[],"categories":[2,11],"tags":[440,831],"yoast_head":"<!-- This site is optimized with the Yoast SEO plugin v15.7 - https:\/\/yoast.com\/wordpress\/plugins\/seo\/ -->\n<title>12\u00e8me journ\u00e9e mondiale de la trisomie 21 le 21 mars 2017 | Tous ergo<\/title>\n<meta name=\"description\" content=\"La 12\u00e8me \u00e9dition de la journ\u00e9e mondiale de la trisomie 21 a lieu mardi 21 mars 2017. Focus sur cette journ\u00e9e et sur cette anomalie g\u00e9n\u00e9tique.\" \/>\n<meta name=\"robots\" content=\"index, follow, max-snippet:-1, max-image-preview:large, max-video-preview:-1\" \/>\n<link rel=\"canonical\" href=\"https:\/\/www.tousergo.com\/blog\/journee-mondiale-de-la-trisomie-21\/\" \/>\n<meta property=\"og:locale\" content=\"fr_FR\" \/>\n<meta property=\"og:type\" content=\"article\" \/>\n<meta property=\"og:title\" content=\"12\u00e8me journ\u00e9e mondiale de la trisomie 21 le 21 mars 2017 | Tous ergo\" \/>\n<meta property=\"og:description\" content=\"La 12\u00e8me \u00e9dition de la journ\u00e9e mondiale de la trisomie 21 a lieu mardi 21 mars 2017. Focus sur cette journ\u00e9e et sur cette anomalie g\u00e9n\u00e9tique.\" \/>\n<meta property=\"og:url\" content=\"https:\/\/www.tousergo.com\/blog\/journee-mondiale-de-la-trisomie-21\/\" \/>\n<meta property=\"og:site_name\" content=\"Blog Tous ergo\" \/>\n<meta property=\"article:publisher\" content=\"https:\/\/www.facebook.com\/tousergo\/\" \/>\n<meta property=\"article:published_time\" content=\"2017-03-20T08:00:36+00:00\" \/>\n<meta property=\"article:modified_time\" content=\"2021-04-13T08:06:29+00:00\" \/>\n<meta property=\"og:image\" content=\"https:\/\/www.tousergo.com\/blog\/wp-content\/uploads\/2016\/03\/Fotolia_55057431_M-1024x682.jpg\" \/>\n<meta name=\"twitter:card\" content=\"summary_large_image\" \/>\n<meta name=\"twitter:creator\" content=\"@tousergo\" \/>\n<meta name=\"twitter:site\" content=\"@tousergo\" \/>\n<meta name=\"twitter:label1\" content=\"Dur\u00e9e de lecture est.\">\n\t<meta name=\"twitter:data1\" content=\"4 minutes\">\n<script type=\"application\/ld+json\" class=\"yoast-schema-graph\">{\"@context\":\"https:\/\/schema.org\",\"@graph\":[{\"@type\":\"WebSite\",\"@id\":\"https:\/\/www.tousergo.com\/blog\/#website\",\"url\":\"https:\/\/www.tousergo.com\/blog\/\",\"name\":\"Blog Tous ergo\",\"description\":\"Toutes les solutions pour l&#039;autonomie \\u00e0 domicile\",\"potentialAction\":[{\"@type\":\"SearchAction\",\"target\":\"https:\/\/www.tousergo.com\/blog\/?s={search_term_string}\",\"query-input\":\"required name=search_term_string\"}],\"inLanguage\":\"fr-FR\"},{\"@type\":\"ImageObject\",\"@id\":\"https:\/\/www.tousergo.com\/blog\/journee-mondiale-de-la-trisomie-21\/#primaryimage\",\"inLanguage\":\"fr-FR\",\"url\":\"https:\/\/www.tousergo.com\/blog\/wp-content\/uploads\/2016\/03\/Fotolia_55057431_M.jpg\",\"width\":1688,\"height\":1125,\"caption\":\"Portrait of beautiful young girl\"},{\"@type\":\"WebPage\",\"@id\":\"https:\/\/www.tousergo.com\/blog\/journee-mondiale-de-la-trisomie-21\/#webpage\",\"url\":\"https:\/\/www.tousergo.com\/blog\/journee-mondiale-de-la-trisomie-21\/\",\"name\":\"12\\u00e8me journ\\u00e9e mondiale de la trisomie 21 le 21 mars 2017 | Tous ergo\",\"isPartOf\":{\"@id\":\"https:\/\/www.tousergo.com\/blog\/#website\"},\"primaryImageOfPage\":{\"@id\":\"https:\/\/www.tousergo.com\/blog\/journee-mondiale-de-la-trisomie-21\/#primaryimage\"},\"datePublished\":\"2017-03-20T08:00:36+00:00\",\"dateModified\":\"2021-04-13T08:06:29+00:00\",\"author\":{\"@id\":\"https:\/\/www.tousergo.com\/blog\/#\/schema\/person\/e6a2441c3652ce39ed048f223c36f97e\"},\"description\":\"La 12\\u00e8me \\u00e9dition de la journ\\u00e9e mondiale de la trisomie 21 a lieu mardi 21 mars 2017. Focus sur cette journ\\u00e9e et sur cette anomalie g\\u00e9n\\u00e9tique.\",\"breadcrumb\":{\"@id\":\"https:\/\/www.tousergo.com\/blog\/journee-mondiale-de-la-trisomie-21\/#breadcrumb\"},\"inLanguage\":\"fr-FR\",\"potentialAction\":[{\"@type\":\"ReadAction\",\"target\":[\"https:\/\/www.tousergo.com\/blog\/journee-mondiale-de-la-trisomie-21\/\"]}]},{\"@type\":\"BreadcrumbList\",\"@id\":\"https:\/\/www.tousergo.com\/blog\/journee-mondiale-de-la-trisomie-21\/#breadcrumb\",\"itemListElement\":[{\"@type\":\"ListItem\",\"position\":1,\"item\":{\"@type\":\"WebPage\",\"@id\":\"https:\/\/www.tousergo.com\/blog\/\",\"url\":\"https:\/\/www.tousergo.com\/blog\/\",\"name\":\"Accueil\"}},{\"@type\":\"ListItem\",\"position\":2,\"item\":{\"@type\":\"WebPage\",\"@id\":\"https:\/\/www.tousergo.com\/blog\/journee-mondiale-de-la-trisomie-21\/\",\"url\":\"https:\/\/www.tousergo.com\/blog\/journee-mondiale-de-la-trisomie-21\/\",\"name\":\"Journ\\u00e9e mondiale de la trisomie 21\"}}]},{\"@type\":\"Person\",\"@id\":\"https:\/\/www.tousergo.com\/blog\/#\/schema\/person\/e6a2441c3652ce39ed048f223c36f97e\",\"name\":\"Victoria\",\"image\":{\"@type\":\"ImageObject\",\"@id\":\"https:\/\/www.tousergo.com\/blog\/#personlogo\",\"inLanguage\":\"fr-FR\",\"url\":\"https:\/\/secure.gravatar.com\/avatar\/c7be45fa188ad1e0d0abfa43171e66e0?s=96&d=mm&r=g\",\"caption\":\"Victoria\"}}]}<\/script>\n<!-- \/ Yoast SEO plugin. -->","_links":{"self":[{"href":"https:\/\/www.tousergo.com\/blog\/wp-json\/wp\/v2\/posts\/5262"}],"collection":[{"href":"https:\/\/www.tousergo.com\/blog\/wp-json\/wp\/v2\/posts"}],"about":[{"href":"https:\/\/www.tousergo.com\/blog\/wp-json\/wp\/v2\/types\/post"}],"author":[{"embeddable":true,"href":"https:\/\/www.tousergo.com\/blog\/wp-json\/wp\/v2\/users\/11"}],"replies":[{"embeddable":true,"href":"https:\/\/www.tousergo.com\/blog\/wp-json\/wp\/v2\/comments?post=5262"}],"version-history":[{"count":1,"href":"https:\/\/www.tousergo.com\/blog\/wp-json\/wp\/v2\/posts\/5262\/revisions"}],"predecessor-version":[{"id":16304,"href":"https:\/\/www.tousergo.com\/blog\/wp-json\/wp\/v2\/posts\/5262\/revisions\/16304"}],"wp:attachment":[{"href":"https:\/\/www.tousergo.com\/blog\/wp-json\/wp\/v2\/media?parent=5262"}],"wp:term":[{"taxonomy":"category","embeddable":true,"href":"https:\/\/www.tousergo.com\/blog\/wp-json\/wp\/v2\/categories?post=5262"},{"taxonomy":"post_tag","embeddable":true,"href":"https:\/\/www.tousergo.com\/blog\/wp-json\/wp\/v2\/tags?post=5262"}],"curies":[{"name":"wp","href":"https:\/\/api.w.org\/{rel}","templated":true}]}}