{"id":5415,"date":"2016-04-08T09:00:44","date_gmt":"2016-04-08T08:00:44","guid":{"rendered":"https:\/\/www.tousergo.com\/blog\/?p=5415"},"modified":"2021-04-12T16:31:38","modified_gmt":"2021-04-12T14:31:38","slug":"gite-accessible-noir-lapin","status":"publish","type":"post","link":"https:\/\/www.tousergo.com\/blog\/gite-accessible-noir-lapin\/","title":{"rendered":"G\u00eete accessible : Bienvenue au g\u00eete du Noir Lapin"},"content":{"rendered":"<figure id=\"attachment_5416\" aria-describedby=\"caption-attachment-5416\" style=\"width: 800px\" class=\"wp-caption aligncenter\"><a href=\"https:\/\/www.tousergo.com\/blog\/wp-content\/uploads\/2016\/03\/12439062_980385562027063_8790233165626507857_n.jpg\" rel=\"attachment wp-att-5416\"><img loading=\"lazy\" class=\"size-full wp-image-5416\" src=\"https:\/\/www.tousergo.com\/blog\/wp-content\/uploads\/2016\/03\/12439062_980385562027063_8790233165626507857_n.jpg\" alt=\"G\u00eete accessible aux PMR\" width=\"800\" height=\"398\" srcset=\"https:\/\/www.tousergo.com\/blog\/wp-content\/uploads\/2016\/03\/12439062_980385562027063_8790233165626507857_n.jpg 800w, https:\/\/www.tousergo.com\/blog\/wp-content\/uploads\/2016\/03\/12439062_980385562027063_8790233165626507857_n-300x149.jpg 300w, https:\/\/www.tousergo.com\/blog\/wp-content\/uploads\/2016\/03\/12439062_980385562027063_8790233165626507857_n-768x382.jpg 768w\" sizes=\"(max-width: 800px) 100vw, 800px\" \/><\/a><figcaption id=\"caption-attachment-5416\" class=\"wp-caption-text\">G\u00eete accessible aux PMR<\/figcaption><\/figure>\n<p>Aujourd&rsquo;hui, partons \u00e0 la d\u00e9couverte d&rsquo;un g\u00eete accessible aux personnes en situation de handicap, situ\u00e9 08\u00e0\u00e0 deux pas de Lille. Franck Dubruque, le responsable du g\u00eete du Noir Lapin nous a ouvert ses portes pour nous parler de sa d\u00e9marche de mise en accessibilit\u00e9.<\/p>\n<h3><strong><span style=\"color: #53798f;\">Pouvez-vous vous pr\u00e9senter vous et votre g\u00eete ?<\/span><br \/>\n<\/strong><\/h3>\n<p>Bonjour, je suis Franck Dubruque, le responsable du g\u00eete du Noir Lapin.<\/p>\n<p><!--more--><\/p>\n<p>Avant d&rsquo;ouvrir le g\u00eete j&rsquo;occupais un emploi d&rsquo;exploitant agricole. Il y a quelques ann\u00e9es, dans le cadre d&rsquo;une reconversion professionnelle j&rsquo;ai d\u00e9cid\u00e9 d&rsquo;ouvrir un g\u00eete pour concilier mon envie de d\u00e9marrer un nouveau projet professionnel et de faire d\u00e9couvrir la r\u00e9gion aux touristes.<\/p>\n<h3><span style=\"color: #53798f;\"><strong>Quels am\u00e9nagements avez-vous mis en place ?<\/strong><\/span><\/h3>\n<p>J&rsquo;ai d\u00e9cid\u00e9 de travailler sur l&rsquo;accessibilit\u00e9 li\u00e9s \u00e0 4 handicaps (auditif, mental, visuel et moteur) afin de permettre au plus grand nombre de visiteurs de profiter du g\u00eete. Des travaux importants ont \u00e9t\u00e9 r\u00e9alis\u00e9s notamment sur l&rsquo;espace douche avec la cr\u00e9ation d&rsquo;une douche \u00e0 l&rsquo;italienne et la pose de barres d&rsquo;appuis. J&rsquo;ai \u00e9galement veill\u00e9 \u00e0 ce que les espaces puissent permettre une circulation fluide dans toutes les pi\u00e8ces de la maison. Nous avons aussi \u00e9t\u00e9 sensibles aux contrastes, cela peut sembler un d\u00e9tail, mais pour les personnes atteintes de troubles de la vision, la pose d&rsquo;interrupteurs avec des contours contrast\u00e9s peut vraiment rendre le s\u00e9jour plus agr\u00e9able.<\/p>\n<h3><span style=\"color: #53798f;\"><strong>Pourquoi avoir d\u00e9cid\u00e9 d&rsquo;effectuer cette d\u00e9marche ?<\/strong><\/span><\/h3>\n<p>Des membres de mon entourage sont eux m\u00eames concern\u00e9s par le handicap, j&rsquo;\u00e9tais donc sensibilis\u00e9 \u00e0 la question. De plus je souhaitais permettre \u00e0 tous les visiteurs potentiels de profiter de leurs s\u00e9jours sans que le handicap ne soit un probl\u00e8me pour eux.<\/p>\n<h3><span style=\"color: #53798f;\"><strong>Connaissez vous le label \u00ab\u00a0Tourisme et handicap\u00a0\u00bb ?<\/strong><\/span><\/h3>\n<p>Tout \u00e0 fait, nous avons d&rsquo;ailleurs obtenu le label il y a quelques semaines. Ce label vient r\u00e9compenser les efforts entrepris sur l&rsquo;am\u00e9nagement des g\u00eetes et j&rsquo;esp\u00e8re qu&rsquo;il nous permettra d&rsquo;\u00eatre plus visible aupr\u00e8s de la client\u00e8le concern\u00e9e.<\/p>\n<h3><span style=\"color: #53798f;\"><strong>Avez vous fr\u00e9quemment des r\u00e9servations de PMR ?<\/strong><\/span><\/h3>\n<p>Pour le moment les r\u00e9servations de personnes \u00e0 mobilit\u00e9 r\u00e9duite sont encore trop limit\u00e9es. J&rsquo;esp\u00e8re que l&rsquo;obtention du label \u00ab\u00a0Tourisme &amp; Handicap\u00a0\u00bb me permettra de d\u00e9velopper la visibilit\u00e9 du g\u00eete aupr\u00e8s des personnes concern\u00e9es.<\/p>\n<h3><span style=\"color: #53798f;\"><strong>Avez-vous des conseils \u00e0 donner aux personnes qui souhaiteraient rendre leur g\u00eete accessible ?<\/strong><\/span><\/h3>\n<p>Il est important de ne pas rester seul dans son coin pour un tel projet. L&rsquo;accompagnement de l&rsquo;<a href=\"https:\/\/www.apf.asso.fr\/\" target=\"_blank\" rel=\"noopener\">Association des Paralys\u00e9s de France<\/a> m&rsquo;a \u00e9t\u00e9 tr\u00e8s utile. Ils m&rsquo;ont assist\u00e9 tant dans la r\u00e9alisation des dossiers que dans le conseils dans la mise en oeuvre des diff\u00e9rentes normes d&rsquo;accessibilit\u00e9.<\/p>\n<h3><span style=\"color: #53798f;\"><strong>Quels sont les retours qui vous ont \u00e9t\u00e9 faits par vos clients ?<\/strong><\/span><\/h3>\n<p>Pour le moment les retours sont tous positifs. J&rsquo;ai d&rsquo;ailleurs \u00e9t\u00e9 agr\u00e9ablement surpris par la remarque d&rsquo;une cliente qui m\u2019indiquait que le g\u00eete \u00e9taient encore mieux am\u00e9nag\u00e9 que son domicile, alors qu&rsquo;elle avait elle m\u00eame mis beaucoup d&rsquo;effort dans l&rsquo;am\u00e9nagement dans son espace de vie.<\/p>\n<h3><span style=\"color: #53798f;\"><strong>Quel message voudriez vous faire passer \u00e0 ceux qui liront cet article ?<\/strong><\/span><\/h3>\n<p>N&rsquo;h\u00e9sitez pas \u00e0 nous rendre visite si vous \u00eates de passage dans la r\u00e9gion ! Nous vous accueillerons avec plaisir !<\/p>\n<p><strong>Plus d&rsquo;informations :<\/strong><\/p>\n<ul>\n<li><a href=\"https:\/\/www.noirlapin.fr\/\">Site internet du g\u00eete du Noir Lapin<\/a><\/li>\n<li><a href=\"https:\/\/www.gites-de-france.com\/location-vacances-Lesquin-Gite-Le-Noir-Lapin-59G2737.html\" target=\"_blank\" rel=\"noopener\">Page du g\u00eete du Noir Lapin sur G\u00eetes de France<\/a><\/li>\n<li><a href=\"https:\/\/www.facebook.com\/legitedunoirlapin\">Page Facebook du g\u00eete du Noir Lapin<\/a><\/li>\n<\/ul>\n","protected":false},"excerpt":{"rendered":"<p class=\"u-txt-sm u-txt-dark u-d-desktop u-w-100\">Aujourd&rsquo;hui, partons \u00e0 la d\u00e9couverte d&rsquo;un g\u00eete accessible aux personnes en situation de handicap, situ\u00e9 08\u00e0\u00e0 deux pas de Lille....<\/p>\n<button class=\"c-btn--unstyled u-font-weight-bold u-txt-primary u-txt-sm\">\n\t\t\tLire l\u2019article\n\t\t\t<span class=\"c-icon--24 u-ml-1\"><img src=\"https:\/\/www.tousergo.com\/blog\/wp-content\/themes\/tousergo\/img\/icons\/arrow-right-circle-fill.svg\" alt=\"\"><\/span>\n\t<\/button>","protected":false},"author":2,"featured_media":0,"comment_status":"open","ping_status":"open","sticky":false,"template":"","format":"standard","meta":[],"categories":[16,2,11],"tags":[354,815],"yoast_head":"<!-- This site is optimized with the Yoast SEO plugin v15.7 - https:\/\/yoast.com\/wordpress\/plugins\/seo\/ -->\n<title>G\u00eete accessible : Bienvenue au g\u00eete du Noir Lapin - Blog Tous ergo<\/title>\n<meta name=\"description\" content=\"G\u00eete accessible : Franck Dubruque, responsable du g\u00eete du Noir Lapin, nous a ouvert ses portes pour nous parler de sa d\u00e9marche de mise en accessibilit\u00e9.\" \/>\n<meta name=\"robots\" content=\"index, follow, max-snippet:-1, max-image-preview:large, max-video-preview:-1\" \/>\n<link rel=\"canonical\" href=\"https:\/\/www.tousergo.com\/blog\/gite-accessible-noir-lapin\/\" \/>\n<meta property=\"og:locale\" content=\"fr_FR\" \/>\n<meta property=\"og:type\" content=\"article\" \/>\n<meta property=\"og:title\" content=\"G\u00eete accessible : Bienvenue au g\u00eete du Noir Lapin - Blog Tous ergo\" \/>\n<meta property=\"og:description\" content=\"G\u00eete accessible : Franck Dubruque, responsable du g\u00eete du Noir Lapin, nous a ouvert ses portes pour nous parler de sa d\u00e9marche de mise en accessibilit\u00e9.\" \/>\n<meta property=\"og:url\" content=\"https:\/\/www.tousergo.com\/blog\/gite-accessible-noir-lapin\/\" \/>\n<meta property=\"og:site_name\" content=\"Blog Tous ergo\" \/>\n<meta property=\"article:publisher\" content=\"https:\/\/www.facebook.com\/tousergo\/\" \/>\n<meta property=\"article:published_time\" content=\"2016-04-08T08:00:44+00:00\" \/>\n<meta property=\"article:modified_time\" content=\"2021-04-12T14:31:38+00:00\" \/>\n<meta property=\"og:image\" content=\"https:\/\/www.tousergo.com\/blog\/wp-content\/uploads\/2016\/03\/12439062_980385562027063_8790233165626507857_n.jpg\" \/>\n<meta name=\"twitter:card\" content=\"summary_large_image\" \/>\n<meta name=\"twitter:creator\" content=\"@tousergo\" \/>\n<meta name=\"twitter:site\" content=\"@tousergo\" \/>\n<meta name=\"twitter:label1\" content=\"Dur\u00e9e de lecture est.\">\n\t<meta name=\"twitter:data1\" content=\"3 minutes\">\n<script type=\"application\/ld+json\" class=\"yoast-schema-graph\">{\"@context\":\"https:\/\/schema.org\",\"@graph\":[{\"@type\":\"WebSite\",\"@id\":\"https:\/\/www.tousergo.com\/blog\/#website\",\"url\":\"https:\/\/www.tousergo.com\/blog\/\",\"name\":\"Blog Tous ergo\",\"description\":\"Toutes les solutions pour l&#039;autonomie \\u00e0 domicile\",\"potentialAction\":[{\"@type\":\"SearchAction\",\"target\":\"https:\/\/www.tousergo.com\/blog\/?s={search_term_string}\",\"query-input\":\"required name=search_term_string\"}],\"inLanguage\":\"fr-FR\"},{\"@type\":\"ImageObject\",\"@id\":\"https:\/\/www.tousergo.com\/blog\/gite-accessible-noir-lapin\/#primaryimage\",\"inLanguage\":\"fr-FR\",\"url\":\"https:\/\/www.tousergo.com\/blog\/wp-content\/uploads\/2016\/03\/12439062_980385562027063_8790233165626507857_n.jpg\",\"width\":800,\"height\":398,\"caption\":\"G\\u00eete accessible aux PMR\"},{\"@type\":\"WebPage\",\"@id\":\"https:\/\/www.tousergo.com\/blog\/gite-accessible-noir-lapin\/#webpage\",\"url\":\"https:\/\/www.tousergo.com\/blog\/gite-accessible-noir-lapin\/\",\"name\":\"G\\u00eete accessible : Bienvenue au g\\u00eete du Noir Lapin - Blog Tous ergo\",\"isPartOf\":{\"@id\":\"https:\/\/www.tousergo.com\/blog\/#website\"},\"primaryImageOfPage\":{\"@id\":\"https:\/\/www.tousergo.com\/blog\/gite-accessible-noir-lapin\/#primaryimage\"},\"datePublished\":\"2016-04-08T08:00:44+00:00\",\"dateModified\":\"2021-04-12T14:31:38+00:00\",\"author\":{\"@id\":\"https:\/\/www.tousergo.com\/blog\/#\/schema\/person\/15c7932cac71694da70b0c402147317c\"},\"description\":\"G\\u00eete accessible : Franck Dubruque, responsable du g\\u00eete du Noir Lapin, nous a ouvert ses portes pour nous parler de sa d\\u00e9marche de mise en accessibilit\\u00e9.\",\"breadcrumb\":{\"@id\":\"https:\/\/www.tousergo.com\/blog\/gite-accessible-noir-lapin\/#breadcrumb\"},\"inLanguage\":\"fr-FR\",\"potentialAction\":[{\"@type\":\"ReadAction\",\"target\":[\"https:\/\/www.tousergo.com\/blog\/gite-accessible-noir-lapin\/\"]}]},{\"@type\":\"BreadcrumbList\",\"@id\":\"https:\/\/www.tousergo.com\/blog\/gite-accessible-noir-lapin\/#breadcrumb\",\"itemListElement\":[{\"@type\":\"ListItem\",\"position\":1,\"item\":{\"@type\":\"WebPage\",\"@id\":\"https:\/\/www.tousergo.com\/blog\/\",\"url\":\"https:\/\/www.tousergo.com\/blog\/\",\"name\":\"Accueil\"}},{\"@type\":\"ListItem\",\"position\":2,\"item\":{\"@type\":\"WebPage\",\"@id\":\"https:\/\/www.tousergo.com\/blog\/gite-accessible-noir-lapin\/\",\"url\":\"https:\/\/www.tousergo.com\/blog\/gite-accessible-noir-lapin\/\",\"name\":\"G\\u00eete accessible : Bienvenue au g\\u00eete du Noir Lapin\"}}]},{\"@type\":\"Person\",\"@id\":\"https:\/\/www.tousergo.com\/blog\/#\/schema\/person\/15c7932cac71694da70b0c402147317c\",\"name\":\"Thibaut\",\"image\":{\"@type\":\"ImageObject\",\"@id\":\"https:\/\/www.tousergo.com\/blog\/#personlogo\",\"inLanguage\":\"fr-FR\",\"url\":\"https:\/\/secure.gravatar.com\/avatar\/f1fd8b7875f2a6039af27cb00f7d49d5?s=96&d=mm&r=g\",\"caption\":\"Thibaut\"},\"description\":\"Bonjour, je suis Thibaut ! Fondateur de Tous Ergo, mon objectif est de proposer des solutions pour favoriser le confort, l'autonomie et la s\\u00e9curit\\u00e9 des personnes \\u00e2g\\u00e9es d\\u00e9pendantes ou en situation de handicap. Nous partageons avec nos collaborateurs, partenaires, clients et fournisseurs, 3 valeurs fondamentales : la confiance, la simplicit\\u00e9 et l'inventivit\\u00e9.\"}]}<\/script>\n<!-- \/ Yoast SEO plugin. -->","_links":{"self":[{"href":"https:\/\/www.tousergo.com\/blog\/wp-json\/wp\/v2\/posts\/5415"}],"collection":[{"href":"https:\/\/www.tousergo.com\/blog\/wp-json\/wp\/v2\/posts"}],"about":[{"href":"https:\/\/www.tousergo.com\/blog\/wp-json\/wp\/v2\/types\/post"}],"author":[{"embeddable":true,"href":"https:\/\/www.tousergo.com\/blog\/wp-json\/wp\/v2\/users\/2"}],"replies":[{"embeddable":true,"href":"https:\/\/www.tousergo.com\/blog\/wp-json\/wp\/v2\/comments?post=5415"}],"version-history":[{"count":1,"href":"https:\/\/www.tousergo.com\/blog\/wp-json\/wp\/v2\/posts\/5415\/revisions"}],"predecessor-version":[{"id":16118,"href":"https:\/\/www.tousergo.com\/blog\/wp-json\/wp\/v2\/posts\/5415\/revisions\/16118"}],"wp:attachment":[{"href":"https:\/\/www.tousergo.com\/blog\/wp-json\/wp\/v2\/media?parent=5415"}],"wp:term":[{"taxonomy":"category","embeddable":true,"href":"https:\/\/www.tousergo.com\/blog\/wp-json\/wp\/v2\/categories?post=5415"},{"taxonomy":"post_tag","embeddable":true,"href":"https:\/\/www.tousergo.com\/blog\/wp-json\/wp\/v2\/tags?post=5415"}],"curies":[{"name":"wp","href":"https:\/\/api.w.org\/{rel}","templated":true}]}}