{"id":6125,"date":"2016-08-08T09:00:39","date_gmt":"2016-08-08T07:00:39","guid":{"rendered":"https:\/\/www.tousergo.com\/blog\/?p=6125"},"modified":"2021-04-19T10:34:41","modified_gmt":"2021-04-19T08:34:41","slug":"projet-handicap-et-cinema","status":"publish","type":"post","link":"https:\/\/www.tousergo.com\/blog\/projet-handicap-et-cinema\/","title":{"rendered":"Association J\u2019ai envie de te dire et projet Handicap et cin\u00e9ma."},"content":{"rendered":"<p><span style=\"color: #53798f;\"><strong>J\u2019ai envie de te dire<\/strong><\/span> est une association ayant pour objectif d&rsquo;<strong><span style=\"color: #53798f;\">am\u00e9liorer le quotidien des personnes en situation de handicap<\/span><\/strong>. A cet effet, elle organise des ateliers cin\u00e9ma au sein de structure m\u00e9dico-sociales. Le but\u00a0? Permettre aux personnes handicap\u00e9es de s\u2019exprimer \u00e0 travers la cr\u00e9ation audiovisuelle.\u00a0Son projet, nomm\u00e9 \u00ab\u00a0<span style=\"color: #53798f;\"><strong>Handicap et cin\u00e9ma<\/strong><\/span>\u00a0\u00bb a \u00e9t\u00e9 financ\u00e9 avec succ\u00e8s en juin dernier, suite \u00e0 une collecte de fond organis\u00e9e sur la <a href=\"https:\/\/fr.ulule.com\/handicap-et-cinema\/\">plateforme de crowdfunding Ulule<\/a>. Il est bas\u00e9 sur 3 piliers\u00a0:<\/p>\n<ul>\n<li>donner la parole<\/li>\n<li>permettre l\u2019acc\u00e8s \u00e0 la culture<\/li>\n<li>d\u00e9cloisonner les structures m\u00e9dico-sociales et favoriser le lien social<\/li>\n<\/ul>\n<figure id=\"attachment_6127\" aria-describedby=\"caption-attachment-6127\" style=\"width: 625px\" class=\"wp-caption aligncenter\"><a href=\"https:\/\/www.tousergo.com\/blog\/wp-content\/uploads\/2016\/07\/Jai-envie-de-te-dire.jpg\"><img loading=\"lazy\" class=\"wp-image-6127 size-large\" src=\"https:\/\/www.tousergo.com\/blog\/wp-content\/uploads\/2016\/07\/Jai-envie-de-te-dire-1024x538.jpg\" alt=\"Equipe de l'association J'ai envie de te dire - Projet handicap et cin\u00e9ma\" width=\"625\" height=\"328\" srcset=\"https:\/\/www.tousergo.com\/blog\/wp-content\/uploads\/2016\/07\/Jai-envie-de-te-dire-1024x538.jpg 1024w, https:\/\/www.tousergo.com\/blog\/wp-content\/uploads\/2016\/07\/Jai-envie-de-te-dire-300x158.jpg 300w, https:\/\/www.tousergo.com\/blog\/wp-content\/uploads\/2016\/07\/Jai-envie-de-te-dire-768x403.jpg 768w, https:\/\/www.tousergo.com\/blog\/wp-content\/uploads\/2016\/07\/Jai-envie-de-te-dire.jpg 1200w\" sizes=\"(max-width: 625px) 100vw, 625px\" \/><\/a><figcaption id=\"caption-attachment-6127\" class=\"wp-caption-text\">L&rsquo;\u00e9quipe de l&rsquo;Association J&rsquo;ai envie de te dire dans la vid\u00e9o de sa page Ulule.<\/figcaption><\/figure>\n<p><!--more--><\/p>\n<p><span style=\"color: #53798f;\"><strong>J\u2019ai envie de te dire<\/strong><\/span> fait en effet le constat qu\u2019aujourd\u2019hui, sur les <span style=\"color: #53798f;\"><strong>10 millions de personnes touch\u00e9es par le handicap en France<\/strong><\/span>, tr\u00e8s peu ont acc\u00e8s \u00e0 la culture. Pourtant, beaucoup ont tr\u00e8s grand potentiel artistique, qu\u2019il leur faut parfois d\u00e9couvrir. Le <span style=\"color: #53798f;\"><strong>projet Handicap et cin\u00e9ma<\/strong><\/span> veut donc leur permettre de r\u00e9v\u00e9ler leurs talents.<\/p>\n<p>En 2015, elle a r\u00e9alis\u00e9 <a href=\"https:\/\/youtu.be\/3xvaFhPkN8U\">un dr\u00f4le de court-m\u00e9trage nomm\u00e9 \u00ab\u00a0Endless\u00a0\u00bb<\/a>. Celui-ci a permis \u00e0 5 personnes de s\u2019exprimer. En 2016, 20 personnes au total devraient vivre cette exp\u00e9rience. En 2017, <strong><span style=\"color: #53798f;\">J\u2019ai envie de te dire<\/span><\/strong> souhaite que plus de 100 personnes aient acc\u00e8s \u00e0 la cr\u00e9ation de leur court m\u00e9trage ou de leur t\u00e9moignage vid\u00e9o.<\/p>\n<p>J\u2019ai envie de te dire avait \u00e9galement propos\u00e9 son court-m\u00e9trage \u00ab\u00a0Au pied du mur\u00a0\u00bb, dans le cadre du festival Nikon. Vous pouvez le visionner ci-dessous\u00a0:<\/p>\n<p><a href=\"https:\/\/youtu.be\/7AdhsiYhEJ0\">https:\/\/youtu.be\/7AdhsiYhEJ0<\/a><\/p>\n<p>Ce n\u2019est pas tout, l\u2019association organise aussi des projections de courts-m\u00e9trages et de web-s\u00e9ries. Ces s\u00e9ances sont l\u2019occasion pour les personnes en situation de handicap d\u2019\u00e9changer et de partager avec d\u2019autres personnes.<\/p>\n<p>En outre, l\u2019association devrait ouvrir <span style=\"color: #53798f;\"><strong>Handi-clap<\/strong><\/span>, sa propre \u00e9cole de cin\u00e9ma, en septembre prochain. Cet espace, bas\u00e9 sur l\u2019\u00e9galit\u00e9 et la non-discrimination, permettra \u00e0 l\u2019\u00e9quipe de l\u2019association de proposer des activit\u00e9s telles que des ateliers cin\u00e9ma. Dans un premier temps, l\u2019\u00e9cole se fera sous forme itin\u00e9rante. Cependant, l\u2019acquisition d\u2019un local est pr\u00e9vue pour 2018.<\/p>\n<\/p>\n<h2><span style=\"color: #53798f;\">Les ateliers cin\u00e9ma de l\u2019association J\u2019ai envie de te dire<\/span><\/h2>\n<p>Avant de commencer, les participants \u00e0 l\u2019atelier ont le choix entre plusieurs formats (t\u00e9moignage, court-m\u00e9trage, web-s\u00e9rie\u2026). Ensuite, ils passent par 5 \u00e9tapes cl\u00e9s pour mener \u00e0 terme leur projet\u00a0:<\/p>\n<ul>\n<li>L\u2019initiation au cin\u00e9ma. Des professionnels du cin\u00e9ma transmettent aux participants des rep\u00e8res essentiels \u00e0 la construction filmique.<\/li>\n<li>L\u2019\u00e9criture du sc\u00e9nario. Les participants ont le choix du th\u00e8me abord\u00e9 dans le cadre de leur cr\u00e9ation. Ils ont donc la libert\u00e9 de d\u00e9velopper les personnages, l\u2019univers et l\u2019histoire qu\u2019ils souhaitent.<\/li>\n<li>La pr\u00e9paration du tournage. Les participants sont assist\u00e9s de professionnels. Des r\u00e9p\u00e9titions et r\u00e9union de pr\u00e9paration au tournage ont lieu.<\/li>\n<li>Le tournage. Participants et professionnels se r\u00e9unissent pour jouer et filmer le sc\u00e9nario. Le tournage est une \u00e9tape cl\u00e9 pour les participants, qui ont l\u2019occasion de d\u00e9passer leur handicap, qu\u2019il soit moteur, langagier\u2026<\/li>\n<li>La post-production. Elle a lieu apr\u00e8s le tournage et est r\u00e9alis\u00e9e par des professionnels.<\/li>\n<\/ul>\n<h2><span style=\"color: #53798f;\">Soutenir l\u2019association et le projet Handicap et Cin\u00e9ma<\/span><\/h2>\n<p>Pour soutenir l\u2019association et son projet, vous pouvez <a href=\"https:\/\/www.enviedetedire.com\/contact\/\" target=\"_blank\" rel=\"noopener\">la contacter en cliquant ici<\/a>.<\/p>\n<p><a href=\"https:\/\/www.tousergo.com\/blog\/wp-content\/uploads\/2016\/07\/image.jpg\"><img loading=\"lazy\" class=\"aligncenter wp-image-6126 size-full\" src=\"https:\/\/www.tousergo.com\/blog\/wp-content\/uploads\/2016\/07\/image.jpg\" alt=\"Handicap et cin\u00e9ma, le projet de l'associaiton j'ai envie de te dire\" width=\"696\" height=\"122\" srcset=\"https:\/\/www.tousergo.com\/blog\/wp-content\/uploads\/2016\/07\/image.jpg 696w, https:\/\/www.tousergo.com\/blog\/wp-content\/uploads\/2016\/07\/image-300x53.jpg 300w\" sizes=\"(max-width: 696px) 100vw, 696px\" \/><\/a><\/p>\n<h3><span style=\"color: #53798f;\">En savoir plus sur l\u2019association\u00a0:<\/span><\/h3>\n<ul>\n<li><a href=\"https:\/\/www.enviedetedire.com\/\">Site web<\/a><\/li>\n<li><a href=\"https:\/\/www.facebook.com\/Jai-envie-de-te-dire-906594806082218\/\">Page Facebook<\/a><\/li>\n<\/ul>\n","protected":false},"excerpt":{"rendered":"<p class=\"u-txt-sm u-txt-dark u-d-desktop u-w-100\">J\u2019ai envie de te dire est une association ayant pour objectif d&rsquo;am\u00e9liorer le quotidien des personnes en situation de handicap....<\/p>\n<button class=\"c-btn--unstyled u-font-weight-bold u-txt-primary u-txt-sm\">\n\t\t\tLire l\u2019article\n\t\t\t<span class=\"c-icon--24 u-ml-1\"><img src=\"https:\/\/www.tousergo.com\/blog\/wp-content\/themes\/tousergo\/img\/icons\/arrow-right-circle-fill.svg\" alt=\"\"><\/span>\n\t<\/button>","protected":false},"author":11,"featured_media":0,"comment_status":"open","ping_status":"open","sticky":false,"template":"","format":"standard","meta":[],"categories":[16,2,11],"tags":[110,641],"yoast_head":"<!-- This site is optimized with the Yoast SEO plugin v15.7 - https:\/\/yoast.com\/wordpress\/plugins\/seo\/ -->\n<title>Association J\u2019ai envie de te dire et projet Handicap et cin\u00e9ma. - Blog Tous ergo<\/title>\n<meta name=\"description\" content=\"Pr\u00e9sentation de l&#039;association J&#039;ai envie de te dire et de son projet Handicap et cin\u00e9ma, qui permet aux personnes handicap\u00e9es de s&#039;exprimer.\" \/>\n<meta name=\"robots\" content=\"index, follow, max-snippet:-1, max-image-preview:large, max-video-preview:-1\" \/>\n<link rel=\"canonical\" href=\"https:\/\/www.tousergo.com\/blog\/projet-handicap-et-cinema\/\" \/>\n<meta property=\"og:locale\" content=\"fr_FR\" \/>\n<meta property=\"og:type\" content=\"article\" \/>\n<meta property=\"og:title\" content=\"Association J\u2019ai envie de te dire et projet Handicap et cin\u00e9ma. - Blog Tous ergo\" \/>\n<meta property=\"og:description\" content=\"Pr\u00e9sentation de l&#039;association J&#039;ai envie de te dire et de son projet Handicap et cin\u00e9ma, qui permet aux personnes handicap\u00e9es de s&#039;exprimer.\" \/>\n<meta property=\"og:url\" content=\"https:\/\/www.tousergo.com\/blog\/projet-handicap-et-cinema\/\" \/>\n<meta property=\"og:site_name\" content=\"Blog Tous ergo\" \/>\n<meta property=\"article:publisher\" content=\"https:\/\/www.facebook.com\/tousergo\/\" \/>\n<meta property=\"article:published_time\" content=\"2016-08-08T07:00:39+00:00\" \/>\n<meta property=\"article:modified_time\" content=\"2021-04-19T08:34:41+00:00\" \/>\n<meta property=\"og:image\" content=\"https:\/\/www.tousergo.com\/blog\/wp-content\/uploads\/2016\/07\/Jai-envie-de-te-dire-1024x538.jpg\" \/>\n<meta name=\"twitter:card\" content=\"summary_large_image\" \/>\n<meta name=\"twitter:creator\" content=\"@tousergo\" \/>\n<meta name=\"twitter:site\" content=\"@tousergo\" \/>\n<meta name=\"twitter:label1\" content=\"Dur\u00e9e de lecture est.\">\n\t<meta name=\"twitter:data1\" content=\"3 minutes\">\n<script type=\"application\/ld+json\" class=\"yoast-schema-graph\">{\"@context\":\"https:\/\/schema.org\",\"@graph\":[{\"@type\":\"WebSite\",\"@id\":\"https:\/\/www.tousergo.com\/blog\/#website\",\"url\":\"https:\/\/www.tousergo.com\/blog\/\",\"name\":\"Blog Tous ergo\",\"description\":\"Toutes les solutions pour l&#039;autonomie \\u00e0 domicile\",\"potentialAction\":[{\"@type\":\"SearchAction\",\"target\":\"https:\/\/www.tousergo.com\/blog\/?s={search_term_string}\",\"query-input\":\"required name=search_term_string\"}],\"inLanguage\":\"fr-FR\"},{\"@type\":\"ImageObject\",\"@id\":\"https:\/\/www.tousergo.com\/blog\/projet-handicap-et-cinema\/#primaryimage\",\"inLanguage\":\"fr-FR\",\"url\":\"https:\/\/www.tousergo.com\/blog\/wp-content\/uploads\/2016\/07\/Jai-envie-de-te-dire.jpg\",\"width\":1200,\"height\":630,\"caption\":\"Equipe de l'association J'ai envie de te dire - Projet handicap et cin\\u00e9ma\"},{\"@type\":\"WebPage\",\"@id\":\"https:\/\/www.tousergo.com\/blog\/projet-handicap-et-cinema\/#webpage\",\"url\":\"https:\/\/www.tousergo.com\/blog\/projet-handicap-et-cinema\/\",\"name\":\"Association J\\u2019ai envie de te dire et projet Handicap et cin\\u00e9ma. - Blog Tous ergo\",\"isPartOf\":{\"@id\":\"https:\/\/www.tousergo.com\/blog\/#website\"},\"primaryImageOfPage\":{\"@id\":\"https:\/\/www.tousergo.com\/blog\/projet-handicap-et-cinema\/#primaryimage\"},\"datePublished\":\"2016-08-08T07:00:39+00:00\",\"dateModified\":\"2021-04-19T08:34:41+00:00\",\"author\":{\"@id\":\"https:\/\/www.tousergo.com\/blog\/#\/schema\/person\/e6a2441c3652ce39ed048f223c36f97e\"},\"description\":\"Pr\\u00e9sentation de l'association J'ai envie de te dire et de son projet Handicap et cin\\u00e9ma, qui permet aux personnes handicap\\u00e9es de s'exprimer.\",\"breadcrumb\":{\"@id\":\"https:\/\/www.tousergo.com\/blog\/projet-handicap-et-cinema\/#breadcrumb\"},\"inLanguage\":\"fr-FR\",\"potentialAction\":[{\"@type\":\"ReadAction\",\"target\":[\"https:\/\/www.tousergo.com\/blog\/projet-handicap-et-cinema\/\"]}]},{\"@type\":\"BreadcrumbList\",\"@id\":\"https:\/\/www.tousergo.com\/blog\/projet-handicap-et-cinema\/#breadcrumb\",\"itemListElement\":[{\"@type\":\"ListItem\",\"position\":1,\"item\":{\"@type\":\"WebPage\",\"@id\":\"https:\/\/www.tousergo.com\/blog\/\",\"url\":\"https:\/\/www.tousergo.com\/blog\/\",\"name\":\"Accueil\"}},{\"@type\":\"ListItem\",\"position\":2,\"item\":{\"@type\":\"WebPage\",\"@id\":\"https:\/\/www.tousergo.com\/blog\/projet-handicap-et-cinema\/\",\"url\":\"https:\/\/www.tousergo.com\/blog\/projet-handicap-et-cinema\/\",\"name\":\"Association J\\u2019ai envie de te dire et projet Handicap et cin\\u00e9ma.\"}}]},{\"@type\":\"Person\",\"@id\":\"https:\/\/www.tousergo.com\/blog\/#\/schema\/person\/e6a2441c3652ce39ed048f223c36f97e\",\"name\":\"Victoria\",\"image\":{\"@type\":\"ImageObject\",\"@id\":\"https:\/\/www.tousergo.com\/blog\/#personlogo\",\"inLanguage\":\"fr-FR\",\"url\":\"https:\/\/secure.gravatar.com\/avatar\/c7be45fa188ad1e0d0abfa43171e66e0?s=96&d=mm&r=g\",\"caption\":\"Victoria\"}}]}<\/script>\n<!-- \/ Yoast SEO plugin. -->","_links":{"self":[{"href":"https:\/\/www.tousergo.com\/blog\/wp-json\/wp\/v2\/posts\/6125"}],"collection":[{"href":"https:\/\/www.tousergo.com\/blog\/wp-json\/wp\/v2\/posts"}],"about":[{"href":"https:\/\/www.tousergo.com\/blog\/wp-json\/wp\/v2\/types\/post"}],"author":[{"embeddable":true,"href":"https:\/\/www.tousergo.com\/blog\/wp-json\/wp\/v2\/users\/11"}],"replies":[{"embeddable":true,"href":"https:\/\/www.tousergo.com\/blog\/wp-json\/wp\/v2\/comments?post=6125"}],"version-history":[{"count":2,"href":"https:\/\/www.tousergo.com\/blog\/wp-json\/wp\/v2\/posts\/6125\/revisions"}],"predecessor-version":[{"id":16678,"href":"https:\/\/www.tousergo.com\/blog\/wp-json\/wp\/v2\/posts\/6125\/revisions\/16678"}],"wp:attachment":[{"href":"https:\/\/www.tousergo.com\/blog\/wp-json\/wp\/v2\/media?parent=6125"}],"wp:term":[{"taxonomy":"category","embeddable":true,"href":"https:\/\/www.tousergo.com\/blog\/wp-json\/wp\/v2\/categories?post=6125"},{"taxonomy":"post_tag","embeddable":true,"href":"https:\/\/www.tousergo.com\/blog\/wp-json\/wp\/v2\/tags?post=6125"}],"curies":[{"name":"wp","href":"https:\/\/api.w.org\/{rel}","templated":true}]}}