{"id":6384,"date":"2017-09-11T09:00:22","date_gmt":"2017-09-11T07:00:22","guid":{"rendered":"https:\/\/www.tousergo.com\/blog\/?p=6384"},"modified":"2021-04-27T10:56:49","modified_gmt":"2021-04-27T08:56:49","slug":"festival-international-du-film-sur-le-handicap","status":"publish","type":"post","link":"https:\/\/www.tousergo.com\/blog\/festival-international-du-film-sur-le-handicap\/","title":{"rendered":"Cannes : La 2\u00e8me \u00e9dition du Festival International du Film sur le Handicap du 15 au 20 Septembre 2017"},"content":{"rendered":"<p>Apr\u00e8s le succ\u00e8s de sa premi\u00e8re \u00e9dition en 2016, le <strong>Festival International du Film sur le Handicap (FIFH) revient en 2017 avec une soixantaine de films<\/strong> de r\u00e9alisateurs des 4 coins du monde\u00a0! Venez d\u00e9couvrir leurs projections sur la th\u00e9matique du handicap, <span style=\"color: #53798f;\"><strong>du 15 au 20 Septembre 2017 \u00e0 l\u2019Espace Miramar de Cannes<\/strong><\/span>, 35 rue Pasteur.<\/p>\n<figure id=\"attachment_8865\" aria-describedby=\"caption-attachment-8865\" style=\"width: 1200px\" class=\"wp-caption alignleft\"><a href=\"https:\/\/www.tousergo.com\/blog\/wp-content\/uploads\/2017\/09\/FIFH-02.jpg\"><img loading=\"lazy\" class=\"wp-image-8865 size-full\" src=\"https:\/\/www.tousergo.com\/blog\/wp-content\/uploads\/2017\/09\/FIFH-02.jpg\" alt=\"Festival International du Film sur le Handicap\" width=\"1200\" height=\"630\" srcset=\"https:\/\/www.tousergo.com\/blog\/wp-content\/uploads\/2017\/09\/FIFH-02.jpg 1200w, https:\/\/www.tousergo.com\/blog\/wp-content\/uploads\/2017\/09\/FIFH-02-300x158.jpg 300w, https:\/\/www.tousergo.com\/blog\/wp-content\/uploads\/2017\/09\/FIFH-02-768x403.jpg 768w, https:\/\/www.tousergo.com\/blog\/wp-content\/uploads\/2017\/09\/FIFH-02-1024x538.jpg 1024w\" sizes=\"(max-width: 1200px) 100vw, 1200px\" \/><\/a><figcaption id=\"caption-attachment-8865\" class=\"wp-caption-text\">Cr\u00e9dit Image : festival-international-du-film-sur-le-handicap.fr<\/figcaption><\/figure>\n<p><!--more--><\/p>\n<h2><span style=\"color: #53798f;\">Pourquoi un Festival International du Film sur le Handicap ?<\/span><\/h2>\n<p>Ces derni\u00e8res ann\u00e9es, le\u00a0handicap\u00a0et les \u00ab\u00a0diff\u00e9rences\u00a0\u00bb ont \u00e9t\u00e9 mis \u00e0 l\u2019honneur dans de nombreux films. La Famille B\u00e9lier, Intouchables, ou plus r\u00e9cemment Patients de Grand Corps Malade (<a href=\"https:\/\/www.tousergo.com\/blog\/2017\/03\/10\/on-a-aime-patients-grand-corps-malade\/\">voir notre article \u00e0 ce sujet<\/a>). <strong>La preuve que le cin\u00e9ma \u00e9volue et que la question du\u00a0handicap\u00a0y est d\u00e9sormais incontournable.<\/strong><\/p>\n<p>A ce titre, le festival propose <em>\u00ab\u00a0un autre regard sur le cin\u00e9ma et la diff\u00e9rence au travers d&rsquo;histoires \u00e9tonnantes<\/em>\u00ab\u00a0, selon Jean-Yves Tual, pr\u00e9sident du FIFH.<\/p>\n<p>Cet \u00e9v\u00e8nement sera \u00e9galement l\u2019occasion de d\u00e9battre autour de la\u00a0place du handicap dans le cin\u00e9ma, puisque, comme l\u2019explique le parrain d\u2019honneur du FIFH, Jean-Claude Carri\u00e8re\u00a0:<\/p>\n<p><em>\u00ab\u00a0<strong>Au fond, nous sommes tous des handicap\u00e9s<\/strong>. Par rapport \u00e0 ce que nous pourrions \u00eatre, par rapport \u00e0 ce que nous r\u00eaverions d&rsquo;\u00eatre et de faire, <strong>il nous manque toujours quelque chose, \u00e0 nous tous<\/strong>, ne serait-ce qu&rsquo;un peu plus de vie, d&rsquo;ardeur, d&rsquo;habilet\u00e9, de g\u00e9n\u00e9rosit\u00e9.\u00a0\u00bb<\/em><\/p>\n<h2><span style=\"color: #53798f;\"><strong>Au programme du FIFH 2017<\/strong><\/span><\/h2>\n<p><strong>L\u2019\u00e9dition 2017 \u2013 \u00ab\u00a0Personne n\u2019est parfait\u00a0\u00bb<\/strong>, projettera pendant 6 jours une soixantaine de courts et longs m\u00e9trages du monde entier \u00e0 l\u2019Espace Miramar de Cannes.<\/p>\n<p>Chacun des films a 6 minutes pour convaincre. Les comp\u00e9titions sont organis\u00e9es autour de 7 th\u00e9matiques : Documentaires, Fiction, Animation, Jeunesse, 3<sup>\u00e8me<\/sup> Ange, Carte Blanche, et un prix sp\u00e9cial remis par l&rsquo;association <strong>Handicap international<\/strong>, <strong>partenaire de l&rsquo;\u00e9v\u00e9nement.<\/strong><\/p>\n<p>La liste des films en comp\u00e9tition est disponible sur<strong>\u00a0<a style=\"color: #53798f;\" href=\"https:\/\/www.festival-international-du-film-sur-le-handicap.fr\/festival-fiction.html\"><span style=\"color: #53798f;\">le site du FIFH, rubrique Le Festival<\/span><\/a><\/strong><\/p>\n<h2><\/h2>\n<h2><span style=\"color: #53798f;\">En savoir plus\u00a0sur le Festival International du Film sur le Handicap\u00a0<\/span><\/h2>\n<ul>\n<li><strong>\u00a0<a style=\"color: #53798f;\" href=\"https:\/\/www.festival-international-du-film-sur-le-handicap.fr\/\">Site Web du FIFH<\/a><\/strong><\/li>\n<li><strong>Suivre leur actualit\u00e9 sur leur page <a style=\"color: #53798f;\" href=\"https:\/\/www.facebook.com\/Festival-International-Du-Film-Sur-Le-Handicap-FIFH-823239967712108\/\">Facebook<\/a> et <a style=\"color: #53798f;\" href=\"https:\/\/twitter.com\/HandiFilmFest\">Twitter<\/a><\/strong><\/li>\n<li><strong>Pass Festival\u00a0: <span style=\"color: #53798f;\">4\u20ac la journ\u00e9e<\/span><\/strong><\/li>\n<li><strong>Planning des journ\u00e9es du <span style=\"color: #53798f;\">15 au 20 Sept. <\/span>sur cette publication Facebook du FIFH :<\/strong><\/li>\n<\/ul>\n<p><iframe style=\"border: none; overflow: hidden;\" src=\"https:\/\/www.facebook.com\/plugins\/post.php?href=https%3A%2F%2Fwww.facebook.com%2Fpermalink.php%3Fstory_fbid%3D1458933017476130%26id%3D823239967712108&amp;width=500\" width=\"500\" height=\"588\" frameborder=\"0\" scrolling=\"no\"><\/iframe><\/p>\n<div style=\"width: 90%; padding: 20px; background: #eeeeee; text-align: left;\"><span style=\"color: #53798f;\"><em><strong>Et si on restait en contact ?<\/strong><\/em><\/span><br \/>\nEn vous inscrivant \u00e0 notre lettre d&rsquo;information, vous recevrez deux fois par mois nos derniers articles\u00a0\u00e0 propos du handicap et du maintien \u00e0 domicile. Nous vous communiquerons aussi nos nouveaut\u00e9s produits et nos promotions.<br \/>\nCela vous int\u00e9resse\u00a0? Pour vous inscrire, direction\u00a0la <a href=\"https:\/\/www.tousergo.com\/\" target=\"_blank\" rel=\"noopener noreferrer\">page d&rsquo;accueil de notre site<\/a>. Indiquez simplement votre adresse e-mail dans l&rsquo;encadr\u00e9 \u00ab\u00a0Newsletter\u00a0\u00bb, en bas \u00e0 gauche de la page. Voil\u00e0, c&rsquo;est fait \ud83d\ude09<br \/>\nPS : Vous pouvez aussi nous rejoindre sur\u00a0<a href=\"https:\/\/www.facebook.com\/tousergo\" target=\"_blank\" rel=\"noopener noreferrer\">Facebook<\/a> et <a href=\"https:\/\/twitter.com\/tousergo\" target=\"_blank\" rel=\"noopener noreferrer\">Twitter<\/a>\u00a0!<\/div>\n","protected":false},"excerpt":{"rendered":"<p class=\"u-txt-sm u-txt-dark u-d-desktop u-w-100\">Apr\u00e8s le succ\u00e8s de sa premi\u00e8re \u00e9dition en 2016, le Festival International du Film sur le Handicap (FIFH) revient en...<\/p>\n<button class=\"c-btn--unstyled u-font-weight-bold u-txt-primary u-txt-sm\">\n\t\t\tLire l\u2019article\n\t\t\t<span class=\"c-icon--24 u-ml-1\"><img src=\"https:\/\/www.tousergo.com\/blog\/wp-content\/themes\/tousergo\/img\/icons\/arrow-right-circle-fill.svg\" alt=\"\"><\/span>\n\t<\/button>","protected":false},"author":11,"featured_media":0,"comment_status":"open","ping_status":"open","sticky":false,"template":"","format":"standard","meta":[],"categories":[16,2,14,11],"tags":[27,308,326,332],"yoast_head":"<!-- This site is optimized with the Yoast SEO plugin v15.7 - https:\/\/yoast.com\/wordpress\/plugins\/seo\/ -->\n<title>Cannes : La 2\u00e8me \u00e9dition du Festival International du Film sur le Handicap<\/title>\n<meta name=\"description\" content=\"Du 15 au 20 septembre 2017 se tient \u00e0 Cannes la 2\u00e8me \u00e9dition du Festival International du Film sur le Handicap. Tous Ergo vous en dit plus !\" \/>\n<meta name=\"robots\" content=\"index, follow, max-snippet:-1, max-image-preview:large, max-video-preview:-1\" \/>\n<link rel=\"canonical\" href=\"https:\/\/www.tousergo.com\/blog\/festival-international-du-film-sur-le-handicap\/\" \/>\n<meta property=\"og:locale\" content=\"fr_FR\" \/>\n<meta property=\"og:type\" content=\"article\" \/>\n<meta property=\"og:title\" content=\"Cannes : La 2\u00e8me \u00e9dition du Festival International du Film sur le Handicap\" \/>\n<meta property=\"og:description\" content=\"Du 15 au 20 septembre 2017 se tient \u00e0 Cannes la 2\u00e8me \u00e9dition du Festival International du Film sur le Handicap. Tous Ergo vous en dit plus !\" \/>\n<meta property=\"og:url\" content=\"https:\/\/www.tousergo.com\/blog\/festival-international-du-film-sur-le-handicap\/\" \/>\n<meta property=\"og:site_name\" content=\"Blog Tous ergo\" \/>\n<meta property=\"article:publisher\" content=\"https:\/\/www.facebook.com\/tousergo\/\" \/>\n<meta property=\"article:published_time\" content=\"2017-09-11T07:00:22+00:00\" \/>\n<meta property=\"article:modified_time\" content=\"2021-04-27T08:56:49+00:00\" \/>\n<meta property=\"og:image\" content=\"https:\/\/www.tousergo.com\/blog\/wp-content\/uploads\/2017\/09\/FIFH-02.jpg\" \/>\n<meta name=\"twitter:card\" content=\"summary_large_image\" \/>\n<meta name=\"twitter:creator\" content=\"@tousergo\" \/>\n<meta name=\"twitter:site\" content=\"@tousergo\" \/>\n<meta name=\"twitter:label1\" content=\"Dur\u00e9e de lecture est.\">\n\t<meta name=\"twitter:data1\" content=\"3 minutes\">\n<script type=\"application\/ld+json\" class=\"yoast-schema-graph\">{\"@context\":\"https:\/\/schema.org\",\"@graph\":[{\"@type\":\"WebSite\",\"@id\":\"https:\/\/www.tousergo.com\/blog\/#website\",\"url\":\"https:\/\/www.tousergo.com\/blog\/\",\"name\":\"Blog Tous ergo\",\"description\":\"Toutes les solutions pour l&#039;autonomie \\u00e0 domicile\",\"potentialAction\":[{\"@type\":\"SearchAction\",\"target\":\"https:\/\/www.tousergo.com\/blog\/?s={search_term_string}\",\"query-input\":\"required name=search_term_string\"}],\"inLanguage\":\"fr-FR\"},{\"@type\":\"ImageObject\",\"@id\":\"https:\/\/www.tousergo.com\/blog\/festival-international-du-film-sur-le-handicap\/#primaryimage\",\"inLanguage\":\"fr-FR\",\"url\":\"https:\/\/www.tousergo.com\/blog\/wp-content\/uploads\/2017\/09\/FIFH-02.jpg\",\"width\":1200,\"height\":630},{\"@type\":\"WebPage\",\"@id\":\"https:\/\/www.tousergo.com\/blog\/festival-international-du-film-sur-le-handicap\/#webpage\",\"url\":\"https:\/\/www.tousergo.com\/blog\/festival-international-du-film-sur-le-handicap\/\",\"name\":\"Cannes : La 2\\u00e8me \\u00e9dition du Festival International du Film sur le Handicap\",\"isPartOf\":{\"@id\":\"https:\/\/www.tousergo.com\/blog\/#website\"},\"primaryImageOfPage\":{\"@id\":\"https:\/\/www.tousergo.com\/blog\/festival-international-du-film-sur-le-handicap\/#primaryimage\"},\"datePublished\":\"2017-09-11T07:00:22+00:00\",\"dateModified\":\"2021-04-27T08:56:49+00:00\",\"author\":{\"@id\":\"https:\/\/www.tousergo.com\/blog\/#\/schema\/person\/e6a2441c3652ce39ed048f223c36f97e\"},\"description\":\"Du 15 au 20 septembre 2017 se tient \\u00e0 Cannes la 2\\u00e8me \\u00e9dition du Festival International du Film sur le Handicap. Tous Ergo vous en dit plus !\",\"breadcrumb\":{\"@id\":\"https:\/\/www.tousergo.com\/blog\/festival-international-du-film-sur-le-handicap\/#breadcrumb\"},\"inLanguage\":\"fr-FR\",\"potentialAction\":[{\"@type\":\"ReadAction\",\"target\":[\"https:\/\/www.tousergo.com\/blog\/festival-international-du-film-sur-le-handicap\/\"]}]},{\"@type\":\"BreadcrumbList\",\"@id\":\"https:\/\/www.tousergo.com\/blog\/festival-international-du-film-sur-le-handicap\/#breadcrumb\",\"itemListElement\":[{\"@type\":\"ListItem\",\"position\":1,\"item\":{\"@type\":\"WebPage\",\"@id\":\"https:\/\/www.tousergo.com\/blog\/\",\"url\":\"https:\/\/www.tousergo.com\/blog\/\",\"name\":\"Accueil\"}},{\"@type\":\"ListItem\",\"position\":2,\"item\":{\"@type\":\"WebPage\",\"@id\":\"https:\/\/www.tousergo.com\/blog\/festival-international-du-film-sur-le-handicap\/\",\"url\":\"https:\/\/www.tousergo.com\/blog\/festival-international-du-film-sur-le-handicap\/\",\"name\":\"Cannes : La 2\\u00e8me \\u00e9dition du Festival International du Film sur le Handicap du 15 au 20 Septembre 2017\"}}]},{\"@type\":\"Person\",\"@id\":\"https:\/\/www.tousergo.com\/blog\/#\/schema\/person\/e6a2441c3652ce39ed048f223c36f97e\",\"name\":\"Victoria\",\"image\":{\"@type\":\"ImageObject\",\"@id\":\"https:\/\/www.tousergo.com\/blog\/#personlogo\",\"inLanguage\":\"fr-FR\",\"url\":\"https:\/\/secure.gravatar.com\/avatar\/c7be45fa188ad1e0d0abfa43171e66e0?s=96&d=mm&r=g\",\"caption\":\"Victoria\"}}]}<\/script>\n<!-- \/ Yoast SEO plugin. -->","_links":{"self":[{"href":"https:\/\/www.tousergo.com\/blog\/wp-json\/wp\/v2\/posts\/6384"}],"collection":[{"href":"https:\/\/www.tousergo.com\/blog\/wp-json\/wp\/v2\/posts"}],"about":[{"href":"https:\/\/www.tousergo.com\/blog\/wp-json\/wp\/v2\/types\/post"}],"author":[{"embeddable":true,"href":"https:\/\/www.tousergo.com\/blog\/wp-json\/wp\/v2\/users\/11"}],"replies":[{"embeddable":true,"href":"https:\/\/www.tousergo.com\/blog\/wp-json\/wp\/v2\/comments?post=6384"}],"version-history":[{"count":2,"href":"https:\/\/www.tousergo.com\/blog\/wp-json\/wp\/v2\/posts\/6384\/revisions"}],"predecessor-version":[{"id":16752,"href":"https:\/\/www.tousergo.com\/blog\/wp-json\/wp\/v2\/posts\/6384\/revisions\/16752"}],"wp:attachment":[{"href":"https:\/\/www.tousergo.com\/blog\/wp-json\/wp\/v2\/media?parent=6384"}],"wp:term":[{"taxonomy":"category","embeddable":true,"href":"https:\/\/www.tousergo.com\/blog\/wp-json\/wp\/v2\/categories?post=6384"},{"taxonomy":"post_tag","embeddable":true,"href":"https:\/\/www.tousergo.com\/blog\/wp-json\/wp\/v2\/tags?post=6384"}],"curies":[{"name":"wp","href":"https:\/\/api.w.org\/{rel}","templated":true}]}}