{"id":6483,"date":"2016-10-10T09:00:24","date_gmt":"2016-10-10T07:00:24","guid":{"rendered":"https:\/\/www.tousergo.com\/blog\/?p=6483"},"modified":"2021-04-27T10:40:47","modified_gmt":"2021-04-27T08:40:47","slug":"documentaire-paraplegie","status":"publish","type":"post","link":"https:\/\/www.tousergo.com\/blog\/documentaire-paraplegie\/","title":{"rendered":"On a aim\u00e9 : le documentaire \u00ab\u00a0L\u00e8ve-toi et marche &#8211; Un voyage en parapl\u00e9gie\u00a0\u00bb"},"content":{"rendered":"<p>Je ne peux que vous encourager \u00e0 regarder \u00ab\u00a0<strong>L\u00e8ve-toi et marche &#8211; un voyage en parapl\u00e9gie<\/strong>\u00a0\u00bb . Ce documentaire poignant a \u00e9t\u00e9 r\u00e9alis\u00e9 par Mathieu Firmin, un journaliste qui fut brutalement victime d\u2019un accident vasculaire, et qui, devenu parapl\u00e9gique, a film\u00e9 son combat pour remarcher\u00a0!<\/p>\n<figure id=\"attachment_6500\" aria-describedby=\"caption-attachment-6500\" style=\"width: 1280px\" class=\"wp-caption aligncenter\"><a href=\"https:\/\/www.tousergo.com\/blog\/wp-content\/uploads\/2016\/10\/aEgMk.jpg\"><img loading=\"lazy\" class=\"wp-image-6500 size-full\" src=\"https:\/\/www.tousergo.com\/blog\/wp-content\/uploads\/2016\/10\/aEgMk.jpg\" alt=\"Capture d'\u00e9cran du documentaire L\u00e8ve toi et marche - un voyage en parapl\u00e9gie\" width=\"1280\" height=\"720\" srcset=\"https:\/\/www.tousergo.com\/blog\/wp-content\/uploads\/2016\/10\/aEgMk.jpg 1280w, https:\/\/www.tousergo.com\/blog\/wp-content\/uploads\/2016\/10\/aEgMk-300x169.jpg 300w, https:\/\/www.tousergo.com\/blog\/wp-content\/uploads\/2016\/10\/aEgMk-768x432.jpg 768w, https:\/\/www.tousergo.com\/blog\/wp-content\/uploads\/2016\/10\/aEgMk-1024x576.jpg 1024w\" sizes=\"(max-width: 1280px) 100vw, 1280px\" \/><\/a><figcaption id=\"caption-attachment-6500\" class=\"wp-caption-text\">Capture d&rsquo;\u00e9cran du documentaire \u00ab\u00a0L\u00e8ve toi et marche &#8211; un voyage en parapl\u00e9gie\u00a0\u00bb<\/figcaption><\/figure>\n<blockquote>\n<p><span style=\"color: #53798f;\"><strong>\u00ab\u00a0Il y a deux ans, il m&rsquo;est arriv\u00e9 une histoire de dingue. Jamais je n&rsquo;aurais imagin\u00e9 une dinguerie pareille. Je me suis en effet retrouv\u00e9 brusquement parapl\u00e9gique suite \u00e0 un accident vasculaire. Les m\u00e9decins ne savent pas si je pourrai un jour remarcher&#8230;\u00a0\u00bb &#8211;\u00a0Mathieu Firmin, r\u00e9alisateur de \u00ab\u00a0L\u00e8ve-toi et marche\u00a0\u00bb<\/strong><\/span><\/p>\n<\/blockquote>\n<p><!--more--><\/p>\n<p>\u00ab\u00a0<strong>Un voyage en parapl\u00e9gie<\/strong>\u00a0\u00bb comme il aime \u00e0 le d\u00e9crire, essentiellement tourn\u00e9 \u00e0 Garches en 2015.\u00a0Pour vous mettre en app\u00e9tit, voici la bande annonce :<\/p>\n<p><iframe title=\"Documentaire remarcher apr\u00e8s une parapl\u00e9gie | L\u00c8VE-TOI ET MARCHE [BA]\" width=\"960\" height=\"540\" src=\"https:\/\/www.youtube.com\/embed\/suVKc-XrW-Y?feature=oembed\" frameborder=\"0\" allow=\"accelerometer; autoplay; clipboard-write; encrypted-media; gyroscope; picture-in-picture\" allowfullscreen><\/iframe><\/p>\n<p><a href=\"https:\/\/www.spicee.com\/\" target=\"_blank\" rel=\"noopener noreferrer\">Le docu complet est dispo apr\u00e8s inscription sur son site<\/a>.<\/p>\n<p>Emu, je me suis sans doute identifi\u00e9 \u00e0 cet homme de mon \u00e2ge, p\u00e8re de famille, \u00e0 qui rien ne pr\u00e9disait un tel accident de la vie.<\/p>\n<p>J\u2019ai aussi r\u00e9alis\u00e9 \u00e0 quel point j\u2019\u00e9tais loin d\u2019imaginer la vie des personnes en fauteuil, ceux pour qui je travaille pourtant tous les jours. Mon approche de leurs besoins ne peut malheureusement \u00eatre que conceptuelle. J\u2019imagine que ce produit-ci peut \u00eatre utile, que celui-l\u00e0 non\u2026 mais au fond, qui suis-je pour le savoir ? Bref c\u2019est un d\u00e9tail, l\u00e0 n\u2019est pas le sujet\u00a0!<\/p>\n<p>Pour revenir \u00e0 ce docu, il nous plonge litt\u00e9ralement aux c\u00f4t\u00e9s de Mathieu Firmin. Il nous rend t\u00e9moin intime de ses coups de mou, de ses espoirs, de ses victoires, de ses rencontres, et ce d\u00e8s les premi\u00e8res heures de sa m\u00e9saventure.<\/p>\n<p>Il lui a fallu une sacr\u00e9e audace pour oser se saisir de sa cam\u00e9ra d\u00e8s le r\u00e9veil. De l\u2019humilit\u00e9 pour parler crument de son exp\u00e9rience au fil des semaines. Son handicap lui permet aussi d\u2019aborder les questions franches avec ses acolytes, des jeunes victimes d\u2019accident devenus t\u00e9trapl\u00e9giques. On les voit faire une course en fauteuil roulant \u00e9lectrique sur le parking de Garches, explosant de rires, alors que quelques semaines avant ils fon\u00e7aient en moto sur les routes de l\u2019insouciance. Comment est-ce possible\u00a0!? Ces derniers m\u2019ont \u00e9blouis par leur force int\u00e9rieure, leur facult\u00e9 de r\u00e9silience. Ils abordent la vie d\u2019une mani\u00e8re nouvelle. \u00ab\u00a0Pas le choix, on avance\u00a0!\u00a0\u00bb<\/p>\n<p>Je ne vous d\u00e9voile pas la fin de la m\u00e9saventure de Mathieu et laisse chacun \u00e0 ses \u00e9motions, car ce film en est truff\u00e9.<\/p>\n<p>Thibaut<\/p>\n<\/p>\n<h2><span style=\"color: #53798f;\">Pour voir \u00ab\u00a0L\u00e8ve toi et marche &#8211; un voyage en parapl\u00e9gie\u00a0\u00bb :<\/span><\/h2>\n<p>Rendez-vous sur le site de Spicee.\u00a0Ensuite, inscrivez-vous gratuitement en remplissant le formulaire. Enfin, <a href=\"https:\/\/www.spicee.com\/\" target=\"_blank\" rel=\"noopener noreferrer\">rendez-vous sur la page de la vid\u00e9o<\/a>\u00a0et lancez-la. Bon visionnage !<\/p>\n<\/p>\n<div style=\"width: 100%; padding: 20px; background: #EEEEEE;\"><strong>Comment faire pour ne pas rater les actus Tous ergo ?\u00a0<\/strong><br \/>\nVous souhaitez\u00a0\u00eatre inform\u00e9 des derni\u00e8res actualit\u00e9s Tous ergo, d\u00e9couvrir nos nouveaut\u00e9s\u00a0produits et ne pas rater nos promotions ? Inscrivez-vous \u00e0 notre newsletter ! Pour ce faire, rendez-vous sur la <a href=\"https:\/\/www.tousergo.com\/\" target=\"_blank\" rel=\"noopener noreferrer\">page d&rsquo;accueil de notre site<\/a>.\u00a0Ensuite, saisissez votre adresse e-mail dans le champs \u00ab\u00a0Newsletter\u00a0\u00bb, en bas \u00e0 gauche de la page. Vous pouvez aussi nous suivre sur les r\u00e9seaux sociaux !<\/div>\n","protected":false},"excerpt":{"rendered":"<p class=\"u-txt-sm u-txt-dark u-d-desktop u-w-100\">Je ne peux que vous encourager \u00e0 regarder \u00ab\u00a0L\u00e8ve-toi et marche &#8211; un voyage en parapl\u00e9gie\u00a0\u00bb . Ce documentaire poignant...<\/p>\n<button class=\"c-btn--unstyled u-font-weight-bold u-txt-primary u-txt-sm\">\n\t\t\tLire l\u2019article\n\t\t\t<span class=\"c-icon--24 u-ml-1\"><img src=\"https:\/\/www.tousergo.com\/blog\/wp-content\/themes\/tousergo\/img\/icons\/arrow-right-circle-fill.svg\" alt=\"\"><\/span>\n\t<\/button>","protected":false},"author":11,"featured_media":0,"comment_status":"open","ping_status":"open","sticky":false,"template":"","format":"standard","meta":[],"categories":[16,2,11],"tags":[256,574],"yoast_head":"<!-- This site is optimized with the Yoast SEO plugin v15.7 - https:\/\/yoast.com\/wordpress\/plugins\/seo\/ -->\n<title>Documentaire &quot;L\u00e8ve-toi et marche - Un voyage en parapl\u00e9gie&quot;<\/title>\n<meta name=\"description\" content=\"Billet de Thibaut \u00e0 propos du documentaire &quot;L\u00e8ve-toi et marche - Un voyage en parapl\u00e9gie&quot;, r\u00e9alis\u00e9e par le journaliste Mathieu Firmin.\" \/>\n<meta name=\"robots\" content=\"index, follow, max-snippet:-1, max-image-preview:large, max-video-preview:-1\" \/>\n<link rel=\"canonical\" href=\"https:\/\/www.tousergo.com\/blog\/documentaire-paraplegie\/\" \/>\n<meta property=\"og:locale\" content=\"fr_FR\" \/>\n<meta property=\"og:type\" content=\"article\" \/>\n<meta property=\"og:title\" content=\"Documentaire &quot;L\u00e8ve-toi et marche - Un voyage en parapl\u00e9gie&quot;\" \/>\n<meta property=\"og:description\" content=\"Billet de Thibaut \u00e0 propos du documentaire &quot;L\u00e8ve-toi et marche - Un voyage en parapl\u00e9gie&quot;, r\u00e9alis\u00e9e par le journaliste Mathieu Firmin.\" \/>\n<meta property=\"og:url\" content=\"https:\/\/www.tousergo.com\/blog\/documentaire-paraplegie\/\" \/>\n<meta property=\"og:site_name\" content=\"Blog Tous ergo\" \/>\n<meta property=\"article:publisher\" content=\"https:\/\/www.facebook.com\/tousergo\/\" \/>\n<meta property=\"article:published_time\" content=\"2016-10-10T07:00:24+00:00\" \/>\n<meta property=\"article:modified_time\" content=\"2021-04-27T08:40:47+00:00\" \/>\n<meta property=\"og:image\" content=\"https:\/\/www.tousergo.com\/blog\/wp-content\/uploads\/2016\/10\/aEgMk.jpg\" \/>\n<meta name=\"twitter:card\" content=\"summary_large_image\" \/>\n<meta name=\"twitter:creator\" content=\"@tousergo\" \/>\n<meta name=\"twitter:site\" content=\"@tousergo\" \/>\n<meta name=\"twitter:label1\" content=\"Dur\u00e9e de lecture est.\">\n\t<meta name=\"twitter:data1\" content=\"3 minutes\">\n<script type=\"application\/ld+json\" class=\"yoast-schema-graph\">{\"@context\":\"https:\/\/schema.org\",\"@graph\":[{\"@type\":\"WebSite\",\"@id\":\"https:\/\/www.tousergo.com\/blog\/#website\",\"url\":\"https:\/\/www.tousergo.com\/blog\/\",\"name\":\"Blog Tous ergo\",\"description\":\"Toutes les solutions pour l&#039;autonomie \\u00e0 domicile\",\"potentialAction\":[{\"@type\":\"SearchAction\",\"target\":\"https:\/\/www.tousergo.com\/blog\/?s={search_term_string}\",\"query-input\":\"required name=search_term_string\"}],\"inLanguage\":\"fr-FR\"},{\"@type\":\"ImageObject\",\"@id\":\"https:\/\/www.tousergo.com\/blog\/documentaire-paraplegie\/#primaryimage\",\"inLanguage\":\"fr-FR\",\"url\":\"https:\/\/www.tousergo.com\/blog\/wp-content\/uploads\/2016\/10\/aEgMk.jpg\",\"width\":1280,\"height\":720,\"caption\":\"Documentaire L\\u00e8ve toi et marche\"},{\"@type\":\"WebPage\",\"@id\":\"https:\/\/www.tousergo.com\/blog\/documentaire-paraplegie\/#webpage\",\"url\":\"https:\/\/www.tousergo.com\/blog\/documentaire-paraplegie\/\",\"name\":\"Documentaire \\\"L\\u00e8ve-toi et marche - Un voyage en parapl\\u00e9gie\\\"\",\"isPartOf\":{\"@id\":\"https:\/\/www.tousergo.com\/blog\/#website\"},\"primaryImageOfPage\":{\"@id\":\"https:\/\/www.tousergo.com\/blog\/documentaire-paraplegie\/#primaryimage\"},\"datePublished\":\"2016-10-10T07:00:24+00:00\",\"dateModified\":\"2021-04-27T08:40:47+00:00\",\"author\":{\"@id\":\"https:\/\/www.tousergo.com\/blog\/#\/schema\/person\/e6a2441c3652ce39ed048f223c36f97e\"},\"description\":\"Billet de Thibaut \\u00e0 propos du documentaire \\\"L\\u00e8ve-toi et marche - Un voyage en parapl\\u00e9gie\\\", r\\u00e9alis\\u00e9e par le journaliste Mathieu Firmin.\",\"breadcrumb\":{\"@id\":\"https:\/\/www.tousergo.com\/blog\/documentaire-paraplegie\/#breadcrumb\"},\"inLanguage\":\"fr-FR\",\"potentialAction\":[{\"@type\":\"ReadAction\",\"target\":[\"https:\/\/www.tousergo.com\/blog\/documentaire-paraplegie\/\"]}]},{\"@type\":\"BreadcrumbList\",\"@id\":\"https:\/\/www.tousergo.com\/blog\/documentaire-paraplegie\/#breadcrumb\",\"itemListElement\":[{\"@type\":\"ListItem\",\"position\":1,\"item\":{\"@type\":\"WebPage\",\"@id\":\"https:\/\/www.tousergo.com\/blog\/\",\"url\":\"https:\/\/www.tousergo.com\/blog\/\",\"name\":\"Accueil\"}},{\"@type\":\"ListItem\",\"position\":2,\"item\":{\"@type\":\"WebPage\",\"@id\":\"https:\/\/www.tousergo.com\/blog\/documentaire-paraplegie\/\",\"url\":\"https:\/\/www.tousergo.com\/blog\/documentaire-paraplegie\/\",\"name\":\"On a aim\\u00e9 : le documentaire \\u00ab\\u00a0L\\u00e8ve-toi et marche &#8211; Un voyage en parapl\\u00e9gie\\u00a0\\u00bb\"}}]},{\"@type\":\"Person\",\"@id\":\"https:\/\/www.tousergo.com\/blog\/#\/schema\/person\/e6a2441c3652ce39ed048f223c36f97e\",\"name\":\"Victoria\",\"image\":{\"@type\":\"ImageObject\",\"@id\":\"https:\/\/www.tousergo.com\/blog\/#personlogo\",\"inLanguage\":\"fr-FR\",\"url\":\"https:\/\/secure.gravatar.com\/avatar\/c7be45fa188ad1e0d0abfa43171e66e0?s=96&d=mm&r=g\",\"caption\":\"Victoria\"}}]}<\/script>\n<!-- \/ Yoast SEO plugin. -->","_links":{"self":[{"href":"https:\/\/www.tousergo.com\/blog\/wp-json\/wp\/v2\/posts\/6483"}],"collection":[{"href":"https:\/\/www.tousergo.com\/blog\/wp-json\/wp\/v2\/posts"}],"about":[{"href":"https:\/\/www.tousergo.com\/blog\/wp-json\/wp\/v2\/types\/post"}],"author":[{"embeddable":true,"href":"https:\/\/www.tousergo.com\/blog\/wp-json\/wp\/v2\/users\/11"}],"replies":[{"embeddable":true,"href":"https:\/\/www.tousergo.com\/blog\/wp-json\/wp\/v2\/comments?post=6483"}],"version-history":[{"count":2,"href":"https:\/\/www.tousergo.com\/blog\/wp-json\/wp\/v2\/posts\/6483\/revisions"}],"predecessor-version":[{"id":16743,"href":"https:\/\/www.tousergo.com\/blog\/wp-json\/wp\/v2\/posts\/6483\/revisions\/16743"}],"wp:attachment":[{"href":"https:\/\/www.tousergo.com\/blog\/wp-json\/wp\/v2\/media?parent=6483"}],"wp:term":[{"taxonomy":"category","embeddable":true,"href":"https:\/\/www.tousergo.com\/blog\/wp-json\/wp\/v2\/categories?post=6483"},{"taxonomy":"post_tag","embeddable":true,"href":"https:\/\/www.tousergo.com\/blog\/wp-json\/wp\/v2\/tags?post=6483"}],"curies":[{"name":"wp","href":"https:\/\/api.w.org\/{rel}","templated":true}]}}