{"id":669,"date":"2009-03-19T12:12:40","date_gmt":"2009-03-19T10:12:40","guid":{"rendered":"https:\/\/www.tousergo.com\/blog\/?p=669"},"modified":"2021-04-07T16:39:31","modified_gmt":"2021-04-07T14:39:31","slug":"jamel-debbouze-ambassadeur-de-lagefiph-pour-lemploi-des-personnes-handicapees","status":"publish","type":"post","link":"https:\/\/www.tousergo.com\/blog\/jamel-debbouze-ambassadeur-de-lagefiph-pour-lemploi-des-personnes-handicapees\/","title":{"rendered":"Jamel Debbouze ambassadeur de l&rsquo;Agefiph pour l\u2019emploi des personnes handicap\u00e9es"},"content":{"rendered":"<p><strong>Le jeune humoriste s\u2019engage, il est le porte parole de la nouvelle campagne d\u2019Agefiph. C\u2019est une association de la gestion des fonds pour l\u2019insertion professionnelle des personnes handicap\u00e9es. Elle lance durant tout le mois de mars\u00a0 une campagne nationale de sensibilisation sur l&rsquo;int\u00e9gration des travailleurs handicap\u00e9s. Objectif : faire changer l\u2019image de ces personnes aupr\u00e8s des services de ressources humaines. <\/strong><\/p>\n<p><strong>Plus qu\u2019une pub, un r\u00e9el combat<\/strong><\/p>\n<p>\u00ab Pourquoi Jamel t\u2019as toujours ta main dans ta poche ? demande une jeune fille. Tant qu\u2019elle est pas dans la tienne ! r\u00e9pond Jamel. \u00bb Premier petit spectacle et d\u00e9j\u00e0 le sens de la r\u00e9partie ! Son humour d\u00e9capant et dynamique nous a fait oubli\u00e9 sa main inerte \u00e9l\u00e9gamment cach\u00e9 dans la poche de son jean. Issu d\u2019une famille nombreuse, de la banlieue de Trappes et victime d\u2019un accident qui lui a caus\u00e9 son handicap\u2026 on ne peut pas dire que toutes les chances \u00e9taient de son c\u00f4t\u00e9.\u00a0 Loin de jouer les victimes, il fonce et \u00e0 33 ans il a d\u00e9j\u00e0 men\u00e9 une belle carri\u00e8re.<br \/>\nAujourd\u2019hui Jamel nous d\u00e9voile sans complexe sa fameuse main dans un spot tv et parle de son engagement pour le handicap. C\u2019est un r\u00e9el combat qui lui tient \u00e0 c\u0153ur : \u00ab Je suis une exception. Ce n\u2019est pas le cas de tous les travailleurs handicap\u00e9s que je connais. L\u2019objectif, au del\u00e0 de pouvoir manger, pour le handicap\u00e9, c\u2019est <strong>de pouvoir retrouver une dignit\u00e9<\/strong>. \u00bb<\/p>\n<p>Cette association veut inciter les entreprises \u00e0 mieux respecter les obligations l\u00e9gales pour l&#8217;emploi des salari\u00e9s handicap\u00e9s. Les personnes handicap\u00e9es sont deux fois plus touch\u00e9es que les autres par le ch\u00f4mage. Jamel ajoute \u00ab J&rsquo;ai la chance de faire maintenant un m\u00e9tier o\u00f9 je n&rsquo;ai plus besoin de mon bras \u00bb, explique-t-il. N\u00e9anmoins, il rappelle que le fait de <strong>ne pas embaucher de personnes handicap\u00e9es est discriminatoire<\/strong> et peut entra\u00eener des amendes pour les entreprises un peu frileuses.<\/p>\n<p>Et vous que pensez vous de la situation des handicap\u00e9es dans le domaine du travail ? Comment percevez vous ou vivez le handicap dans la vie professionnelle ? Votre avis \u00e0 tous nous int\u00e9resse ! Sources : d\u00e9clarations de Jamel sur RTL<br \/>\n<object width=\"425\" height=\"344\"><param name=\"movie\" value=\"https:\/\/www.youtube.com\/v\/LjugNDvKOIU&amp;hl=fr&amp;fs=1\" \/><param name=\"allowFullScreen\" value=\"true\" \/><param name=\"allowscriptaccess\" value=\"always\" \/><embed src=\"https:\/\/www.youtube.com\/v\/LjugNDvKOIU&amp;hl=fr&amp;fs=1\" type=\"application\/x-shockwave-flash\" allowscriptaccess=\"always\" allowfullscreen=\"allowfullscreen\" width=\"425\" height=\"344\" \/><\/object><\/p>\n","protected":false},"excerpt":{"rendered":"<p class=\"u-txt-sm u-txt-dark u-d-desktop u-w-100\">Le jeune humoriste s\u2019engage, il est le porte parole de la nouvelle campagne d\u2019Agefiph. C\u2019est une association de la gestion...<\/p>\n<button class=\"c-btn--unstyled u-font-weight-bold u-txt-primary u-txt-sm\">\n\t\t\tLire l\u2019article\n\t\t\t<span class=\"c-icon--24 u-ml-1\"><img src=\"https:\/\/www.tousergo.com\/blog\/wp-content\/themes\/tousergo\/img\/icons\/arrow-right-circle-fill.svg\" alt=\"\"><\/span>\n\t<\/button>","protected":false},"author":2,"featured_media":0,"comment_status":"open","ping_status":"open","sticky":false,"template":"","format":"standard","meta":[],"categories":[2,11],"tags":[40,414,424,825],"yoast_head":"<!-- This site is optimized with the Yoast SEO plugin v15.7 - https:\/\/yoast.com\/wordpress\/plugins\/seo\/ -->\n<title>Jamel Debbouze ambassadeur de l&#039;Agefiph pour l\u2019emploi des personnes handicap\u00e9es - Blog Tous ergo<\/title>\n<meta name=\"robots\" content=\"index, follow, max-snippet:-1, max-image-preview:large, max-video-preview:-1\" \/>\n<link rel=\"canonical\" href=\"https:\/\/www.tousergo.com\/blog\/jamel-debbouze-ambassadeur-de-lagefiph-pour-lemploi-des-personnes-handicapees\/\" \/>\n<meta property=\"og:locale\" content=\"fr_FR\" \/>\n<meta property=\"og:type\" content=\"article\" \/>\n<meta property=\"og:title\" content=\"Jamel Debbouze ambassadeur de l&#039;Agefiph pour l\u2019emploi des personnes handicap\u00e9es - Blog Tous ergo\" \/>\n<meta property=\"og:description\" content=\"Le jeune humoriste s\u2019engage, il est le porte parole de la nouvelle campagne d\u2019Agefiph. C\u2019est une association de la gestion\" \/>\n<meta property=\"og:url\" content=\"https:\/\/www.tousergo.com\/blog\/jamel-debbouze-ambassadeur-de-lagefiph-pour-lemploi-des-personnes-handicapees\/\" \/>\n<meta property=\"og:site_name\" content=\"Blog Tous ergo\" \/>\n<meta property=\"article:publisher\" content=\"https:\/\/www.facebook.com\/tousergo\/\" \/>\n<meta property=\"article:published_time\" content=\"2009-03-19T10:12:40+00:00\" \/>\n<meta property=\"article:modified_time\" content=\"2021-04-07T14:39:31+00:00\" \/>\n<meta name=\"twitter:card\" content=\"summary_large_image\" \/>\n<meta name=\"twitter:creator\" content=\"@tousergo\" \/>\n<meta name=\"twitter:site\" content=\"@tousergo\" \/>\n<meta name=\"twitter:label1\" content=\"Dur\u00e9e de lecture est.\">\n\t<meta name=\"twitter:data1\" content=\"2 minutes\">\n<script type=\"application\/ld+json\" class=\"yoast-schema-graph\">{\"@context\":\"https:\/\/schema.org\",\"@graph\":[{\"@type\":\"WebSite\",\"@id\":\"https:\/\/www.tousergo.com\/blog\/#website\",\"url\":\"https:\/\/www.tousergo.com\/blog\/\",\"name\":\"Blog Tous ergo\",\"description\":\"Toutes les solutions pour l&#039;autonomie \\u00e0 domicile\",\"potentialAction\":[{\"@type\":\"SearchAction\",\"target\":\"https:\/\/www.tousergo.com\/blog\/?s={search_term_string}\",\"query-input\":\"required name=search_term_string\"}],\"inLanguage\":\"fr-FR\"},{\"@type\":\"WebPage\",\"@id\":\"https:\/\/www.tousergo.com\/blog\/jamel-debbouze-ambassadeur-de-lagefiph-pour-lemploi-des-personnes-handicapees\/#webpage\",\"url\":\"https:\/\/www.tousergo.com\/blog\/jamel-debbouze-ambassadeur-de-lagefiph-pour-lemploi-des-personnes-handicapees\/\",\"name\":\"Jamel Debbouze ambassadeur de l'Agefiph pour l\\u2019emploi des personnes handicap\\u00e9es - Blog Tous ergo\",\"isPartOf\":{\"@id\":\"https:\/\/www.tousergo.com\/blog\/#website\"},\"datePublished\":\"2009-03-19T10:12:40+00:00\",\"dateModified\":\"2021-04-07T14:39:31+00:00\",\"author\":{\"@id\":\"https:\/\/www.tousergo.com\/blog\/#\/schema\/person\/15c7932cac71694da70b0c402147317c\"},\"breadcrumb\":{\"@id\":\"https:\/\/www.tousergo.com\/blog\/jamel-debbouze-ambassadeur-de-lagefiph-pour-lemploi-des-personnes-handicapees\/#breadcrumb\"},\"inLanguage\":\"fr-FR\",\"potentialAction\":[{\"@type\":\"ReadAction\",\"target\":[\"https:\/\/www.tousergo.com\/blog\/jamel-debbouze-ambassadeur-de-lagefiph-pour-lemploi-des-personnes-handicapees\/\"]}]},{\"@type\":\"BreadcrumbList\",\"@id\":\"https:\/\/www.tousergo.com\/blog\/jamel-debbouze-ambassadeur-de-lagefiph-pour-lemploi-des-personnes-handicapees\/#breadcrumb\",\"itemListElement\":[{\"@type\":\"ListItem\",\"position\":1,\"item\":{\"@type\":\"WebPage\",\"@id\":\"https:\/\/www.tousergo.com\/blog\/\",\"url\":\"https:\/\/www.tousergo.com\/blog\/\",\"name\":\"Accueil\"}},{\"@type\":\"ListItem\",\"position\":2,\"item\":{\"@type\":\"WebPage\",\"@id\":\"https:\/\/www.tousergo.com\/blog\/jamel-debbouze-ambassadeur-de-lagefiph-pour-lemploi-des-personnes-handicapees\/\",\"url\":\"https:\/\/www.tousergo.com\/blog\/jamel-debbouze-ambassadeur-de-lagefiph-pour-lemploi-des-personnes-handicapees\/\",\"name\":\"Jamel Debbouze ambassadeur de l&rsquo;Agefiph pour l\\u2019emploi des personnes handicap\\u00e9es\"}}]},{\"@type\":\"Person\",\"@id\":\"https:\/\/www.tousergo.com\/blog\/#\/schema\/person\/15c7932cac71694da70b0c402147317c\",\"name\":\"Thibaut\",\"image\":{\"@type\":\"ImageObject\",\"@id\":\"https:\/\/www.tousergo.com\/blog\/#personlogo\",\"inLanguage\":\"fr-FR\",\"url\":\"https:\/\/secure.gravatar.com\/avatar\/f1fd8b7875f2a6039af27cb00f7d49d5?s=96&d=mm&r=g\",\"caption\":\"Thibaut\"},\"description\":\"Bonjour, je suis Thibaut ! Fondateur de Tous Ergo, mon objectif est de proposer des solutions pour favoriser le confort, l'autonomie et la s\\u00e9curit\\u00e9 des personnes \\u00e2g\\u00e9es d\\u00e9pendantes ou en situation de handicap. Nous partageons avec nos collaborateurs, partenaires, clients et fournisseurs, 3 valeurs fondamentales : la confiance, la simplicit\\u00e9 et l'inventivit\\u00e9.\"}]}<\/script>\n<!-- \/ Yoast SEO plugin. -->","_links":{"self":[{"href":"https:\/\/www.tousergo.com\/blog\/wp-json\/wp\/v2\/posts\/669"}],"collection":[{"href":"https:\/\/www.tousergo.com\/blog\/wp-json\/wp\/v2\/posts"}],"about":[{"href":"https:\/\/www.tousergo.com\/blog\/wp-json\/wp\/v2\/types\/post"}],"author":[{"embeddable":true,"href":"https:\/\/www.tousergo.com\/blog\/wp-json\/wp\/v2\/users\/2"}],"replies":[{"embeddable":true,"href":"https:\/\/www.tousergo.com\/blog\/wp-json\/wp\/v2\/comments?post=669"}],"version-history":[{"count":1,"href":"https:\/\/www.tousergo.com\/blog\/wp-json\/wp\/v2\/posts\/669\/revisions"}],"predecessor-version":[{"id":15717,"href":"https:\/\/www.tousergo.com\/blog\/wp-json\/wp\/v2\/posts\/669\/revisions\/15717"}],"wp:attachment":[{"href":"https:\/\/www.tousergo.com\/blog\/wp-json\/wp\/v2\/media?parent=669"}],"wp:term":[{"taxonomy":"category","embeddable":true,"href":"https:\/\/www.tousergo.com\/blog\/wp-json\/wp\/v2\/categories?post=669"},{"taxonomy":"post_tag","embeddable":true,"href":"https:\/\/www.tousergo.com\/blog\/wp-json\/wp\/v2\/tags?post=669"}],"curies":[{"name":"wp","href":"https:\/\/api.w.org\/{rel}","templated":true}]}}