{"id":6732,"date":"2016-11-09T09:00:03","date_gmt":"2016-11-09T08:00:03","guid":{"rendered":"https:\/\/www.tousergo.com\/blog\/?p=6732"},"modified":"2022-01-04T16:56:28","modified_gmt":"2022-01-04T15:56:28","slug":"retour-sur-le-lancement-du-vendee-globe","status":"publish","type":"post","link":"https:\/\/www.tousergo.com\/blog\/retour-sur-le-lancement-du-vendee-globe\/","title":{"rendered":"Vend\u00e9e Globe 2016 : grand d\u00e9part pour Thomas Ruyant et le Souffle du Nord"},"content":{"rendered":"<p>La 8\u00e8me \u00e9dition du <strong>Vend\u00e9e Globe<\/strong> a \u00e9t\u00e9 lanc\u00e9e dimanche 6 novembre dernier. <span style=\"color: #53798f;\"><a style=\"color: #53798f;\" href=\"https:\/\/www.tousergo.com\/blog\/souffle-du-nord-pour-le-projet-imagine\/\" target=\"_blank\" rel=\"noopener\">Tous ergo est partenaire du <strong>Souffle du Nord pour le projet Imagine<\/strong><\/a><\/span>, qui sponsorise Thomas Ruyant, l&rsquo;un des participants. <a href=\"https:\/\/www.tousergo.com\/blog\/2016\/02\/15\/portrait-thibaut\/\" target=\"_blank\" rel=\"noopener\">Thibaut<\/a> \u00e9tait donc aux Sables d&rsquo;Olonne pour partager ce beau moment. Retour sur cet \u00e9v\u00e9nement.<\/p>\n<figure id=\"attachment_6740\" aria-describedby=\"caption-attachment-6740\" style=\"width: 625px\" class=\"wp-caption aligncenter\"><a href=\"https:\/\/www.tousergo.com\/blog\/wp-content\/uploads\/2016\/11\/Photo-Pierre-Delobel-Partenaire-du-Souffle-du-Nord.jpg\"><img loading=\"lazy\" class=\"wp-image-6740 size-large\" src=\"https:\/\/www.tousergo.com\/blog\/wp-content\/uploads\/2016\/11\/Photo-Pierre-Delobel-Partenaire-du-Souffle-du-Nord-1024x680.jpg\" alt=\"Thomas Ruyant avant le d\u00e9part du Vend\u00e9e Globe\" width=\"625\" height=\"415\" srcset=\"https:\/\/www.tousergo.com\/blog\/wp-content\/uploads\/2016\/11\/Photo-Pierre-Delobel-Partenaire-du-Souffle-du-Nord-1024x680.jpg 1024w, https:\/\/www.tousergo.com\/blog\/wp-content\/uploads\/2016\/11\/Photo-Pierre-Delobel-Partenaire-du-Souffle-du-Nord-300x199.jpg 300w, https:\/\/www.tousergo.com\/blog\/wp-content\/uploads\/2016\/11\/Photo-Pierre-Delobel-Partenaire-du-Souffle-du-Nord-768x510.jpg 768w, https:\/\/www.tousergo.com\/blog\/wp-content\/uploads\/2016\/11\/Photo-Pierre-Delobel-Partenaire-du-Souffle-du-Nord.jpg 2048w\" sizes=\"(max-width: 625px) 100vw, 625px\" \/><\/a><figcaption id=\"caption-attachment-6740\" class=\"wp-caption-text\">Thomas Ruyant avant le d\u00e9part du Vend\u00e9e Globe &#8211; Cr\u00e9dit : Pierre Delobel \/ Groupe Facebook Les Partenaires Du Souffle Du Nord<\/figcaption><\/figure>\n<p><!--more--><\/p>\n<p>C\u2019est une histoire de r\u00eaves, de r\u00eaves crois\u00e9s, et cette histoire, je viens d\u2019en vivre ce week-end l\u2019une de ses plus belles pages. Je ne sais dire si c\u2019est l\u2019intro, le c\u0153ur ou la conclusion. En tous cas, croyez-moi, elle valait le coup d\u2019\u00eatre v\u00e9cue. Et je ne peux donc m\u2019emp\u00eacher de vous partager mes \u00e9motions, \u00e0 chaud.<\/p>\n<p>Pourquoi j\u2019en parle ici\u00a0? Car <strong><span style=\"color: #53798f;\"><a style=\"color: #53798f;\" href=\"https:\/\/www.tousergo.com\/blog\/souffle-du-nord-pour-le-projet-imagine\/\" target=\"_blank\" rel=\"noopener\">Tous ergo est partenaire de ce projet fou initi\u00e9 il y a 3 ans<\/a>.<\/span><\/strong><\/p>\n<\/p>\n<h2><span style=\"color: #53798f;\">Le Vend\u00e9e Globe 2016, r\u00eave d&rsquo;un collectif de particuliers et d&rsquo;entreprises du Nord<\/span><\/h2>\n<p>Le r\u00eave d\u2019un collectif de particuliers et d\u2019entreprises du Nord (dois-je dire des Hauts de France) d\u2019aligner un bateau au <strong>Vend\u00e9e Globe 2016<\/strong>. Personne ne nous attendait dans cette comp\u00e9tition habituellement r\u00e9serv\u00e9e aux grands groupes. Pour les n\u00e9ophytes que j\u2019\u00e9tais, le <strong>Vend\u00e9e Globe<\/strong>, c\u2019est un tour du monde \u00e0 la voile et en solitaire, sans escale et sans assistance, avec un monocoque type Imoca, la formule 1 des mers. Pour rester dans les images, sachez qu\u2019on surnomme cette course l\u2019Everest des mers. Il faut beaucoup d\u2019\u00e9nergie et de moyens pour y participer.<\/p>\n<p>Et tant qu\u2019\u00e0 avoir un r\u00eave, autant qu\u2019il soit fou. L\u2019id\u00e9e \u00e9tait donc d\u2019aligner un bateau qui soit utile et porteur d\u2019un beau message. Un bateau sans sponsor. Chiche\u00a0?<\/p>\n<figure id=\"attachment_6738\" aria-describedby=\"caption-attachment-6738\" style=\"width: 768px\" class=\"wp-caption aligncenter\"><a href=\"https:\/\/www.tousergo.com\/blog\/wp-content\/uploads\/2016\/11\/Photo-Pierre-Bouras-Site-Lesouffledunord-2.jpg\"><img loading=\"lazy\" class=\"wp-image-6738 size-full\" src=\"https:\/\/www.tousergo.com\/blog\/wp-content\/uploads\/2016\/11\/Photo-Pierre-Bouras-Site-Lesouffledunord-2.jpg\" alt=\"L'IMOCA du Souffle du Nord pour le Projet Imagine\" width=\"768\" height=\"512\" srcset=\"https:\/\/www.tousergo.com\/blog\/wp-content\/uploads\/2016\/11\/Photo-Pierre-Bouras-Site-Lesouffledunord-2.jpg 768w, https:\/\/www.tousergo.com\/blog\/wp-content\/uploads\/2016\/11\/Photo-Pierre-Bouras-Site-Lesouffledunord-2-300x200.jpg 300w\" sizes=\"(max-width: 768px) 100vw, 768px\" \/><\/a><figcaption id=\"caption-attachment-6738\" class=\"wp-caption-text\">L&rsquo;IMOCA du Souffle du Nord pour le Projet Imagine &#8211; Cr\u00e9dit : Pierre Bouras \/ Le Souffle du Nord<\/figcaption><\/figure>\n<p>Et tant qu\u2019\u00e0 avoir un r\u00eave, autant qu\u2019il soit partag\u00e9. L\u2019envie \u00e9tait donc de vivre avec le plus grands nombre cette aventure humaine et sportive, en f\u00e9d\u00e9rant un public large et en embarquant des jeunes\u00a0! Nous nous sommes organis\u00e9s en association sous la banni\u00e8re du \u00a0\u00ab <strong>Souffle du Nord<\/strong>\u00a0\u00bb. 175 entreprises m\u00e9c\u00e8nes ont soutenu le projet en acceptant de rester dans l\u2019ombre. Des milliers de particuliers ont aussi soutenu avec des fonds mais aussi avec du temps\u00a0! Nous \u00e9tions pr\u00e8s de 500 supporters ce dimanche 6 novembre aux Sables d\u2019Olonne, d\u00e8s 5h du matin, \u00e0 attendre de voir notre bateau passer.<\/p>\n<figure id=\"attachment_6739\" aria-describedby=\"caption-attachment-6739\" style=\"width: 812px\" class=\"wp-caption aligncenter\"><a href=\"https:\/\/www.tousergo.com\/blog\/wp-content\/uploads\/2016\/11\/Photo-Pierre-Bouras-Site-Lesouffledunord.jpg\"><img loading=\"lazy\" class=\"wp-image-6739 size-full\" src=\"https:\/\/www.tousergo.com\/blog\/wp-content\/uploads\/2016\/11\/Photo-Pierre-Bouras-Site-Lesouffledunord.jpg\" alt=\"Les supporters du Souffle du Nord, dimanche matin, avant le d\u00e9part du Vend\u00e9e Globe\" width=\"812\" height=\"541\" srcset=\"https:\/\/www.tousergo.com\/blog\/wp-content\/uploads\/2016\/11\/Photo-Pierre-Bouras-Site-Lesouffledunord.jpg 812w, https:\/\/www.tousergo.com\/blog\/wp-content\/uploads\/2016\/11\/Photo-Pierre-Bouras-Site-Lesouffledunord-300x200.jpg 300w, https:\/\/www.tousergo.com\/blog\/wp-content\/uploads\/2016\/11\/Photo-Pierre-Bouras-Site-Lesouffledunord-768x512.jpg 768w\" sizes=\"(max-width: 812px) 100vw, 812px\" \/><\/a><figcaption id=\"caption-attachment-6739\" class=\"wp-caption-text\">Les supporters du Souffle du Nord, dimanche matin, avant le d\u00e9part du Vend\u00e9e Globe &#8211; Cr\u00e9dit : Pierre Bouras \/ Le Souffle du Nord<\/figcaption><\/figure>\n<h2><span style=\"color: #53798f;\">Le r\u00eave d&rsquo;un marin Dunkerquois, Thomas Ruyant<\/span><\/h2>\n<p>Le r\u00eave d\u2019un marin dunkerquois tellement attachant\u00a0! Thomas Ruyant, un sportif de haut niveau qui avait le <strong>Vend\u00e9e Globe<\/strong> dans sa ligne de mire mais n\u2019avait jusqu\u2019\u00e0 lors pas le sponsor ni le bateau.<\/p>\n<figure id=\"attachment_6736\" aria-describedby=\"caption-attachment-6736\" style=\"width: 960px\" class=\"wp-caption aligncenter\"><a href=\"https:\/\/www.tousergo.com\/blog\/wp-content\/uploads\/2016\/11\/Thomas-Ruyant-Photo-Facebook-Le-souffle-du-nord.jpg\"><img loading=\"lazy\" class=\"wp-image-6736 size-full\" src=\"https:\/\/www.tousergo.com\/blog\/wp-content\/uploads\/2016\/11\/Thomas-Ruyant-Photo-Facebook-Le-souffle-du-nord.jpg\" alt=\"Thomas Ruyant\" width=\"960\" height=\"640\" srcset=\"https:\/\/www.tousergo.com\/blog\/wp-content\/uploads\/2016\/11\/Thomas-Ruyant-Photo-Facebook-Le-souffle-du-nord.jpg 960w, https:\/\/www.tousergo.com\/blog\/wp-content\/uploads\/2016\/11\/Thomas-Ruyant-Photo-Facebook-Le-souffle-du-nord-300x200.jpg 300w, https:\/\/www.tousergo.com\/blog\/wp-content\/uploads\/2016\/11\/Thomas-Ruyant-Photo-Facebook-Le-souffle-du-nord-768x512.jpg 768w\" sizes=\"(max-width: 960px) 100vw, 960px\" \/><\/a><figcaption id=\"caption-attachment-6736\" class=\"wp-caption-text\">Thomas Ruyant &#8211; Cr\u00e9dit : Page Facebook \u00ab\u00a0Le Souffle du Nord pour le Projet Imagine\u00a0\u00bb<\/figcaption><\/figure>\n<h2><span style=\"color: #53798f;\">Le r\u00eave d&rsquo;une journaliste humaniste, Fr\u00e9d\u00e9rique Bedos<\/span><\/h2>\n<p>Et enfin le r\u00eave d\u2019une journaliste humaniste, qui ambitionne de changer le regard sur le monde en racontant de belles histoires, avec un m\u00e9dia d\u2019esp\u00e9rance. Raconter la l\u00e9gende du Colibri qui fait sa part \u00e0 travers des portraits de \u00ab\u00a0h\u00e9ros anonymes\u00a0\u00bb. Fr\u00e9d\u00e9rique Bedos a lanc\u00e9 son mouvement \u00ab\u00a0<strong>Le Projet Imagine<\/strong>\u00a0\u00bb il y a quelques ann\u00e9es et se bat contre vents et mar\u00e9es pour le faire connaitre au grand public. Elle r\u00eavait d\u2019une belle mise en lumi\u00e8re.<\/p>\n<\/p>\n<h2><span style=\"color: #53798f;\">D\u00e9part de Thomas Ruyant pour le Vend\u00e9e Globe 2016<\/span><\/h2>\n<p>Et voil\u00e0 que \u00ab <strong>Le Souffle du Nord pour le Projet Imagine<\/strong>\u00a0\u00bb vient de prendre la mer ce dimanche parmi les 29 bateaux qui vont faire le tour de la plan\u00e8te pendant les 3 prochains mois.<\/p>\n<figure id=\"attachment_6737\" aria-describedby=\"caption-attachment-6737\" style=\"width: 1000px\" class=\"wp-caption aligncenter\"><a href=\"https:\/\/www.tousergo.com\/blog\/wp-content\/uploads\/2016\/11\/PBO_1048-web-Photo-site-Lesouffledunord.jpg\"><img loading=\"lazy\" class=\"wp-image-6737 size-full\" src=\"https:\/\/www.tousergo.com\/blog\/wp-content\/uploads\/2016\/11\/PBO_1048-web-Photo-site-Lesouffledunord.jpg\" alt=\"L'IMOCA de Thomas Ruyant parmi les autres concurrents\" width=\"1000\" height=\"667\" srcset=\"https:\/\/www.tousergo.com\/blog\/wp-content\/uploads\/2016\/11\/PBO_1048-web-Photo-site-Lesouffledunord.jpg 1000w, https:\/\/www.tousergo.com\/blog\/wp-content\/uploads\/2016\/11\/PBO_1048-web-Photo-site-Lesouffledunord-300x200.jpg 300w, https:\/\/www.tousergo.com\/blog\/wp-content\/uploads\/2016\/11\/PBO_1048-web-Photo-site-Lesouffledunord-768x512.jpg 768w\" sizes=\"(max-width: 1000px) 100vw, 1000px\" \/><\/a><figcaption id=\"caption-attachment-6737\" class=\"wp-caption-text\">L&rsquo;IMOCA de Thomas Ruyant parmi les autres concurrents &#8211; Cr\u00e9dit : Le Souffle du Nord<\/figcaption><\/figure>\n<p>Il arbore fi\u00e8rement dans ses voiles un gigantesque colibri, symbole du projet Imagine, et porte donc haut et fort ce message de solidarit\u00e9. Thomas, notre marin, \u00e9tait \u00e9mu aux larmes. Et nous donc\u00a0!<\/p>\n<p>Voyez plut\u00f4t cette vid\u00e9o\u00a0:<\/p>\n<p><a href=\"https:\/\/www.facebook.com\/lesouffledunord\/videos\/2140355076190385\/\">https:\/\/www.facebook.com\/lesouffledunord\/videos\/2140355076190385\/<\/a><\/p>\n<p>Et n\u2019h\u00e9sitez pas \u00e0 <strong><span style=\"color: #53798f;\"><a style=\"color: #53798f;\" href=\"https:\/\/www.vendeeglobe.org\/fr\/\" target=\"_blank\" rel=\"noopener\">suivre la course en direct sur le site du Vend\u00e9e Globe<\/a>.<\/span><\/strong><\/p>\n<p>S\u2019il vous vient l\u2019envie de rejoindre le clan des m\u00e9c\u00e8nes ou des supporters, c\u2019est avec joie que nous vous accueillons !<\/p>\n<p>Pour en savoir plus, suivez ces liens :<\/p>\n<ul>\n<li><span style=\"color: #53798f;\"><a style=\"color: #53798f;\" href=\"https:\/\/www.leprojetimagine.com\/\" target=\"_blank\" rel=\"noopener\">Site du <strong>Projet Imagine<\/strong><\/a><\/span><\/li>\n<li><span style=\"color: #53798f;\"><a style=\"color: #53798f;\" href=\"http:\/\/www.lesouffledunord.com\/\">Site du <strong>Souffle du Nord<\/strong><\/a><\/span><\/li>\n<li><span style=\"color: #53798f;\"><a style=\"color: #53798f;\" href=\"https:\/\/www.facebook.com\/lesouffledunord\/\" target=\"_blank\" rel=\"noopener\">Rejoindre le <strong>Souffle du Nord<\/strong> sur Facebook<\/a><\/span><\/li>\n<li><span style=\"color: #53798f;\"><a style=\"color: #53798f;\" href=\"https:\/\/twitter.com\/lesouffledunord\" target=\"_blank\" rel=\"noopener\">Suivre le <strong>Souffle du Nord<\/strong> sur Twitter<\/a><\/span><\/li>\n<li><span style=\"color: #53798f;\"><a style=\"color: #53798f;\" href=\"https:\/\/www.vendeeglobe.org\/fr\/\" target=\"_blank\" rel=\"noopener\">Site du <strong>Vend\u00e9e Globe<\/strong><\/a><\/span><\/li>\n<\/ul>\n<div style=\"width: 100%; padding: 20px; background: #EEEEEE;\"><strong>Je reste inform\u00e9 des\u00a0actualit\u00e9s Tous ergo !<\/strong><br \/>\nPour tout savoir de nos\u00a0derniers articles, de nos promotions mais aussi\u00a0de\u00a0nos nouveaut\u00e9s\u00a0produits, avez-vous pens\u00e9 \u00e0 vous inscrire \u00e0 notre newsletter ?<br \/>\nPour le faire, c&rsquo;est tr\u00e8s simple. D&rsquo;abord, rendez-vous sur\u00a0la <a href=\"https:\/\/www.tousergo.com\/\" target=\"_blank\" rel=\"noopener\">page d&rsquo;accueil de notre site<\/a>. Ensuite, inscrivez\u00a0votre adresse e-mail dans le champs \u00ab\u00a0Newsletter\u00a0\u00bb, en bas \u00e0 gauche de la page. Et voil\u00e0, vous \u00eates inscrit\u00a0!<br \/>\nPS : On est aussi sur <a href=\"https:\/\/www.facebook.com\/tousergo\" target=\"_blank\" rel=\"noopener\">Facebook<\/a> et <a href=\"https:\/\/twitter.com\/\" target=\"_blank\" rel=\"noopener\">Twitter<\/a>\u00a0\ud83d\ude09<\/div>\n","protected":false},"excerpt":{"rendered":"<p class=\"u-txt-sm u-txt-dark u-d-desktop u-w-100\">La 8\u00e8me \u00e9dition du Vend\u00e9e Globe a \u00e9t\u00e9 lanc\u00e9e dimanche 6 novembre dernier. Tous ergo est partenaire du Souffle du...<\/p>\n<button class=\"c-btn--unstyled u-font-weight-bold u-txt-primary u-txt-sm\">\n\t\t\tLire l\u2019article\n\t\t\t<span class=\"c-icon--24 u-ml-1\"><img src=\"https:\/\/www.tousergo.com\/blog\/wp-content\/themes\/tousergo\/img\/icons\/arrow-right-circle-fill.svg\" alt=\"\"><\/span>\n\t<\/button>","protected":false},"author":11,"featured_media":0,"comment_status":"open","ping_status":"open","sticky":false,"template":"","format":"standard","meta":[],"categories":[14,11],"tags":[463,580,775,855],"yoast_head":"<!-- This site is optimized with the Yoast SEO plugin v15.7 - https:\/\/yoast.com\/wordpress\/plugins\/seo\/ -->\n<title>Vend\u00e9e Globe : grand d\u00e9part pour Thomas Ruyant et le Souffle du Nord<\/title>\n<meta name=\"description\" content=\"Retour sur le lancement du Vend\u00e9e Globe 2016 auquel Thibaut a assist\u00e9. Et pour cause : Tous ergo est partenaire du Souffle du Nord pour le projet Imagine.\" \/>\n<meta name=\"robots\" content=\"index, follow, max-snippet:-1, max-image-preview:large, max-video-preview:-1\" \/>\n<link rel=\"canonical\" href=\"https:\/\/www.tousergo.com\/blog\/retour-sur-le-lancement-du-vendee-globe\/\" \/>\n<meta property=\"og:locale\" content=\"fr_FR\" \/>\n<meta property=\"og:type\" content=\"article\" \/>\n<meta property=\"og:title\" content=\"Vend\u00e9e Globe : grand d\u00e9part pour Thomas Ruyant et le Souffle du Nord\" \/>\n<meta property=\"og:description\" content=\"Retour sur le lancement du Vend\u00e9e Globe 2016 auquel Thibaut a assist\u00e9. Et pour cause : Tous ergo est partenaire du Souffle du Nord pour le projet Imagine.\" \/>\n<meta property=\"og:url\" content=\"https:\/\/www.tousergo.com\/blog\/retour-sur-le-lancement-du-vendee-globe\/\" \/>\n<meta property=\"og:site_name\" content=\"Blog Tous ergo\" \/>\n<meta property=\"article:publisher\" content=\"https:\/\/www.facebook.com\/tousergo\/\" \/>\n<meta property=\"article:published_time\" content=\"2016-11-09T08:00:03+00:00\" \/>\n<meta property=\"article:modified_time\" content=\"2022-01-04T15:56:28+00:00\" \/>\n<meta property=\"og:image\" content=\"https:\/\/www.tousergo.com\/blog\/wp-content\/uploads\/2016\/11\/Photo-Pierre-Delobel-Partenaire-du-Souffle-du-Nord-1024x680.jpg\" \/>\n<meta name=\"twitter:card\" content=\"summary_large_image\" \/>\n<meta name=\"twitter:creator\" content=\"@tousergo\" \/>\n<meta name=\"twitter:site\" content=\"@tousergo\" \/>\n<meta name=\"twitter:label1\" content=\"Dur\u00e9e de lecture est.\">\n\t<meta name=\"twitter:data1\" content=\"5 minutes\">\n<script type=\"application\/ld+json\" class=\"yoast-schema-graph\">{\"@context\":\"https:\/\/schema.org\",\"@graph\":[{\"@type\":\"WebSite\",\"@id\":\"https:\/\/www.tousergo.com\/blog\/#website\",\"url\":\"https:\/\/www.tousergo.com\/blog\/\",\"name\":\"Blog Tous ergo\",\"description\":\"Toutes les solutions pour l&#039;autonomie \\u00e0 domicile\",\"potentialAction\":[{\"@type\":\"SearchAction\",\"target\":\"https:\/\/www.tousergo.com\/blog\/?s={search_term_string}\",\"query-input\":\"required name=search_term_string\"}],\"inLanguage\":\"fr-FR\"},{\"@type\":\"ImageObject\",\"@id\":\"https:\/\/www.tousergo.com\/blog\/retour-sur-le-lancement-du-vendee-globe\/#primaryimage\",\"inLanguage\":\"fr-FR\",\"url\":\"https:\/\/www.tousergo.com\/blog\/wp-content\/uploads\/2016\/11\/Photo-Pierre-Delobel-Partenaire-du-Souffle-du-Nord.jpg\",\"width\":2048,\"height\":1360},{\"@type\":\"WebPage\",\"@id\":\"https:\/\/www.tousergo.com\/blog\/retour-sur-le-lancement-du-vendee-globe\/#webpage\",\"url\":\"https:\/\/www.tousergo.com\/blog\/retour-sur-le-lancement-du-vendee-globe\/\",\"name\":\"Vend\\u00e9e Globe : grand d\\u00e9part pour Thomas Ruyant et le Souffle du Nord\",\"isPartOf\":{\"@id\":\"https:\/\/www.tousergo.com\/blog\/#website\"},\"primaryImageOfPage\":{\"@id\":\"https:\/\/www.tousergo.com\/blog\/retour-sur-le-lancement-du-vendee-globe\/#primaryimage\"},\"datePublished\":\"2016-11-09T08:00:03+00:00\",\"dateModified\":\"2022-01-04T15:56:28+00:00\",\"author\":{\"@id\":\"https:\/\/www.tousergo.com\/blog\/#\/schema\/person\/e6a2441c3652ce39ed048f223c36f97e\"},\"description\":\"Retour sur le lancement du Vend\\u00e9e Globe 2016 auquel Thibaut a assist\\u00e9. Et pour cause : Tous ergo est partenaire du Souffle du Nord pour le projet Imagine.\",\"breadcrumb\":{\"@id\":\"https:\/\/www.tousergo.com\/blog\/retour-sur-le-lancement-du-vendee-globe\/#breadcrumb\"},\"inLanguage\":\"fr-FR\",\"potentialAction\":[{\"@type\":\"ReadAction\",\"target\":[\"https:\/\/www.tousergo.com\/blog\/retour-sur-le-lancement-du-vendee-globe\/\"]}]},{\"@type\":\"BreadcrumbList\",\"@id\":\"https:\/\/www.tousergo.com\/blog\/retour-sur-le-lancement-du-vendee-globe\/#breadcrumb\",\"itemListElement\":[{\"@type\":\"ListItem\",\"position\":1,\"item\":{\"@type\":\"WebPage\",\"@id\":\"https:\/\/www.tousergo.com\/blog\/\",\"url\":\"https:\/\/www.tousergo.com\/blog\/\",\"name\":\"Accueil\"}},{\"@type\":\"ListItem\",\"position\":2,\"item\":{\"@type\":\"WebPage\",\"@id\":\"https:\/\/www.tousergo.com\/blog\/retour-sur-le-lancement-du-vendee-globe\/\",\"url\":\"https:\/\/www.tousergo.com\/blog\/retour-sur-le-lancement-du-vendee-globe\/\",\"name\":\"Vend\\u00e9e Globe 2016 : grand d\\u00e9part pour Thomas Ruyant et le Souffle du Nord\"}}]},{\"@type\":\"Person\",\"@id\":\"https:\/\/www.tousergo.com\/blog\/#\/schema\/person\/e6a2441c3652ce39ed048f223c36f97e\",\"name\":\"Victoria\",\"image\":{\"@type\":\"ImageObject\",\"@id\":\"https:\/\/www.tousergo.com\/blog\/#personlogo\",\"inLanguage\":\"fr-FR\",\"url\":\"https:\/\/secure.gravatar.com\/avatar\/c7be45fa188ad1e0d0abfa43171e66e0?s=96&d=mm&r=g\",\"caption\":\"Victoria\"}}]}<\/script>\n<!-- \/ Yoast SEO plugin. -->","_links":{"self":[{"href":"https:\/\/www.tousergo.com\/blog\/wp-json\/wp\/v2\/posts\/6732"}],"collection":[{"href":"https:\/\/www.tousergo.com\/blog\/wp-json\/wp\/v2\/posts"}],"about":[{"href":"https:\/\/www.tousergo.com\/blog\/wp-json\/wp\/v2\/types\/post"}],"author":[{"embeddable":true,"href":"https:\/\/www.tousergo.com\/blog\/wp-json\/wp\/v2\/users\/11"}],"replies":[{"embeddable":true,"href":"https:\/\/www.tousergo.com\/blog\/wp-json\/wp\/v2\/comments?post=6732"}],"version-history":[{"count":2,"href":"https:\/\/www.tousergo.com\/blog\/wp-json\/wp\/v2\/posts\/6732\/revisions"}],"predecessor-version":[{"id":18551,"href":"https:\/\/www.tousergo.com\/blog\/wp-json\/wp\/v2\/posts\/6732\/revisions\/18551"}],"wp:attachment":[{"href":"https:\/\/www.tousergo.com\/blog\/wp-json\/wp\/v2\/media?parent=6732"}],"wp:term":[{"taxonomy":"category","embeddable":true,"href":"https:\/\/www.tousergo.com\/blog\/wp-json\/wp\/v2\/categories?post=6732"},{"taxonomy":"post_tag","embeddable":true,"href":"https:\/\/www.tousergo.com\/blog\/wp-json\/wp\/v2\/tags?post=6732"}],"curies":[{"name":"wp","href":"https:\/\/api.w.org\/{rel}","templated":true}]}}