{"id":7602,"date":"2017-05-01T09:00:40","date_gmt":"2017-05-01T07:00:40","guid":{"rendered":"https:\/\/www.tousergo.com\/blog\/?p=7602"},"modified":"2021-04-13T10:25:10","modified_gmt":"2021-04-13T08:25:10","slug":"le-defi-dalois","status":"publish","type":"post","link":"https:\/\/www.tousergo.com\/blog\/le-defi-dalois\/","title":{"rendered":"On a aim\u00e9 : Le D\u00e9fi d\u2019Alo\u00efs, quand p\u00e9daler fait avancer la recherche contre la maladie d\u2019Alzheimer"},"content":{"rendered":"<p><strong><span style=\"color: #53798f;\">P\u00e9daler pour lutter contre une maladie, c&rsquo;est l&rsquo;id\u00e9e de Lucie, pr\u00e9sidente de l&rsquo;association\u00a0\u00ab\u00a0Le D\u00e9fi d\u2019Alo\u00efs\u00a0\u00bb<\/span><\/strong>. Le 21 mai prochain, elle s&rsquo;\u00e9lancera pour un p\u00e9riple de 1700 km le long du littoral Fran\u00e7ais, accompagn\u00e9 de son chien Roy. <strong><span style=\"color: #53798f;\">Son objectif : r\u00e9colter des dons pour faire avancer\u00a0la recherche contre la maladie d\u2019Alzheimer<\/span><\/strong>.<\/p>\n<p><a href=\"https:\/\/www.tousergo.com\/blog\/wp-content\/uploads\/2017\/02\/nb.jpg\"><img loading=\"lazy\" class=\"aligncenter wp-image-7604 size-full\" src=\"https:\/\/www.tousergo.com\/blog\/wp-content\/uploads\/2017\/02\/nb.jpg\" alt=\"Lucie et Roy vont p\u00e9daler pour l'association Le D\u00e9fi d\u2019Alo\u00efs\" width=\"1200\" height=\"630\" srcset=\"https:\/\/www.tousergo.com\/blog\/wp-content\/uploads\/2017\/02\/nb.jpg 1200w, https:\/\/www.tousergo.com\/blog\/wp-content\/uploads\/2017\/02\/nb-300x158.jpg 300w, https:\/\/www.tousergo.com\/blog\/wp-content\/uploads\/2017\/02\/nb-768x403.jpg 768w, https:\/\/www.tousergo.com\/blog\/wp-content\/uploads\/2017\/02\/nb-1024x538.jpg 1024w\" sizes=\"(max-width: 1200px) 100vw, 1200px\" \/><\/a><\/p>\n<p><!--more--><\/p>\n<p>Depuis fin janvier 2016 en effet, Lucie se pr\u00e9pare avec ardeur \u00e0 r\u00e9aliser le premier d\u00e9fi sportif de son association. Il s&rsquo;agira pour elle de relier Bray Dunes, dans le Nord (59), \u00e0 Hendaye, dans les Pyr\u00e9n\u00e9es-Atlantiques (64). Soit 1700 kilom\u00e8tre de voyage, de la fronti\u00e8re Belge \u00e0 la fronti\u00e8re Espagnole. Sacr\u00e9 parcours !<\/p>\n<p>Qui de mieux que la principale int\u00e9ress\u00e9e pour nous en parler ? Lucie a gentiment accept\u00e9 de nous en dire plus sur son association et sur le d\u00e9fi qu&rsquo;elle s&rsquo;est lanc\u00e9.<\/p>\n<\/p>\n<h2><span style=\"color: #53798f;\">Interview de Lucie, pr\u00e9sidente de l&rsquo;association Le D\u00e9fi d\u2019Alo\u00efs<\/span><\/h2>\n<h3><em>Pouvez-vous vous pr\u00e9senter et nous parler de Roy, votre compagnon de route\u00a0?<\/em><\/h3>\n<p>Je m\u2019appelle Lucie, je suis n\u00e9e \u00e0 Limoges mais j\u2019ai atterri \u00e0 Lyon pour mes \u00e9tudes. Aujourd\u2019hui, je suis Assistante de gestion. Mon compagnon de route pour ce d\u00e9fi s\u2019appelle Roy, c\u2019est mon Berger allemand 10 ans. Cela fait donc 10 ans qu\u2019il m\u2019accompagne et que nous faisons plein de choses ensemble\u00a0!<img loading=\"lazy\" class=\"aligncenter size-full wp-image-7896\" src=\"https:\/\/www.tousergo.com\/blog\/wp-content\/uploads\/2017\/04\/IMG_0019.jpg\" alt=\"Lucie et son chien Roy\" width=\"1200\" height=\"630\" srcset=\"https:\/\/www.tousergo.com\/blog\/wp-content\/uploads\/2017\/04\/IMG_0019.jpg 1200w, https:\/\/www.tousergo.com\/blog\/wp-content\/uploads\/2017\/04\/IMG_0019-300x158.jpg 300w, https:\/\/www.tousergo.com\/blog\/wp-content\/uploads\/2017\/04\/IMG_0019-768x403.jpg 768w, https:\/\/www.tousergo.com\/blog\/wp-content\/uploads\/2017\/04\/IMG_0019-1024x538.jpg 1024w\" sizes=\"(max-width: 1200px) 100vw, 1200px\" \/><\/p>\n<p>Cela me parait naturel de l\u2019emmener avec moi pour ce d\u00e9fi. C\u2019est quand m\u00eame super d\u2019avoir son chien comme compagnon de voyage. Et puis honn\u00eatement, si je n\u2019avais pas pu le prendre j\u2019aurais fait demi-tour\u00a0!<\/p>\n<\/p>\n<h3><em>Pourquoi avoir lanc\u00e9 votre association, Le D\u00e9fi d\u2019Alo\u00efs\u00a0? Pourquoi ce nom\u00a0?<\/em><\/h3>\n<p>J\u2019ai lanc\u00e9 mon association parce que la maladie d\u2019Alzheimer a \u00e9t\u00e9 diagnostiqu\u00e9e chez mon papa il y a 4 ou 5 ans. Comme il n\u2019y a pas de solution m\u00e9dicamenteuse, j\u2019ai r\u00e9fl\u00e9chis \u00e0 ce que je pouvais faire de mon c\u00f4t\u00e9 pour faire avancer les choses. D\u2019o\u00f9 la naissance des D\u00e9fi d\u2019Alo\u00efs, dont l\u2019objectif est de r\u00e9aliser des d\u00e9fis sportifs pour r\u00e9colter des dons, qui seront revers\u00e9s \u00e0 la recherche.<\/p>\n<p>Ce nom fait r\u00e9f\u00e9rence au m\u00e9decin qui \u00e0 d\u00e9couvert cette maladie\u00a0: le docteur Alo\u00efs Alzheimer.<\/p>\n<h3><\/h3>\n<h3><em>\u00cates-vous en lien avec l\u2019association France Alzheimer\u00a0?<\/em><\/h3>\n<p>Oui\u00a0! Nous avons beaucoup de liens. <a href=\"https:\/\/www.tousergo.com\/blog\/2017\/03\/27\/association-france-alzheimer\/\" target=\"_blank\" rel=\"noopener\">France Alzheimer<\/a> m\u2019aide beaucoup, que ce soit pour la partie gestion logistique, l\u2019obtention de contacts, de visuels\u2026 Ils m\u2019apportent une vraie visibilit\u00e9 puisqu\u2019ils ont \u00e9crit des articles sur moi, ce qui a int\u00e9ress\u00e9 notamment les radios et les journaux locaux.<\/p>\n<p>Ils m\u2019ont aussi aid\u00e9 \u00e0 organiser <a href=\"https:\/\/www.ledefidalois.com\/soiree-de-lancement-defi-dalois\/\" target=\"_blank\" rel=\"noopener\">la soir\u00e9e de lancement de mon association, qui a eu lieu le 14 janvier dernier<\/a>.<\/p>\n<p>Quelques jours avant mon d\u00e9fi, nous pr\u00e9voyons de faire un \u00ab\u00a0faux d\u00e9part\u00a0\u00bb ensemble. Nous p\u00e9dalerons dans les rues de Lyon et nous comptons bien attirer l\u2019attention avec les sonnettes de nos v\u00e9los\u00a0!<\/p>\n<div style=\"width: 90%; padding: 20px; background: #dc5290; text-align: left;\"><span style=\"color: #ffffff;\">Participez au faux-d\u00e9part avec Lucie !<\/span><br \/>\n<span style=\"color: #ffffff;\"> <strong>Rendez-vous le 14 mai 2017 \u00e0 14h &#8211; Place Amp\u00e8re &#8211; 69000\u00a0Lyon.<\/strong><\/span><br \/>\n<span style=\"color: #ffffff;\"> Des t-shirt seront en vente sur place pour permettre \u00e0 tous d&rsquo;\u00eatre aux couleurs de l&rsquo;association.<\/span><\/div>\n<\/p>\n<h3><em>Votre premier d\u00e9fi sera de longer les c\u00f4tes Fran\u00e7aises, de la fronti\u00e8re Belge \u00e0 la fronti\u00e8re Espagnole. Pourquoi ce choix\u00a0?<\/em><\/h3>\n<p>Premi\u00e8rement, puisque je voulais aller du Nord au Sud de la France. Il s\u2019agissait de ce fait d\u2019\u00e9viter la ligne droite afin de ne pas avoir \u00e0 p\u00e9daler dans les cols de montagne. Avec mon chien et ma nacelle, j\u2019aurai 50 kg de charge \u00e0 tirer avec mon v\u00e9lo. Cela aurait donc \u00e9t\u00e9 compliqu\u00e9\u00a0!<\/p>\n<p>En plus, j\u2019aime beaucoup l\u2019oc\u00e9an et la c\u00f4te Atlantique. Pour mon bien \u00eatre, j\u2019ai besoin d\u2019\u00eatre proche de l\u2019oc\u00e9an une fois par an. J\u2019ai d\u2019ailleurs une maison de vacances en Charentes Maritimes.<\/p>\n<p><img loading=\"lazy\" class=\"aligncenter size-full wp-image-7897\" src=\"https:\/\/www.tousergo.com\/blog\/wp-content\/uploads\/2017\/04\/defi.jpg\" alt=\"Le d\u00e9fi : relier la c\u00f4te Belge \u00e0 la c\u00f4te Espagnole\" width=\"964\" height=\"434\" srcset=\"https:\/\/www.tousergo.com\/blog\/wp-content\/uploads\/2017\/04\/defi.jpg 964w, https:\/\/www.tousergo.com\/blog\/wp-content\/uploads\/2017\/04\/defi-300x135.jpg 300w, https:\/\/www.tousergo.com\/blog\/wp-content\/uploads\/2017\/04\/defi-768x346.jpg 768w\" sizes=\"(max-width: 964px) 100vw, 964px\" \/><\/p>\n<\/p>\n<h3><em>A quoi ressemblera votre quotidien durant ce d\u00e9fi\u00a0?<\/em><\/h3>\n<p>Pour mon voyage, j\u2019emm\u00e8ne ma tente et mon sac de couchage. Pour manger, je fr\u00e9quenterai les sup\u00e9rettes et les march\u00e9s. Je pars avec ma carte bleue quand m\u00eame, je ne vais pas aller p\u00eacher\u00a0!<\/p>\n<p>Je prends \u00e9galement un bidon flexible, qui se gonfle lorsque l\u2019on met de l\u2019eau \u00e0 l\u2019int\u00e9rieur et qui me permettra de faire ma toilette. J\u2019irai quand m\u00eame me couper les cheveux avant de partir, histoire d\u2019en avoir un peu moins \u00e0 laver\u00a0!<\/p>\n<p>Je compte aussi sur la solidarit\u00e9 des gens que je vais croiser sur ma route.<\/p>\n<\/p>\n<h3><em>Quels est votre objectif pour ce d\u00e9fi\u00a0?<\/em><\/h3>\n<p>L\u2019objectif est vraiment de r\u00e9colter un maximum de dons pour la recherche. Ce d\u00e9fi sera aussi l\u2019occasion de faire parler de la maladie ainsi que de l\u2019association France Alzheimer.<\/p>\n<p>L\u2019int\u00e9gralit\u00e9 des dons ainsi que les fonds r\u00e9colt\u00e9s gr\u00e2ce \u00e0 la vente <a href=\"https:\/\/www.ledefidalois.com\/produit\/tee-shirt-defi-dalois\/\" target=\"_blank\" rel=\"noopener\">du t-shirt de l\u2019association<\/a> seront revers\u00e9s \u00e0 la recherche.<\/p>\n<\/p>\n<h3><em>Qu\u2019attendez-vous personnellement de ce voyage\u00a0?<\/em><\/h3>\n<p>\u00c7a, je ne le saurai qu\u2019une fois que je l\u2019aurai effectu\u00e9\u00a0!<\/p>\n<p>Par contre, l\u2019id\u00e9e que je m\u2019en fais, c\u2019est d\u2019aller me chercher moi-m\u00eame. Je veux voir ce que j\u2019ai au fond de moi et de quoi je suis capable. C\u2019est mon premier voyage en v\u00e9lo, donc c\u2019est une sorte de test personnel avec moi-m\u00eame\u00a0!<\/p>\n<p><img loading=\"lazy\" class=\"aligncenter size-full wp-image-7898\" src=\"https:\/\/www.tousergo.com\/blog\/wp-content\/uploads\/2017\/04\/IMG_0135_contraste.jpg\" alt=\"Lucie et son chien Roy\" width=\"1200\" height=\"630\" srcset=\"https:\/\/www.tousergo.com\/blog\/wp-content\/uploads\/2017\/04\/IMG_0135_contraste.jpg 1200w, https:\/\/www.tousergo.com\/blog\/wp-content\/uploads\/2017\/04\/IMG_0135_contraste-300x158.jpg 300w, https:\/\/www.tousergo.com\/blog\/wp-content\/uploads\/2017\/04\/IMG_0135_contraste-768x403.jpg 768w, https:\/\/www.tousergo.com\/blog\/wp-content\/uploads\/2017\/04\/IMG_0135_contraste-1024x538.jpg 1024w\" sizes=\"(max-width: 1200px) 100vw, 1200px\" \/><\/p>\n<\/p>\n<h3><em>Avez-vous des inqui\u00e9tudes particuli\u00e8res avant le d\u00e9part\u00a0?<\/em><\/h3>\n<p>Je n\u2019ai pas de grandes inqui\u00e9tudes, mais je redoute tout de m\u00eame de tomber ou de me blesser et de ne pas pouvoir terminer mon parcours.<\/p>\n<\/p>\n<h3><em>Et apr\u00e8s ce d\u00e9fi\u00a0? Avez-vous des projets pour l\u2019avenir de votre association\u00a0?<\/em><\/h3>\n<p>J\u2019attends d\u00e9j\u00e0 de voir ce que donne ce 1<sup>er<\/sup> d\u00e9fi et quelles en seront les retomb\u00e9es. J\u2019y mets tout de m\u00eame toute mon \u00e9nergie depuis plus d\u2019un an\u00a0!<\/p>\n<p>En tout cas, si d\u2019autres d\u00e9fis sont organis\u00e9s, je souhaite m\u2019ouvrir au public et ne plus \u00eatre toute seule. Ce sera toujours dans le cadre sportif et toujours en v\u00e9lo. L\u2019itin\u00e9raire importe peu, l\u2019essentiel c\u2019est le voyage\u00a0!<\/p>\n<\/p>\n<h3><em>Un mot \u00e0 nos lecteurs\u00a0pour conclure ?<\/em><\/h3>\n<p><a href=\"https:\/\/www.ledefidalois.com\/faire-un-don\/\" target=\"_blank\" rel=\"noopener\">Osez faire un don<\/a> ! M\u00eame s\u2019il s\u2019agit d\u2019un petit don, c\u2019est d\u00e9j\u00e0 beaucoup pour nous. Plus nous obtiendrons de dons, plus notre d\u00e9fi aura un sens. <a href=\"https:\/\/www.ledefidalois.com\/produit\/tee-shirt-defi-dalois\/\" target=\"_blank\" rel=\"noopener\">Vous pouvez aussi acqu\u00e9rir notre tee-shirt en vous rendant sur notre site<\/a>.<\/p>\n<\/p>\n<p>En savoir plus :<\/p>\n<ul>\n<li><a href=\"https:\/\/www.ledefidalois.com\/\" target=\"_blank\" rel=\"noopener\">Site web de l&rsquo;association<\/a><\/li>\n<li><a href=\"https:\/\/www.facebook.com\/LeDefidAlois\/\" target=\"_blank\" rel=\"noopener\">Page Facebook\u00a0<\/a><\/li>\n<li><a href=\"https:\/\/twitter.com\/ledefidalois\" target=\"_blank\" rel=\"noopener\">Compte Twitter<\/a><\/li>\n<li><a href=\"https:\/\/www.instagram.com\/ledefidalois\/\" target=\"_blank\" rel=\"noopener\">Compte Instagram<\/a><\/li>\n<\/ul>\n<div style=\"width: 90%; padding: 20px; background: #eeeeee; text-align: left;\"><span style=\"color: #53798f;\"><em><strong>Et si vous preniez\u00a0de nos nouvelles ?<\/strong><\/em><\/span><br \/>\nEn vous inscrivant \u00e0 notre lettre d&rsquo;information, vous recevrez, une \u00e0 deux fois par mois, nos derniers articles\u00a0\u00e0 propos du handicap et du maintien \u00e0 domicile. Nous vous communiquerons aussi nos nouveaut\u00e9s produits et nos \u00e9ventuelles promotions.<br \/>\nCela vous int\u00e9resse\u00a0? Pour vous inscrire, direction\u00a0la <a href=\"https:\/\/www.tousergo.com\/\" target=\"_blank\" rel=\"noopener\">page d&rsquo;accueil de notre site<\/a>. Indiquez simplement votre adresse e-mail dans l&rsquo;encadr\u00e9 \u00ab\u00a0Newsletter\u00a0\u00bb, en bas \u00e0 gauche de la page. Voil\u00e0, c&rsquo;est fait \ud83d\ude09<br \/>\nPS : Vous pouvez aussi nous rejoindre sur\u00a0<a href=\"https:\/\/www.facebook.com\/tousergo\" target=\"_blank\" rel=\"noopener\">Facebook<\/a> et <a href=\"https:\/\/twitter.com\/tousergo\" target=\"_blank\" rel=\"noopener\">Twitter<\/a>\u00a0!<\/div>\n","protected":false},"excerpt":{"rendered":"<p class=\"u-txt-sm u-txt-dark u-d-desktop u-w-100\">P\u00e9daler pour lutter contre une maladie, c&rsquo;est l&rsquo;id\u00e9e de Lucie, pr\u00e9sidente de l&rsquo;association\u00a0\u00ab\u00a0Le D\u00e9fi d\u2019Alo\u00efs\u00a0\u00bb. Le 21 mai prochain, elle...<\/p>\n<button class=\"c-btn--unstyled u-font-weight-bold u-txt-primary u-txt-sm\">\n\t\t\tLire l\u2019article\n\t\t\t<span class=\"c-icon--24 u-ml-1\"><img src=\"https:\/\/www.tousergo.com\/blog\/wp-content\/themes\/tousergo\/img\/icons\/arrow-right-circle-fill.svg\" alt=\"\"><\/span>\n\t<\/button>","protected":false},"author":11,"featured_media":0,"comment_status":"open","ping_status":"open","sticky":false,"template":"","format":"standard","meta":[],"categories":[2,19,11],"tags":[83,108,460,516],"yoast_head":"<!-- This site is optimized with the Yoast SEO plugin v15.7 - https:\/\/yoast.com\/wordpress\/plugins\/seo\/ -->\n<title>On a aim\u00e9 : Le D\u00e9fi d\u2019Alo\u00efs, quand p\u00e9daler fait avancer la recherche contre la maladie d\u2019Alzheimer | Tous ergo<\/title>\n<meta name=\"description\" content=\"P\u00e9daler pour lutter contre la maladie d&#039;Alzheimer, c&#039;est l&#039;id\u00e9e de Lucie, pr\u00e9sidente de l&#039;association \u00ab Le D\u00e9fi d\u2019Alo\u00efs \u00bb. Interview.\" \/>\n<meta name=\"robots\" content=\"index, follow, max-snippet:-1, max-image-preview:large, max-video-preview:-1\" \/>\n<link rel=\"canonical\" href=\"https:\/\/www.tousergo.com\/blog\/le-defi-dalois\/\" \/>\n<meta property=\"og:locale\" content=\"fr_FR\" \/>\n<meta property=\"og:type\" content=\"article\" \/>\n<meta property=\"og:title\" content=\"On a aim\u00e9 : Le D\u00e9fi d\u2019Alo\u00efs, quand p\u00e9daler fait avancer la recherche contre la maladie d\u2019Alzheimer | Tous ergo\" \/>\n<meta property=\"og:description\" content=\"P\u00e9daler pour lutter contre la maladie d&#039;Alzheimer, c&#039;est l&#039;id\u00e9e de Lucie, pr\u00e9sidente de l&#039;association \u00ab Le D\u00e9fi d\u2019Alo\u00efs \u00bb. Interview.\" \/>\n<meta property=\"og:url\" content=\"https:\/\/www.tousergo.com\/blog\/le-defi-dalois\/\" \/>\n<meta property=\"og:site_name\" content=\"Blog Tous ergo\" \/>\n<meta property=\"article:publisher\" content=\"https:\/\/www.facebook.com\/tousergo\/\" \/>\n<meta property=\"article:published_time\" content=\"2017-05-01T07:00:40+00:00\" \/>\n<meta property=\"article:modified_time\" content=\"2021-04-13T08:25:10+00:00\" \/>\n<meta property=\"og:image\" content=\"https:\/\/www.tousergo.com\/blog\/wp-content\/uploads\/2017\/02\/nb.jpg\" \/>\n<meta name=\"twitter:card\" content=\"summary_large_image\" \/>\n<meta name=\"twitter:creator\" content=\"@tousergo\" \/>\n<meta name=\"twitter:site\" content=\"@tousergo\" \/>\n<meta name=\"twitter:label1\" content=\"Dur\u00e9e de lecture est.\">\n\t<meta name=\"twitter:data1\" content=\"6 minutes\">\n<script type=\"application\/ld+json\" class=\"yoast-schema-graph\">{\"@context\":\"https:\/\/schema.org\",\"@graph\":[{\"@type\":\"WebSite\",\"@id\":\"https:\/\/www.tousergo.com\/blog\/#website\",\"url\":\"https:\/\/www.tousergo.com\/blog\/\",\"name\":\"Blog Tous ergo\",\"description\":\"Toutes les solutions pour l&#039;autonomie \\u00e0 domicile\",\"potentialAction\":[{\"@type\":\"SearchAction\",\"target\":\"https:\/\/www.tousergo.com\/blog\/?s={search_term_string}\",\"query-input\":\"required name=search_term_string\"}],\"inLanguage\":\"fr-FR\"},{\"@type\":\"ImageObject\",\"@id\":\"https:\/\/www.tousergo.com\/blog\/le-defi-dalois\/#primaryimage\",\"inLanguage\":\"fr-FR\",\"url\":\"https:\/\/www.tousergo.com\/blog\/wp-content\/uploads\/2017\/02\/nb.jpg\",\"width\":1200,\"height\":630,\"caption\":\"Lucie et Roy vont p\\u00e9daler pour l'association Le D\\u00e9fi d'Alo\\u00efs\"},{\"@type\":\"WebPage\",\"@id\":\"https:\/\/www.tousergo.com\/blog\/le-defi-dalois\/#webpage\",\"url\":\"https:\/\/www.tousergo.com\/blog\/le-defi-dalois\/\",\"name\":\"On a aim\\u00e9 : Le D\\u00e9fi d\\u2019Alo\\u00efs, quand p\\u00e9daler fait avancer la recherche contre la maladie d\\u2019Alzheimer | Tous ergo\",\"isPartOf\":{\"@id\":\"https:\/\/www.tousergo.com\/blog\/#website\"},\"primaryImageOfPage\":{\"@id\":\"https:\/\/www.tousergo.com\/blog\/le-defi-dalois\/#primaryimage\"},\"datePublished\":\"2017-05-01T07:00:40+00:00\",\"dateModified\":\"2021-04-13T08:25:10+00:00\",\"author\":{\"@id\":\"https:\/\/www.tousergo.com\/blog\/#\/schema\/person\/e6a2441c3652ce39ed048f223c36f97e\"},\"description\":\"P\\u00e9daler pour lutter contre la maladie d'Alzheimer, c'est l'id\\u00e9e de Lucie, pr\\u00e9sidente de l'association \\u00ab Le D\\u00e9fi d\\u2019Alo\\u00efs \\u00bb. Interview.\",\"breadcrumb\":{\"@id\":\"https:\/\/www.tousergo.com\/blog\/le-defi-dalois\/#breadcrumb\"},\"inLanguage\":\"fr-FR\",\"potentialAction\":[{\"@type\":\"ReadAction\",\"target\":[\"https:\/\/www.tousergo.com\/blog\/le-defi-dalois\/\"]}]},{\"@type\":\"BreadcrumbList\",\"@id\":\"https:\/\/www.tousergo.com\/blog\/le-defi-dalois\/#breadcrumb\",\"itemListElement\":[{\"@type\":\"ListItem\",\"position\":1,\"item\":{\"@type\":\"WebPage\",\"@id\":\"https:\/\/www.tousergo.com\/blog\/\",\"url\":\"https:\/\/www.tousergo.com\/blog\/\",\"name\":\"Accueil\"}},{\"@type\":\"ListItem\",\"position\":2,\"item\":{\"@type\":\"WebPage\",\"@id\":\"https:\/\/www.tousergo.com\/blog\/le-defi-dalois\/\",\"url\":\"https:\/\/www.tousergo.com\/blog\/le-defi-dalois\/\",\"name\":\"On a aim\\u00e9 : Le D\\u00e9fi d\\u2019Alo\\u00efs, quand p\\u00e9daler fait avancer la recherche contre la maladie d\\u2019Alzheimer\"}}]},{\"@type\":\"Person\",\"@id\":\"https:\/\/www.tousergo.com\/blog\/#\/schema\/person\/e6a2441c3652ce39ed048f223c36f97e\",\"name\":\"Victoria\",\"image\":{\"@type\":\"ImageObject\",\"@id\":\"https:\/\/www.tousergo.com\/blog\/#personlogo\",\"inLanguage\":\"fr-FR\",\"url\":\"https:\/\/secure.gravatar.com\/avatar\/c7be45fa188ad1e0d0abfa43171e66e0?s=96&d=mm&r=g\",\"caption\":\"Victoria\"}}]}<\/script>\n<!-- \/ Yoast SEO plugin. -->","_links":{"self":[{"href":"https:\/\/www.tousergo.com\/blog\/wp-json\/wp\/v2\/posts\/7602"}],"collection":[{"href":"https:\/\/www.tousergo.com\/blog\/wp-json\/wp\/v2\/posts"}],"about":[{"href":"https:\/\/www.tousergo.com\/blog\/wp-json\/wp\/v2\/types\/post"}],"author":[{"embeddable":true,"href":"https:\/\/www.tousergo.com\/blog\/wp-json\/wp\/v2\/users\/11"}],"replies":[{"embeddable":true,"href":"https:\/\/www.tousergo.com\/blog\/wp-json\/wp\/v2\/comments?post=7602"}],"version-history":[{"count":1,"href":"https:\/\/www.tousergo.com\/blog\/wp-json\/wp\/v2\/posts\/7602\/revisions"}],"predecessor-version":[{"id":16328,"href":"https:\/\/www.tousergo.com\/blog\/wp-json\/wp\/v2\/posts\/7602\/revisions\/16328"}],"wp:attachment":[{"href":"https:\/\/www.tousergo.com\/blog\/wp-json\/wp\/v2\/media?parent=7602"}],"wp:term":[{"taxonomy":"category","embeddable":true,"href":"https:\/\/www.tousergo.com\/blog\/wp-json\/wp\/v2\/categories?post=7602"},{"taxonomy":"post_tag","embeddable":true,"href":"https:\/\/www.tousergo.com\/blog\/wp-json\/wp\/v2\/tags?post=7602"}],"curies":[{"name":"wp","href":"https:\/\/api.w.org\/{rel}","templated":true}]}}