{"id":8170,"date":"2017-06-14T09:00:48","date_gmt":"2017-06-14T07:00:48","guid":{"rendered":"https:\/\/www.tousergo.com\/blog\/?p=8170"},"modified":"2021-04-13T10:39:47","modified_gmt":"2021-04-13T08:39:47","slug":"lutte-contre-la-maltraitance-des-personnes-agees","status":"publish","type":"post","link":"https:\/\/www.tousergo.com\/blog\/lutte-contre-la-maltraitance-des-personnes-agees\/","title":{"rendered":"Journ\u00e9e mondiale de lutte contre la maltraitance des personnes \u00e2g\u00e9es"},"content":{"rendered":"<p>Demain, comme tous les 15 juin, se d\u00e9roulera la <strong>journ\u00e9e mondiale de lutte contre la maltraitance des personnes \u00e2g\u00e9es<\/strong>. Une journ\u00e9e qui a bien s\u00fbr pour objectif de sensibiliser l&rsquo;opinion publique sur ce fl\u00e9au qui touche des millions de seniors dans le monde.<\/p>\n<p><img loading=\"lazy\" decoding=\"async\" class=\"aligncenter wp-image-8175 size-full\" src=\"https:\/\/www.tousergo.com\/blog\/wp-content\/uploads\/2017\/05\/Fotolia_64705960_M.jpg\" alt=\"Journ\u00e9e mondiale de lutte contre la maltraitance des personnes \u00e2g\u00e9es\" width=\"1230\" height=\"630\" srcset=\"https:\/\/www.tousergo.com\/blog\/wp-content\/uploads\/2017\/05\/Fotolia_64705960_M.jpg 1230w, https:\/\/www.tousergo.com\/blog\/wp-content\/uploads\/2017\/05\/Fotolia_64705960_M-300x154.jpg 300w, https:\/\/www.tousergo.com\/blog\/wp-content\/uploads\/2017\/05\/Fotolia_64705960_M-768x393.jpg 768w, https:\/\/www.tousergo.com\/blog\/wp-content\/uploads\/2017\/05\/Fotolia_64705960_M-1024x524.jpg 1024w\" sizes=\"auto, (max-width: 1230px) 100vw, 1230px\" \/><\/p>\n<p><!--more--><\/p>\n<h2><span style=\"color: #53798f;\">La maltraitance des personnes \u00e2g\u00e9es en question<\/span><\/h2>\n<p><strong>Sujet tabou, la maltraitance est un ph\u00e9nom\u00e8ne auquel un senior sur dix est pourtant confront\u00e9 chaque mois dans le monde <a href=\"https:\/\/www.who.int\/mediacentre\/factsheets\/fs357\/fr\/\">selon l\u2019OMS<\/a><\/strong>. Un chiffre qui serait largement sous-estim\u00e9 puisque seul un acte malveillant sur 24 serait signal\u00e9\u00a0! Cela s\u2019explique par la peur de repr\u00e9sailles, mais aussi par le fait que les victimes elles-m\u00eames peuvent ne pas \u00eatre en pleine possession de leurs moyens, et donc ne pas r\u00e9aliser la situation.<\/p>\n<p>En effet, la maltraitance peut \u00eatre physique (coups, blessures, \u2026), mais \u00e9galement psychologique (humiliation, menace, harc\u00e8lement, insultes, \u2026), financi\u00e8re (vol) et m\u00eame m\u00e9dicale (privation de traitement, contention abusive, \u2026). Rappelons aussi que la n\u00e9gligence entre \u00e9galement dans le cadre de la maltraitance.<\/p>\n<p>Malheureusement, <strong>qu\u2019elles vivent chez elles ou en institution, les personnes \u00e2g\u00e9es ne sont pas \u00e0 l\u2019abri de ce fl\u00e9au<\/strong>. L\u2019entourage, les soignants, les vendeurs en porte \u00e0 porte\u2026 Nombreuses sont les personnes pouvant en \u00eatre \u00e0 l\u2019initiative.<\/p>\n<p>En effet, une enqu\u00eate men\u00e9e aux Etats-Unis r\u00e9v\u00e8le que plus d\u2019un tiers des soignants ont d\u00e9j\u00e0 \u00e9t\u00e9 t\u00e9moin au moins une fois de violences physiques inflig\u00e9es \u00e0 un patient \u00e2g\u00e9 au cours de l\u2019ann\u00e9e \u00e9coul\u00e9e. Par ailleurs, ils sont 10% \u00e0 avoir reconnu avoir commis eux-m\u00eames au moins une fois un acte de violence physique. Ainsi, 40% d&rsquo;entre eux avouent avoir harcel\u00e9 psychologiquement des patients.<\/p>\n<p>D\u2019o\u00f9 l\u2019int\u00e9r\u00eat d\u2019<strong>assurer des actions de pr\u00e9vention et de d\u00e9noncer ces actes inacceptables<\/strong>\u00a0; surtout quand on sait que les actes de maltraitance risquent de s\u2019accro\u00eetre en raison du vieillissement de la population. En 2055 en effet, les plus de 60 ans devraient passer de 900 millions \u00e0 environ deux milliards d\u2019individus dans le monde.<\/p>\n<figure id=\"attachment_8176\" aria-describedby=\"caption-attachment-8176\" style=\"width: 400px\" class=\"wp-caption aligncenter\"><img loading=\"lazy\" decoding=\"async\" class=\"size-full wp-image-8176\" src=\"https:\/\/www.tousergo.com\/blog\/wp-content\/uploads\/2017\/05\/la_maltraitance_en_chiffres_infographie_agevillage.jpg\" alt=\"La maltraitance en chiffres, infographie AgeVillage\" width=\"400\" height=\"1000\" srcset=\"https:\/\/www.tousergo.com\/blog\/wp-content\/uploads\/2017\/05\/la_maltraitance_en_chiffres_infographie_agevillage.jpg 400w, https:\/\/www.tousergo.com\/blog\/wp-content\/uploads\/2017\/05\/la_maltraitance_en_chiffres_infographie_agevillage-120x300.jpg 120w\" sizes=\"auto, (max-width: 400px) 100vw, 400px\" \/><figcaption id=\"caption-attachment-8176\" class=\"wp-caption-text\">Infographie AgeVillage<\/figcaption><\/figure>\n<h2><span style=\"color: #53798f;\">Agir contre la maltraitance<\/span><\/h2>\n<p><strong>Si vous ou un proche \u00eates victime de maltraitance, ou que vous \u00eates t\u00e9moin d\u2019un acte de maltraitance, il faut le signaler\u00a0!<\/strong> Dans le dernier cas, il s\u2019agit d\u2019ailleurs d\u2019une <strong>obligation l\u00e9gale<\/strong>, m\u00eame dans l\u2019\u00e9ventualit\u00e9 o\u00f9 vous \u00eates soumis au secret professionnel.<\/p>\n<p>Il faut alors vous rapprocher des autorit\u00e9s administratives, de la police ou des services de justice.<\/p>\n<p><strong>Vous pouvez \u00e9galement composer le 3977<\/strong>. Ce service de t\u00e9l\u00e9phonique est g\u00e9r\u00e9 par la <strong><a href=\"http:\/\/www.le3977.info\/\">F\u00e9d\u00e9ration contre la maltraitance<\/a><\/strong>. Il a \u00e9t\u00e9 mis en place pour faciliter l\u2019expression de la parole des personnes concern\u00e9es et de leur entourage. <strong>Particuliers comme professionnels peuvent l\u2019utiliser pour effectuer un signalement<\/strong>.<\/p>\n<p><img loading=\"lazy\" decoding=\"async\" class=\"aligncenter size-full wp-image-8177\" src=\"https:\/\/www.tousergo.com\/blog\/wp-content\/uploads\/2017\/05\/Affiche-contre-la-maltraitance-des-personnes-\u00e2g\u00e9es.png\" alt=\"Affiche contre la maltraitance des personnes \u00e2g\u00e9es\" width=\"393\" height=\"546\" srcset=\"https:\/\/www.tousergo.com\/blog\/wp-content\/uploads\/2017\/05\/Affiche-contre-la-maltraitance-des-personnes-\u00e2g\u00e9es.png 393w, https:\/\/www.tousergo.com\/blog\/wp-content\/uploads\/2017\/05\/Affiche-contre-la-maltraitance-des-personnes-\u00e2g\u00e9es-216x300.png 216w\" sizes=\"auto, (max-width: 393px) 100vw, 393px\" \/><\/p>\n<\/p>\n<p><em>En savoir plus\u00a0:<\/em><\/p>\n<ul>\n<li><strong><a href=\"http:\/\/www.le3977.info\/\">F\u00e9d\u00e9ration contre la maltraitance<\/a><\/strong><\/li>\n<li><strong><a href=\"http:\/\/www.agevillage.com\/actualite-14131-1-dossier-maltraitance-personne-agee.html\">Article sur le sujet d\u2019AgeVillage<\/a><\/strong><\/li>\n<\/ul>\n<div style=\"width: 90%; padding: 20px; background: #eeeeee; text-align: left;\"><span style=\"color: #53798f;\"><em><strong>Et si on restait en contact ?<\/strong><\/em><\/span><br \/>\nEn vous inscrivant \u00e0 notre lettre d&rsquo;information, vous recevrez, une \u00e0 deux fois par mois, nos derniers articles\u00a0\u00e0 propos du handicap et du maintien \u00e0 domicile. Nous vous communiquerons aussi nos nouveaut\u00e9s produits et nos \u00e9ventuelles promotions.<br \/>\nCela vous int\u00e9resse\u00a0? Pour vous inscrire, direction\u00a0la <a href=\"https:\/\/www.tousergo.com\/\" target=\"_blank\" rel=\"noopener noreferrer\">page d&rsquo;accueil de notre site<\/a>. Indiquez simplement votre adresse e-mail dans l&rsquo;encadr\u00e9 \u00ab\u00a0Newsletter\u00a0\u00bb, en bas \u00e0 gauche de la page. Voil\u00e0, c&rsquo;est fait \ud83d\ude09<br \/>\nPS : Vous pouvez aussi nous rejoindre sur\u00a0<a href=\"https:\/\/www.facebook.com\/tousergo\" target=\"_blank\" rel=\"noopener noreferrer\">Facebook<\/a> et <a href=\"https:\/\/twitter.com\/tousergo\" target=\"_blank\" rel=\"noopener noreferrer\">Twitter<\/a>\u00a0!<\/div>\n","protected":false},"excerpt":{"rendered":"<p class=\"u-txt-sm u-txt-dark u-d-desktop u-w-100\">Demain, comme tous les 15 juin, se d\u00e9roulera la journ\u00e9e mondiale de lutte contre la maltraitance des personnes \u00e2g\u00e9es. Une...<\/p>\n<button class=\"c-btn--unstyled u-font-weight-bold u-txt-primary u-txt-sm\">\n\t\t\tLire l\u2019article\n\t\t\t<span class=\"c-icon--24 u-ml-1\"><img decoding=\"async\" src=\"https:\/\/www.tousergo.com\/blog\/wp-content\/themes\/tousergo\/img\/icons\/arrow-right-circle-fill.svg\" alt=\"\"><\/span>\n\t<\/button>","protected":false},"author":11,"featured_media":0,"comment_status":"open","ping_status":"open","sticky":false,"template":"","format":"standard","meta":{"footnotes":""},"categories":[2],"tags":[521,590],"class_list":["post-8170","post","type-post","status-publish","format-standard","hentry","category-conseils-et-solutions","tag-maltraitance","tag-personnes-agees"],"yoast_head":"<!-- This site is optimized with the Yoast SEO plugin v15.7 - https:\/\/yoast.com\/wordpress\/plugins\/seo\/ -->\n<title>Journ\u00e9e mondiale de lutte contre la maltraitance des personnes \u00e2g\u00e9es<\/title>\n<meta name=\"description\" content=\"Le 15 juin est d\u00e9di\u00e9 \u00e0 la luttre contre la maltraitance des personnes \u00e2g\u00e9es. Nous revenons sur la n\u00e9cessit\u00e9 d&#039;une telle journ\u00e9e.\" \/>\n<meta name=\"robots\" content=\"index, follow, max-snippet:-1, max-image-preview:large, max-video-preview:-1\" \/>\n<link rel=\"canonical\" href=\"https:\/\/www.tousergo.com\/blog\/lutte-contre-la-maltraitance-des-personnes-agees\/\" \/>\n<meta property=\"og:locale\" content=\"fr_FR\" \/>\n<meta property=\"og:type\" content=\"article\" \/>\n<meta property=\"og:title\" content=\"Journ\u00e9e mondiale de lutte contre la maltraitance des personnes \u00e2g\u00e9es\" \/>\n<meta property=\"og:description\" content=\"Le 15 juin est d\u00e9di\u00e9 \u00e0 la luttre contre la maltraitance des personnes \u00e2g\u00e9es. Nous revenons sur la n\u00e9cessit\u00e9 d&#039;une telle journ\u00e9e.\" \/>\n<meta property=\"og:url\" content=\"https:\/\/www.tousergo.com\/blog\/lutte-contre-la-maltraitance-des-personnes-agees\/\" \/>\n<meta property=\"og:site_name\" content=\"Blog Tous ergo\" \/>\n<meta property=\"article:publisher\" content=\"https:\/\/www.facebook.com\/tousergo\/\" \/>\n<meta property=\"article:published_time\" content=\"2017-06-14T07:00:48+00:00\" \/>\n<meta property=\"article:modified_time\" content=\"2021-04-13T08:39:47+00:00\" \/>\n<meta property=\"og:image\" content=\"https:\/\/www.tousergo.com\/blog\/wp-content\/uploads\/2017\/05\/Fotolia_64705960_M.jpg\" \/>\n<meta name=\"twitter:card\" content=\"summary_large_image\" \/>\n<meta name=\"twitter:creator\" content=\"@tousergo\" \/>\n<meta name=\"twitter:site\" content=\"@tousergo\" \/>\n<meta name=\"twitter:label1\" content=\"Dur\u00e9e de lecture est.\">\n\t<meta name=\"twitter:data1\" content=\"3 minutes\">\n<script type=\"application\/ld+json\" class=\"yoast-schema-graph\">{\"@context\":\"https:\/\/schema.org\",\"@graph\":[{\"@type\":\"WebSite\",\"@id\":\"https:\/\/www.tousergo.com\/blog\/#website\",\"url\":\"https:\/\/www.tousergo.com\/blog\/\",\"name\":\"Blog Tous ergo\",\"description\":\"Toutes les solutions pour l&#039;autonomie \\u00e0 domicile\",\"potentialAction\":[{\"@type\":\"SearchAction\",\"target\":\"https:\/\/www.tousergo.com\/blog\/?s={search_term_string}\",\"query-input\":\"required name=search_term_string\"}],\"inLanguage\":\"fr-FR\"},{\"@type\":\"ImageObject\",\"@id\":\"https:\/\/www.tousergo.com\/blog\/lutte-contre-la-maltraitance-des-personnes-agees\/#primaryimage\",\"inLanguage\":\"fr-FR\",\"url\":\"https:\/\/www.tousergo.com\/blog\/wp-content\/uploads\/2017\/05\/Fotolia_64705960_M.jpg\",\"width\":1230,\"height\":630,\"caption\":\"Journ\\u00e9e mondiale de lutte contre la maltraitance des personnes \\u00e2g\\u00e9es\"},{\"@type\":\"WebPage\",\"@id\":\"https:\/\/www.tousergo.com\/blog\/lutte-contre-la-maltraitance-des-personnes-agees\/#webpage\",\"url\":\"https:\/\/www.tousergo.com\/blog\/lutte-contre-la-maltraitance-des-personnes-agees\/\",\"name\":\"Journ\\u00e9e mondiale de lutte contre la maltraitance des personnes \\u00e2g\\u00e9es\",\"isPartOf\":{\"@id\":\"https:\/\/www.tousergo.com\/blog\/#website\"},\"primaryImageOfPage\":{\"@id\":\"https:\/\/www.tousergo.com\/blog\/lutte-contre-la-maltraitance-des-personnes-agees\/#primaryimage\"},\"datePublished\":\"2017-06-14T07:00:48+00:00\",\"dateModified\":\"2021-04-13T08:39:47+00:00\",\"author\":{\"@id\":\"https:\/\/www.tousergo.com\/blog\/#\/schema\/person\/e6a2441c3652ce39ed048f223c36f97e\"},\"description\":\"Le 15 juin est d\\u00e9di\\u00e9 \\u00e0 la luttre contre la maltraitance des personnes \\u00e2g\\u00e9es. Nous revenons sur la n\\u00e9cessit\\u00e9 d'une telle journ\\u00e9e.\",\"breadcrumb\":{\"@id\":\"https:\/\/www.tousergo.com\/blog\/lutte-contre-la-maltraitance-des-personnes-agees\/#breadcrumb\"},\"inLanguage\":\"fr-FR\",\"potentialAction\":[{\"@type\":\"ReadAction\",\"target\":[\"https:\/\/www.tousergo.com\/blog\/lutte-contre-la-maltraitance-des-personnes-agees\/\"]}]},{\"@type\":\"BreadcrumbList\",\"@id\":\"https:\/\/www.tousergo.com\/blog\/lutte-contre-la-maltraitance-des-personnes-agees\/#breadcrumb\",\"itemListElement\":[{\"@type\":\"ListItem\",\"position\":1,\"item\":{\"@type\":\"WebPage\",\"@id\":\"https:\/\/www.tousergo.com\/blog\/\",\"url\":\"https:\/\/www.tousergo.com\/blog\/\",\"name\":\"Accueil\"}},{\"@type\":\"ListItem\",\"position\":2,\"item\":{\"@type\":\"WebPage\",\"@id\":\"https:\/\/www.tousergo.com\/blog\/lutte-contre-la-maltraitance-des-personnes-agees\/\",\"url\":\"https:\/\/www.tousergo.com\/blog\/lutte-contre-la-maltraitance-des-personnes-agees\/\",\"name\":\"Journ\\u00e9e mondiale de lutte contre la maltraitance des personnes \\u00e2g\\u00e9es\"}}]},{\"@type\":\"Person\",\"@id\":\"https:\/\/www.tousergo.com\/blog\/#\/schema\/person\/e6a2441c3652ce39ed048f223c36f97e\",\"name\":\"Victoria\",\"image\":{\"@type\":\"ImageObject\",\"@id\":\"https:\/\/www.tousergo.com\/blog\/#personlogo\",\"inLanguage\":\"fr-FR\",\"url\":\"https:\/\/secure.gravatar.com\/avatar\/738a5bd162af343a7cfc2b1d53a2da48853b8d23aa06515d8b4444affa3c4c76?s=96&d=mm&r=g\",\"caption\":\"Victoria\"}}]}<\/script>\n<!-- \/ Yoast SEO plugin. -->","_links":{"self":[{"href":"https:\/\/www.tousergo.com\/blog\/wp-json\/wp\/v2\/posts\/8170","targetHints":{"allow":["GET"]}}],"collection":[{"href":"https:\/\/www.tousergo.com\/blog\/wp-json\/wp\/v2\/posts"}],"about":[{"href":"https:\/\/www.tousergo.com\/blog\/wp-json\/wp\/v2\/types\/post"}],"author":[{"embeddable":true,"href":"https:\/\/www.tousergo.com\/blog\/wp-json\/wp\/v2\/users\/11"}],"replies":[{"embeddable":true,"href":"https:\/\/www.tousergo.com\/blog\/wp-json\/wp\/v2\/comments?post=8170"}],"version-history":[{"count":2,"href":"https:\/\/www.tousergo.com\/blog\/wp-json\/wp\/v2\/posts\/8170\/revisions"}],"predecessor-version":[{"id":17233,"href":"https:\/\/www.tousergo.com\/blog\/wp-json\/wp\/v2\/posts\/8170\/revisions\/17233"}],"wp:attachment":[{"href":"https:\/\/www.tousergo.com\/blog\/wp-json\/wp\/v2\/media?parent=8170"}],"wp:term":[{"taxonomy":"category","embeddable":true,"href":"https:\/\/www.tousergo.com\/blog\/wp-json\/wp\/v2\/categories?post=8170"},{"taxonomy":"post_tag","embeddable":true,"href":"https:\/\/www.tousergo.com\/blog\/wp-json\/wp\/v2\/tags?post=8170"}],"curies":[{"name":"wp","href":"https:\/\/api.w.org\/{rel}","templated":true}]}}