{"id":8220,"date":"2017-06-07T09:00:13","date_gmt":"2017-06-07T07:00:13","guid":{"rendered":"https:\/\/www.tousergo.com\/blog\/?p=8220"},"modified":"2021-04-13T10:37:55","modified_gmt":"2021-04-13T08:37:55","slug":"registre-public-daccessibilite","status":"publish","type":"post","link":"https:\/\/www.tousergo.com\/blog\/registre-public-daccessibilite\/","title":{"rendered":"Le Registre public d\u2019accessibilit\u00e9, une obligation pour les ERP"},"content":{"rendered":"<p><strong>D\u00e8s le 30 septembre prochain, les \u00e9tablissements recevant du public (ERP) devront mettre un Registre public d\u2019accessibilit\u00e9 \u00e0 la disposition de leurs visiteurs<\/strong>. Cette d\u00e9cision a \u00e9t\u00e9 prise par <a href=\"https:\/\/www.legifrance.gouv.fr\/affichTexte.do?dateTexte=&amp;categorieLien=id&amp;cidTexte=JORFTEXT000034307896&amp;fastPos=6&amp;fastReqId=219477087&amp;oldAction=rechExpTexteJorf\" target=\"_blank\" rel=\"noopener noreferrer\">un d\u00e9cret publi\u00e9 au Journal Officiel le 30 mars 2017<\/a>\u00a0; et fait suite \u00e0 <a href=\"https:\/\/www.legifrance.gouv.fr\/eli\/ordonnance\/2014\/9\/26\/2014-1090\/jo\/texte\" target=\"_blank\" rel=\"noopener noreferrer\">l\u2019ordonnance du 26 septembre 2014 concernant la mise en accessibilit\u00e9 des ERP<\/a>.<\/p>\n<p><img loading=\"lazy\" class=\"aligncenter wp-image-8218 size-full\" src=\"https:\/\/www.tousergo.com\/blog\/wp-content\/uploads\/2017\/05\/illustration-registre-ERP.jpg\" alt=\"Registre public d\u2019accessibilit\u00e9 : image d'illustration\" width=\"1200\" height=\"630\" srcset=\"https:\/\/www.tousergo.com\/blog\/wp-content\/uploads\/2017\/05\/illustration-registre-ERP.jpg 1200w, https:\/\/www.tousergo.com\/blog\/wp-content\/uploads\/2017\/05\/illustration-registre-ERP-300x158.jpg 300w, https:\/\/www.tousergo.com\/blog\/wp-content\/uploads\/2017\/05\/illustration-registre-ERP-768x403.jpg 768w, https:\/\/www.tousergo.com\/blog\/wp-content\/uploads\/2017\/05\/illustration-registre-ERP-1024x538.jpg 1024w\" sizes=\"(max-width: 1200px) 100vw, 1200px\" \/><\/p>\n<p>Ce document obligatoire devra \u00eatre consultable sur place. Il pourra \u00e9ventuellement \u00eatre disponible sous forme d\u00e9mat\u00e9rialis\u00e9e, c\u2019est-\u00e0-dire sur le site Internet de l\u2019\u00e9tablissement par exemple.<\/p>\n<p><!--more--><\/p>\n<p>Le registre permettra au propri\u00e9taire de l\u2019\u00e9tablissement de d\u00e9tailler les dispositions qu\u2019il a prises pour permettre un acc\u00e8s de son \u00e9tablissement \u00e0 tous les publics, et notamment aux personnes handicap\u00e9es ou \u00e0 mobilit\u00e9 r\u00e9duite. Il s\u2019agit \u00e9galement de garantir que tout un chacun puisse b\u00e9n\u00e9ficier des \u00ab\u00a0<em>prestations en vue desquelles l&rsquo;\u00e9tablissement concern\u00e9 a \u00e9t\u00e9 con\u00e7u<\/em>\u00a0\u00bb.<\/p>\n<p>Sa mise \u00e0 jour r\u00e9guli\u00e8re sera obligatoire.<\/p>\n<\/p>\n<h2><span style=\"color: #53798f;\">Contenu du Registre public d\u2019accessibilit\u00e9<\/span><\/h2>\n<p>Selon <a href=\"https:\/\/www.legifrance.gouv.fr\/eli\/arrete\/2017\/4\/19\/LHAL1614039A\/jo\/texte\" target=\"_blank\" rel=\"noopener noreferrer\">l\u2019arr\u00eat\u00e9 publi\u00e9 au Journal Officiel le 22 avril dernier<\/a>, le registre public d\u2019accessibilit\u00e9 devra contenir\u00a0:<\/p>\n<ul>\n<li><em>\u00ab\u00a0Une information compl\u00e8te sur les prestations fournies dans l&rsquo;\u00e9tablissement ;<\/em><\/li>\n<li><em>La liste des pi\u00e8ces administratives et techniques relatives \u00e0 l&rsquo;accessibilit\u00e9 de l&rsquo;\u00e9tablissement aux personnes handicap\u00e9es ;<\/em><\/li>\n<li><em>La description des actions de formation des personnels charg\u00e9s de l&rsquo;accueil des personnes handicap\u00e9es.\u00a0\u00bb<\/em><\/li>\n<\/ul>\n<p><img loading=\"lazy\" class=\"aligncenter size-full wp-image-5751\" src=\"https:\/\/www.tousergo.com\/blog\/wp-content\/uploads\/2016\/05\/rampe-fauteuil.jpg\" alt=\"\" width=\"981\" height=\"559\" srcset=\"https:\/\/www.tousergo.com\/blog\/wp-content\/uploads\/2016\/05\/rampe-fauteuil.jpg 981w, https:\/\/www.tousergo.com\/blog\/wp-content\/uploads\/2016\/05\/rampe-fauteuil-300x171.jpg 300w, https:\/\/www.tousergo.com\/blog\/wp-content\/uploads\/2016\/05\/rampe-fauteuil-768x438.jpg 768w\" sizes=\"(max-width: 981px) 100vw, 981px\" \/><\/p>\n<p>Ainsi, neuf pi\u00e8ces devront \u00eatre int\u00e9gr\u00e9es \u00e0 ce registre\u00a0:<\/p>\n<ul>\n<li><strong>Lorsque l\u2019ERP a \u00e9t\u00e9 construit r\u00e9cemment<\/strong>\u00a0: l&rsquo;attestation de conformit\u00e9 aux r\u00e8gles d&rsquo;accessibilit\u00e9 apr\u00e8s ach\u00e8vement des travaux ;<\/li>\n<li><strong>Lorsque l\u2019ERP est en conformit\u00e9 avec les r\u00e8gles d\u2019accessibilit\u00e9 du 31\/12\/2014<\/strong>\u00a0: l&rsquo;attestation d&rsquo;accessibilit\u00e9 ;<\/li>\n<li><strong>Dans le cas d\u2019une <a href=\"https:\/\/www.rampes-acces.com\/?page_id=6#6\" target=\"_blank\" rel=\"noopener noreferrer\">d\u00e9marche Ad\u2019AP<\/a><\/strong>\u00a0:\n<ul>\n<li>le calendrier de la mise en accessibilit\u00e9 de l&rsquo;ERP ;<\/li>\n<li>le bilan des travaux et actions de mise en accessibilit\u00e9 r\u00e9alis\u00e9s \u00e0 la moiti\u00e9 de la dur\u00e9e de l&rsquo;agenda, si l\u2019ERP fait l&rsquo;objet d&rsquo;un Ad\u2019AP comportant plus d&rsquo;une p\u00e9riode ;<\/li>\n<li>l&rsquo;attestation d&rsquo;ach\u00e8vement de l\u2019Ad\u2019AP, le cas \u00e9ch\u00e9ant ;<\/li>\n<\/ul>\n<\/li>\n<li><strong>Si l\u2019ERP dispose d\u2019une d\u00e9rogation<\/strong>\u00a0: l\u2019arr\u00eat\u00e9 pr\u00e9fectoral ;<\/li>\n<li><strong>Si l\u2019ERP a fait l&rsquo;objet d&rsquo;une autorisation de construire, d&rsquo;am\u00e9nager ou de modifier un \u00e9tablissement<\/strong>\u00a0: la notice d&rsquo;accessibilit\u00e9 ;<\/li>\n<li><strong>Dans tous les cas<\/strong>\u00a0:\n<ul>\n<li>Le document d&rsquo;aide \u00e0 l&rsquo;accueil des personnes handicap\u00e9es \u00e0 destination du personnel en contact avec le public ;<\/li>\n<li>Les modalit\u00e9s de maintenance des \u00e9quipements d&rsquo;accessibilit\u00e9 (ex : ascenseurs, \u00e9l\u00e9vateurs, rampes amovibles automatiques, etc.).<\/li>\n<\/ul>\n<\/li>\n<\/ul>\n<p><strong>Tous les ERP sont concern\u00e9s ind\u00e9pendamment de leur cat\u00e9gorie<\/strong>. Il faut aussi savoir que cette obligation s\u2019applique \u00e9galement aux transports en commun.<\/p>\n<\/p>\n<div style=\"width: 90%; padding: 20px; background: #dc5290; text-align: center;\"><strong><span style=\"color: #ffffff;\"><a style=\"color: #ffffff;\" href=\"https:\/\/www.tousergo.com\/blog\/2016\/03\/18\/rampe-dacces-erp\/\" target=\"_blank\" rel=\"noopener noreferrer\">Cliquez ici pour d\u00e9couvrir\u00a0quelle rampe d&rsquo;acc\u00e8s choisir pour votre ERP<\/a><\/span><\/strong><\/div>\n<\/p>\n<h3><em>Dispositions incombant aux ERP de 1<sup>\u00e8re<\/sup> \u00e0 4<sup>\u00e8me<\/sup> cat\u00e9gorie\u00a0: <\/em><\/h3>\n<p><a href=\"https:\/\/www.service-public.fr\/professionnels-entreprises\/vosdroits\/F32351\" target=\"_blank\" rel=\"noopener noreferrer\">Les \u00e9tablissements appartenant aux cat\u00e9gories 1 \u00e0 4<\/a>\u00a0doivent aussi inclure dans leur registre public d\u2019accessibilit\u00e9\u00a0une attestation sign\u00e9e. Celle-ci doit imp\u00e9rativement d\u00e9crire les actions de formation du personnel charg\u00e9 de l&rsquo;accueil des personnes handicap\u00e9es.<\/p>\n<p>Le registre devra \u00e9galement contenir les justificatifs de ces actions. Une mise \u00e0 jour annuelle devra en outre \u00eatre r\u00e9alis\u00e9e par l\u2019employeur.<\/p>\n<\/p>\n<p>En savoir plus\u00a0:\u00a0<a href=\"https:\/\/www.service-public.fr\/particuliers\/actualites\/A11557\" target=\"_blank\" rel=\"noopener noreferrer\">Site du service public<\/a><\/p>\n<p><a href=\"https:\/\/www.tousergo.com\/924-accessibilite-erp\" target=\"_blank\" rel=\"noopener\">D\u00e9couvrir toutes nos solutions d\u00e9di\u00e9es \u00e0 l&rsquo;accessibilit\u00e9 de votre ERP<\/a>.<\/p>\n<p><em>Vous avez des questions ? N&rsquo;h\u00e9sitez pas \u00e0 les poser en commentaire, nous tenterons d&rsquo;y r\u00e9pondre !<\/em><\/p>\n<div style=\"width: 90%; padding: 20px; background: #eeeeee; text-align: left;\"><span style=\"color: #53798f;\"><em><strong>Et si on restait en contact ?<\/strong><\/em><\/span><br \/>\nEn vous inscrivant \u00e0 notre lettre d&rsquo;information, vous recevrez nos derniers articles\u00a0\u00e0 propos du handicap et du maintien \u00e0 domicile, \u00e0 raison de deux fois par mois. Nous vous communiquerons aussi nos nouveaut\u00e9s produits et nos \u00e9ventuelles promotions.<br \/>\nCela vous int\u00e9resse\u00a0? Pour vous inscrire, direction\u00a0la <a href=\"https:\/\/www.tousergo.com\/\" target=\"_blank\" rel=\"noopener noreferrer\">page d&rsquo;accueil de notre site<\/a>. Indiquez simplement votre adresse e-mail dans l&rsquo;encadr\u00e9 \u00ab\u00a0Newsletter\u00a0\u00bb, en bas \u00e0 gauche de la page. Voil\u00e0, c&rsquo;est fait \ud83d\ude09<br \/>\nPS : Vous pouvez aussi nous rejoindre sur\u00a0<a href=\"https:\/\/www.facebook.com\/tousergo\" target=\"_blank\" rel=\"noopener noreferrer\">Facebook<\/a> et <a href=\"https:\/\/twitter.com\/tousergo\" target=\"_blank\" rel=\"noopener noreferrer\">Twitter<\/a>\u00a0!<\/div>\n","protected":false},"excerpt":{"rendered":"<p class=\"u-txt-sm u-txt-dark u-d-desktop u-w-100\">D\u00e8s le 30 septembre prochain, les \u00e9tablissements recevant du public (ERP) devront mettre un Registre public d\u2019accessibilit\u00e9 \u00e0 la disposition...<\/p>\n<button class=\"c-btn--unstyled u-font-weight-bold u-txt-primary u-txt-sm\">\n\t\t\tLire l\u2019article\n\t\t\t<span class=\"c-icon--24 u-ml-1\"><img src=\"https:\/\/www.tousergo.com\/blog\/wp-content\/themes\/tousergo\/img\/icons\/arrow-right-circle-fill.svg\" alt=\"\"><\/span>\n\t<\/button>","protected":false},"author":11,"featured_media":0,"comment_status":"open","ping_status":"open","sticky":false,"template":"","format":"standard","meta":[],"categories":[16,1252,2],"tags":[31,32,301,374,608],"yoast_head":"<!-- This site is optimized with the Yoast SEO plugin v15.7 - https:\/\/yoast.com\/wordpress\/plugins\/seo\/ -->\n<title>Le Registre public d\u2019accessibilit\u00e9, une obligation pour les ERP | Tous ergo<\/title>\n<meta name=\"description\" content=\"Nous d\u00e9taillons dans cet article l&#039;obligation pour les \u00e9tablissements recevant du public (ERP) d&#039;avoir un Registre public d\u2019accessibilit\u00e9 et son contenu.\" \/>\n<meta name=\"robots\" content=\"index, follow, max-snippet:-1, max-image-preview:large, max-video-preview:-1\" \/>\n<link rel=\"canonical\" href=\"https:\/\/www.tousergo.com\/blog\/registre-public-daccessibilite\/\" \/>\n<meta property=\"og:locale\" content=\"fr_FR\" \/>\n<meta property=\"og:type\" content=\"article\" \/>\n<meta property=\"og:title\" content=\"Le Registre public d\u2019accessibilit\u00e9, une obligation pour les ERP | Tous ergo\" \/>\n<meta property=\"og:description\" content=\"Nous d\u00e9taillons dans cet article l&#039;obligation pour les \u00e9tablissements recevant du public (ERP) d&#039;avoir un Registre public d\u2019accessibilit\u00e9 et son contenu.\" \/>\n<meta property=\"og:url\" content=\"https:\/\/www.tousergo.com\/blog\/registre-public-daccessibilite\/\" \/>\n<meta property=\"og:site_name\" content=\"Blog Tous ergo\" \/>\n<meta property=\"article:publisher\" content=\"https:\/\/www.facebook.com\/tousergo\/\" \/>\n<meta property=\"article:published_time\" content=\"2017-06-07T07:00:13+00:00\" \/>\n<meta property=\"article:modified_time\" content=\"2021-04-13T08:37:55+00:00\" \/>\n<meta property=\"og:image\" content=\"https:\/\/www.tousergo.com\/blog\/wp-content\/uploads\/2017\/05\/illustration-registre-ERP.jpg\" \/>\n<meta name=\"twitter:card\" content=\"summary_large_image\" \/>\n<meta name=\"twitter:creator\" content=\"@tousergo\" \/>\n<meta name=\"twitter:site\" content=\"@tousergo\" \/>\n<meta name=\"twitter:label1\" content=\"Dur\u00e9e de lecture est.\">\n\t<meta name=\"twitter:data1\" content=\"3 minutes\">\n<script type=\"application\/ld+json\" class=\"yoast-schema-graph\">{\"@context\":\"https:\/\/schema.org\",\"@graph\":[{\"@type\":\"WebSite\",\"@id\":\"https:\/\/www.tousergo.com\/blog\/#website\",\"url\":\"https:\/\/www.tousergo.com\/blog\/\",\"name\":\"Blog Tous ergo\",\"description\":\"Toutes les solutions pour l&#039;autonomie \\u00e0 domicile\",\"potentialAction\":[{\"@type\":\"SearchAction\",\"target\":\"https:\/\/www.tousergo.com\/blog\/?s={search_term_string}\",\"query-input\":\"required name=search_term_string\"}],\"inLanguage\":\"fr-FR\"},{\"@type\":\"ImageObject\",\"@id\":\"https:\/\/www.tousergo.com\/blog\/registre-public-daccessibilite\/#primaryimage\",\"inLanguage\":\"fr-FR\",\"url\":\"https:\/\/www.tousergo.com\/blog\/wp-content\/uploads\/2017\/05\/illustration-registre-ERP.jpg\",\"width\":1200,\"height\":630,\"caption\":\"Registre public d'accessibilit\\u00e9 : image d'illustration\"},{\"@type\":\"WebPage\",\"@id\":\"https:\/\/www.tousergo.com\/blog\/registre-public-daccessibilite\/#webpage\",\"url\":\"https:\/\/www.tousergo.com\/blog\/registre-public-daccessibilite\/\",\"name\":\"Le Registre public d\\u2019accessibilit\\u00e9, une obligation pour les ERP | Tous ergo\",\"isPartOf\":{\"@id\":\"https:\/\/www.tousergo.com\/blog\/#website\"},\"primaryImageOfPage\":{\"@id\":\"https:\/\/www.tousergo.com\/blog\/registre-public-daccessibilite\/#primaryimage\"},\"datePublished\":\"2017-06-07T07:00:13+00:00\",\"dateModified\":\"2021-04-13T08:37:55+00:00\",\"author\":{\"@id\":\"https:\/\/www.tousergo.com\/blog\/#\/schema\/person\/e6a2441c3652ce39ed048f223c36f97e\"},\"description\":\"Nous d\\u00e9taillons dans cet article l'obligation pour les \\u00e9tablissements recevant du public (ERP) d'avoir un Registre public d\\u2019accessibilit\\u00e9 et son contenu.\",\"breadcrumb\":{\"@id\":\"https:\/\/www.tousergo.com\/blog\/registre-public-daccessibilite\/#breadcrumb\"},\"inLanguage\":\"fr-FR\",\"potentialAction\":[{\"@type\":\"ReadAction\",\"target\":[\"https:\/\/www.tousergo.com\/blog\/registre-public-daccessibilite\/\"]}]},{\"@type\":\"BreadcrumbList\",\"@id\":\"https:\/\/www.tousergo.com\/blog\/registre-public-daccessibilite\/#breadcrumb\",\"itemListElement\":[{\"@type\":\"ListItem\",\"position\":1,\"item\":{\"@type\":\"WebPage\",\"@id\":\"https:\/\/www.tousergo.com\/blog\/\",\"url\":\"https:\/\/www.tousergo.com\/blog\/\",\"name\":\"Accueil\"}},{\"@type\":\"ListItem\",\"position\":2,\"item\":{\"@type\":\"WebPage\",\"@id\":\"https:\/\/www.tousergo.com\/blog\/registre-public-daccessibilite\/\",\"url\":\"https:\/\/www.tousergo.com\/blog\/registre-public-daccessibilite\/\",\"name\":\"Le Registre public d\\u2019accessibilit\\u00e9, une obligation pour les ERP\"}}]},{\"@type\":\"Person\",\"@id\":\"https:\/\/www.tousergo.com\/blog\/#\/schema\/person\/e6a2441c3652ce39ed048f223c36f97e\",\"name\":\"Victoria\",\"image\":{\"@type\":\"ImageObject\",\"@id\":\"https:\/\/www.tousergo.com\/blog\/#personlogo\",\"inLanguage\":\"fr-FR\",\"url\":\"https:\/\/secure.gravatar.com\/avatar\/c7be45fa188ad1e0d0abfa43171e66e0?s=96&d=mm&r=g\",\"caption\":\"Victoria\"}}]}<\/script>\n<!-- \/ Yoast SEO plugin. -->","_links":{"self":[{"href":"https:\/\/www.tousergo.com\/blog\/wp-json\/wp\/v2\/posts\/8220"}],"collection":[{"href":"https:\/\/www.tousergo.com\/blog\/wp-json\/wp\/v2\/posts"}],"about":[{"href":"https:\/\/www.tousergo.com\/blog\/wp-json\/wp\/v2\/types\/post"}],"author":[{"embeddable":true,"href":"https:\/\/www.tousergo.com\/blog\/wp-json\/wp\/v2\/users\/11"}],"replies":[{"embeddable":true,"href":"https:\/\/www.tousergo.com\/blog\/wp-json\/wp\/v2\/comments?post=8220"}],"version-history":[{"count":2,"href":"https:\/\/www.tousergo.com\/blog\/wp-json\/wp\/v2\/posts\/8220\/revisions"}],"predecessor-version":[{"id":16346,"href":"https:\/\/www.tousergo.com\/blog\/wp-json\/wp\/v2\/posts\/8220\/revisions\/16346"}],"wp:attachment":[{"href":"https:\/\/www.tousergo.com\/blog\/wp-json\/wp\/v2\/media?parent=8220"}],"wp:term":[{"taxonomy":"category","embeddable":true,"href":"https:\/\/www.tousergo.com\/blog\/wp-json\/wp\/v2\/categories?post=8220"},{"taxonomy":"post_tag","embeddable":true,"href":"https:\/\/www.tousergo.com\/blog\/wp-json\/wp\/v2\/tags?post=8220"}],"curies":[{"name":"wp","href":"https:\/\/api.w.org\/{rel}","templated":true}]}}