{"id":8932,"date":"2017-09-27T09:00:14","date_gmt":"2017-09-27T07:00:14","guid":{"rendered":"https:\/\/www.tousergo.com\/blog\/?p=8932"},"modified":"2021-04-13T11:28:41","modified_gmt":"2021-04-13T09:28:41","slug":"la-revue-aider","status":"publish","type":"post","link":"https:\/\/www.tousergo.com\/blog\/la-revue-aider\/","title":{"rendered":"La revue Aider\u00a0: le nouveau magazine de la Solidarit\u00e9"},"content":{"rendered":"<p>Parue pour la premi\u00e8re fois cet \u00e9t\u00e9 en juin 2017 par Jean-Paul Arif aux \u00e9ditions <span style=\"color: #53798f;\"><a style=\"color: #53798f;\" href=\"https:\/\/scrineo.fr\/\">Scrin\u00e9o<\/a><\/span>,<strong> la revue Aider a pour th\u00e8me principal la Solidarit\u00e9. V\u00e9ritable coup de c\u0153ur chez Tous ergo, on salue ce nouveau magazine engag\u00e9 pour les aidants<\/strong>, et dont le <span style=\"color: #53798f;\">deuxi\u00e8me num\u00e9ro<\/span> est fra\u00eechement sorti ce jeudi 21 septembre !<\/p>\n<figure id=\"attachment_8935\" aria-describedby=\"caption-attachment-8935\" style=\"width: 1200px\" class=\"wp-caption aligncenter\"><a href=\"https:\/\/www.tousergo.com\/blog\/wp-content\/uploads\/2017\/09\/Compo-12.png\"><img loading=\"lazy\" class=\"size-full wp-image-8935\" src=\"https:\/\/www.tousergo.com\/blog\/wp-content\/uploads\/2017\/09\/Compo-12.png\" alt=\"La revue Aider\" width=\"1200\" height=\"628\" srcset=\"https:\/\/www.tousergo.com\/blog\/wp-content\/uploads\/2017\/09\/Compo-12.png 1200w, https:\/\/www.tousergo.com\/blog\/wp-content\/uploads\/2017\/09\/Compo-12-300x157.png 300w, https:\/\/www.tousergo.com\/blog\/wp-content\/uploads\/2017\/09\/Compo-12-768x402.png 768w, https:\/\/www.tousergo.com\/blog\/wp-content\/uploads\/2017\/09\/Compo-12-1024x536.png 1024w\" sizes=\"(max-width: 1200px) 100vw, 1200px\" \/><\/a><figcaption id=\"caption-attachment-8935\" class=\"wp-caption-text\">Couvertures des num\u00e9ros 1 et 2 de la revue Aider<\/figcaption><\/figure>\n<h2><span style=\"color: #53798f;\">La revue Aider, qu\u2019est-ce que c\u2019est\u00a0?<\/span><\/h2>\n<p><!--more--><\/p>\n<p>A travers des actualit\u00e9s, des conseils, des d\u00e9bats ou des portraits, <strong>le magazine donne la parole aux aidants, aux b\u00e9n\u00e9voles et aux professionnels de la sant\u00e9<\/strong>, et invite \u00e0 s\u2019interroger sur des questions existentielles, \u00e0 prendre du recul sur son rapport \u00e0 autrui.<\/p>\n<p><strong>Color\u00e9e et pleine de vie<\/strong>, <strong>la revue Aider pr\u00f4ne l\u2019altruisme et a pour but de lutter contre l\u2019id\u00e9e que nous vivons dans un monde individualiste<\/strong>. En effet, V\u00e9ronique Ch\u00e2tel, r\u00e9dactrice en chef de la revue, explique qu\u2019<span style=\"color: #53798f;\">\u00a0<em>\u00ab<\/em>\u00a0il <em>y a environ 16 millions de b\u00e9n\u00e9voles, de gens engag\u00e9s dans des associations qui sont pr\u00eats \u00e0 donner du temps pour transmettre des savoirs ou accompagner des gens<\/em>\u00a0<em>\u00bb<\/em>.<\/span> Et qu\u2019il y a \u00e9galement <em><span style=\"color: #53798f;\">\u00ab\u00a0environ 11 millions de proches aidants (\u2026) de personnes malades en perte d&rsquo;autonomie ou handicap\u00e9es\u00a0\u00bb<\/span>. <\/em>Ce sont \u00e0 ces <strong>v\u00e9ritables h\u00e9ros<\/strong> qu\u2019est destin\u00e9e la revue Aider.<\/p>\n<p><strong>\u00ab\u00a0S\u2019engager pour les autres, s\u2019engager pour un proche\u00a0\u00bb<\/strong>, le slogan du magazine est aussi celui des nombreux auteurs qui participent \u00e0 la r\u00e9daction des articles\u00a0: psychologues, m\u00e9decins, journalistes, sophrologues, professeurs, philosophes, historiens, kin\u00e9sith\u00e9rapeutes et juristes\u2026 Ce sont autant de professionnels qui partagent l\u2019id\u00e9e commune que <strong>la bienveillance et l\u2019entraide sont les piliers de ce monde.<\/strong><\/p>\n<\/p>\n<h2><span style=\"color: #53798f;\">Les informations pratiques sur la revue Aider<\/span><\/h2>\n<p><strong>Revue trimestrielle<\/strong>\u00a04 num\u00e9ros par an<br \/>\n<strong>Prix<\/strong>\u00a0 9,90\u20ac &#8211; Acheter un num\u00e9ro ou s\u2019abonner en cliquant <span style=\"color: #53798f;\"><a style=\"color: #53798f;\" href=\"https:\/\/aider-larevue.fr\/boutique\/\">ici<\/a><br \/>\n<\/span><strong>Sommaires\u00a0<\/strong>Retrouvez les contenus des num\u00e9ros <a style=\"color: #53798f;\" href=\"https:\/\/aider-larevue.fr\/tous-les-numeros\/\"><span style=\"color: #53798f;\">ici<\/span><\/a><\/p>\n<p><strong>Site<\/strong>\u00a0<a style=\"color: #53798f;\" href=\"https:\/\/www.aider-larevue.fr\/\">aider-larevue.fr<br \/>\n<\/a><strong>Twitter<\/strong>\u00a0<span style=\"color: #53798f;\"><a style=\"color: #53798f;\" href=\"https:\/\/twitter.com\/Aiderlarevue\">@AiderLaRevue<\/a><\/span><br \/>\n<strong>F<\/strong><strong>acebook<\/strong> <a style=\"color: #53798f;\" href=\"https:\/\/www.facebook.com\/AiderLaRevue\/\">Aider La Revue<\/a><\/p>\n<\/p>\n<div style=\"width: 90%; padding: 20px; background: #eeeeee; text-align: left;\"><span style=\"color: #53798f;\"><em><strong>Recevez la Newsletter Tous ergo !<\/strong><\/em><\/span><br \/>\nEn vous inscrivant \u00e0 notre lettre d&rsquo;information, vous recevrez deux fois par mois nos derniers articles\u00a0\u00e0 propos du handicap et du maintien \u00e0 domicile, nos nouveaut\u00e9s produits et nos promotions. \u00c7a vous int\u00e9resse\u00a0? <strong>Indiquez votre e-mail dans l&rsquo;encadr\u00e9 \u00ab\u00a0Newsletter\u00a0\u00bb, en bas \u00e0 gauche de la <span style=\"color: #53798f;\"><a style=\"color: #53798f;\" href=\"https:\/\/www.tousergo.com\/\">page d&rsquo;accueil de notre site<\/a><\/span>.<\/strong><br \/>\nEt voil\u00e0, c&rsquo;est fait ! \ud83d\ude42<\/div>\n<\/p>\n<table style=\"align: center;\">\n<tbody>\n<tr>\n<td><a href=\"https:\/\/www.facebook.com\/tousergo\" target=\"_blank\" rel=\"noopener\"><img loading=\"lazy\" style=\"max-width: 187px; outline: none; text-decoration: none; -ms-interpolation-mode: bicubic; image-rendering: optimizeQuality; display: block; border: none;\" src=\"https:\/\/imagesapi.fts-crm360.com\/Customers\/SELF+CONFORT\/TOUS+ERGO\/Email+Tous+Ergo\/TE+Newsletter\/Actualites\/te_facebook.png\" alt=\"\" width=\"187\" height=\"160\" border=\"0\" \/><\/a><\/td>\n<td><a href=\"https:\/\/twitter.com\/tousergo\" target=\"_blank\" rel=\"noopener\"><img loading=\"lazy\" style=\"max-width: 187px; outline: none; text-decoration: none; -ms-interpolation-mode: bicubic; image-rendering: optimizeQuality; display: block; border: none;\" src=\"https:\/\/imagesapi.fts-crm360.com\/Customers\/SELF+CONFORT\/TOUS+ERGO\/Email+Tous+Ergo\/TE+Newsletter\/Actualites\/te_twitter.png\" alt=\"\" width=\"187\" height=\"160\" border=\"0\" \/><\/a><\/td>\n<td><a href=\"https:\/\/www.linkedin.com\/company\/10227243\/\" target=\"_blank\" rel=\"noopener\"><img loading=\"lazy\" style=\"max-width: 187px; outline: none; text-decoration: none; -ms-interpolation-mode: bicubic; image-rendering: optimizeQuality; display: block; border: none;\" src=\"https:\/\/imagesapi.fts-crm360.com\/Customers\/SELF+CONFORT\/TOUS+ERGO\/Email+Tous+Ergo\/TE+Newsletter\/Actualites\/te_linkedin.png\" alt=\"\" width=\"187\" height=\"160\" border=\"0\" \/><\/a><\/td>\n<\/tr>\n<\/tbody>\n<\/table>\n","protected":false},"excerpt":{"rendered":"<p class=\"u-txt-sm u-txt-dark u-d-desktop u-w-100\">Parue pour la premi\u00e8re fois cet \u00e9t\u00e9 en juin 2017 par Jean-Paul Arif aux \u00e9ditions Scrin\u00e9o, la revue Aider a...<\/p>\n<button class=\"c-btn--unstyled u-font-weight-bold u-txt-primary u-txt-sm\">\n\t\t\tLire l\u2019article\n\t\t\t<span class=\"c-icon--24 u-ml-1\"><img src=\"https:\/\/www.tousergo.com\/blog\/wp-content\/themes\/tousergo\/img\/icons\/arrow-right-circle-fill.svg\" alt=\"\"><\/span>\n\t<\/button>","protected":false},"author":12,"featured_media":0,"comment_status":"open","ping_status":"open","sticky":false,"template":"","format":"standard","meta":[],"categories":[2,11],"tags":[69,230,503],"yoast_head":"<!-- This site is optimized with the Yoast SEO plugin v15.7 - https:\/\/yoast.com\/wordpress\/plugins\/seo\/ -->\n<title>La revue Aider\u00a0: le nouveau magazine de la Solidarit\u00e9 | Tous ergo<\/title>\n<meta name=\"description\" content=\"Tous ergo salue le nouveau magazine de la solidarit\u00e9 : la revue Aider. Parue pour la premi\u00e8re fois en juin 2017, Tous ergo vous en dit plus.\" \/>\n<meta name=\"robots\" content=\"index, follow, max-snippet:-1, max-image-preview:large, max-video-preview:-1\" \/>\n<link rel=\"canonical\" href=\"https:\/\/www.tousergo.com\/blog\/la-revue-aider\/\" \/>\n<meta property=\"og:locale\" content=\"fr_FR\" \/>\n<meta property=\"og:type\" content=\"article\" \/>\n<meta property=\"og:title\" content=\"La revue Aider\u00a0: le nouveau magazine de la Solidarit\u00e9 | Tous ergo\" \/>\n<meta property=\"og:description\" content=\"Tous ergo salue le nouveau magazine de la solidarit\u00e9 : la revue Aider. Parue pour la premi\u00e8re fois en juin 2017, Tous ergo vous en dit plus.\" \/>\n<meta property=\"og:url\" content=\"https:\/\/www.tousergo.com\/blog\/la-revue-aider\/\" \/>\n<meta property=\"og:site_name\" content=\"Blog Tous ergo\" \/>\n<meta property=\"article:publisher\" content=\"https:\/\/www.facebook.com\/tousergo\/\" \/>\n<meta property=\"article:published_time\" content=\"2017-09-27T07:00:14+00:00\" \/>\n<meta property=\"article:modified_time\" content=\"2021-04-13T09:28:41+00:00\" \/>\n<meta property=\"og:image\" content=\"https:\/\/www.tousergo.com\/blog\/wp-content\/uploads\/2017\/09\/Compo-12.png\" \/>\n<meta name=\"twitter:card\" content=\"summary_large_image\" \/>\n<meta name=\"twitter:creator\" content=\"@tousergo\" \/>\n<meta name=\"twitter:site\" content=\"@tousergo\" \/>\n<meta name=\"twitter:label1\" content=\"Dur\u00e9e de lecture est.\">\n\t<meta name=\"twitter:data1\" content=\"3 minutes\">\n<script type=\"application\/ld+json\" class=\"yoast-schema-graph\">{\"@context\":\"https:\/\/schema.org\",\"@graph\":[{\"@type\":\"WebSite\",\"@id\":\"https:\/\/www.tousergo.com\/blog\/#website\",\"url\":\"https:\/\/www.tousergo.com\/blog\/\",\"name\":\"Blog Tous ergo\",\"description\":\"Toutes les solutions pour l&#039;autonomie \\u00e0 domicile\",\"potentialAction\":[{\"@type\":\"SearchAction\",\"target\":\"https:\/\/www.tousergo.com\/blog\/?s={search_term_string}\",\"query-input\":\"required name=search_term_string\"}],\"inLanguage\":\"fr-FR\"},{\"@type\":\"ImageObject\",\"@id\":\"https:\/\/www.tousergo.com\/blog\/la-revue-aider\/#primaryimage\",\"inLanguage\":\"fr-FR\",\"url\":\"https:\/\/www.tousergo.com\/blog\/wp-content\/uploads\/2017\/09\/Compo-12.png\",\"width\":1200,\"height\":628,\"caption\":\"Couvertures des num\\u00e9ros 1 et 2 de la revue Aider\"},{\"@type\":\"WebPage\",\"@id\":\"https:\/\/www.tousergo.com\/blog\/la-revue-aider\/#webpage\",\"url\":\"https:\/\/www.tousergo.com\/blog\/la-revue-aider\/\",\"name\":\"La revue Aider\\u00a0: le nouveau magazine de la Solidarit\\u00e9 | Tous ergo\",\"isPartOf\":{\"@id\":\"https:\/\/www.tousergo.com\/blog\/#website\"},\"primaryImageOfPage\":{\"@id\":\"https:\/\/www.tousergo.com\/blog\/la-revue-aider\/#primaryimage\"},\"datePublished\":\"2017-09-27T07:00:14+00:00\",\"dateModified\":\"2021-04-13T09:28:41+00:00\",\"author\":{\"@id\":\"https:\/\/www.tousergo.com\/blog\/#\/schema\/person\/179bcccaf51c292966a3da3c14b6add8\"},\"description\":\"Tous ergo salue le nouveau magazine de la solidarit\\u00e9 : la revue Aider. Parue pour la premi\\u00e8re fois en juin 2017, Tous ergo vous en dit plus.\",\"breadcrumb\":{\"@id\":\"https:\/\/www.tousergo.com\/blog\/la-revue-aider\/#breadcrumb\"},\"inLanguage\":\"fr-FR\",\"potentialAction\":[{\"@type\":\"ReadAction\",\"target\":[\"https:\/\/www.tousergo.com\/blog\/la-revue-aider\/\"]}]},{\"@type\":\"BreadcrumbList\",\"@id\":\"https:\/\/www.tousergo.com\/blog\/la-revue-aider\/#breadcrumb\",\"itemListElement\":[{\"@type\":\"ListItem\",\"position\":1,\"item\":{\"@type\":\"WebPage\",\"@id\":\"https:\/\/www.tousergo.com\/blog\/\",\"url\":\"https:\/\/www.tousergo.com\/blog\/\",\"name\":\"Accueil\"}},{\"@type\":\"ListItem\",\"position\":2,\"item\":{\"@type\":\"WebPage\",\"@id\":\"https:\/\/www.tousergo.com\/blog\/la-revue-aider\/\",\"url\":\"https:\/\/www.tousergo.com\/blog\/la-revue-aider\/\",\"name\":\"La revue Aider\\u00a0: le nouveau magazine de la Solidarit\\u00e9\"}}]},{\"@type\":\"Person\",\"@id\":\"https:\/\/www.tousergo.com\/blog\/#\/schema\/person\/179bcccaf51c292966a3da3c14b6add8\",\"name\":\"Manon\",\"image\":{\"@type\":\"ImageObject\",\"@id\":\"https:\/\/www.tousergo.com\/blog\/#personlogo\",\"inLanguage\":\"fr-FR\",\"url\":\"https:\/\/secure.gravatar.com\/avatar\/dde767613c5dfdd7ee8421d6db60514d?s=96&d=mm&r=g\",\"caption\":\"Manon\"}}]}<\/script>\n<!-- \/ Yoast SEO plugin. -->","_links":{"self":[{"href":"https:\/\/www.tousergo.com\/blog\/wp-json\/wp\/v2\/posts\/8932"}],"collection":[{"href":"https:\/\/www.tousergo.com\/blog\/wp-json\/wp\/v2\/posts"}],"about":[{"href":"https:\/\/www.tousergo.com\/blog\/wp-json\/wp\/v2\/types\/post"}],"author":[{"embeddable":true,"href":"https:\/\/www.tousergo.com\/blog\/wp-json\/wp\/v2\/users\/12"}],"replies":[{"embeddable":true,"href":"https:\/\/www.tousergo.com\/blog\/wp-json\/wp\/v2\/comments?post=8932"}],"version-history":[{"count":1,"href":"https:\/\/www.tousergo.com\/blog\/wp-json\/wp\/v2\/posts\/8932\/revisions"}],"predecessor-version":[{"id":16405,"href":"https:\/\/www.tousergo.com\/blog\/wp-json\/wp\/v2\/posts\/8932\/revisions\/16405"}],"wp:attachment":[{"href":"https:\/\/www.tousergo.com\/blog\/wp-json\/wp\/v2\/media?parent=8932"}],"wp:term":[{"taxonomy":"category","embeddable":true,"href":"https:\/\/www.tousergo.com\/blog\/wp-json\/wp\/v2\/categories?post=8932"},{"taxonomy":"post_tag","embeddable":true,"href":"https:\/\/www.tousergo.com\/blog\/wp-json\/wp\/v2\/tags?post=8932"}],"curies":[{"name":"wp","href":"https:\/\/api.w.org\/{rel}","templated":true}]}}