{"id":9301,"date":"2017-11-24T09:00:51","date_gmt":"2017-11-24T07:00:51","guid":{"rendered":"https:\/\/www.tousergo.com\/blog\/?p=9301"},"modified":"2024-04-24T11:39:22","modified_gmt":"2024-04-24T09:39:22","slug":"aides-financieres-retraites-et-personnes-agees","status":"publish","type":"post","link":"https:\/\/www.tousergo.com\/blog\/aides-financieres-retraites-et-personnes-agees\/","title":{"rendered":"Quelles aides financi\u00e8res pour les retrait\u00e9s et les personnes \u00e2g\u00e9es\u00a0?"},"content":{"rendered":"\n<p>Avec l\u2019\u00e2ge, la vie \u00e9volue et vos besoins aussi.<strong> Perte d\u2019autonomie et d\u00e9pendance<\/strong> engendrent souvent des co\u00fbts importants, parfois difficiles \u00e0 assumer avec une pension de retraite pour unique ressource. Pour all\u00e9ger les d\u00e9penses li\u00e9es au maintien \u00e0 domicile et au logement, de nombreux organismes proposent des <strong>aides financi\u00e8res pour les retrait\u00e9s et les personnes \u00e2g\u00e9es, adapt\u00e9es pour chaque situation.<\/strong><\/p>\n\n\n\n<p><strong>Tous ergo a fait le point et vous dresse une liste non exhaustive de diff\u00e9rentes aides financi\u00e8res auxquelles vous pouvez avoir droit.<\/strong><\/p>\n\n\n\n<figure class=\"wp-block-image\"><img loading=\"lazy\" decoding=\"async\" width=\"1200\" height=\"628\" src=\"https:\/\/www.tousergo.com\/blog\/wp-content\/uploads\/2017\/10\/Quelles-aides-financi\u00e8res-pour-les-retrait\u00e9s-et-les-personnes-\u00e2g\u00e9es.jpg\" alt=\"Quelles aides financi\u00e8res pour les retrait\u00e9s et personnes \u00e2g\u00e9es \" class=\"wp-image-9328\" srcset=\"https:\/\/www.tousergo.com\/blog\/wp-content\/uploads\/2017\/10\/Quelles-aides-financi\u00e8res-pour-les-retrait\u00e9s-et-les-personnes-\u00e2g\u00e9es.jpg 1200w, https:\/\/www.tousergo.com\/blog\/wp-content\/uploads\/2017\/10\/Quelles-aides-financi\u00e8res-pour-les-retrait\u00e9s-et-les-personnes-\u00e2g\u00e9es-300x157.jpg 300w, https:\/\/www.tousergo.com\/blog\/wp-content\/uploads\/2017\/10\/Quelles-aides-financi\u00e8res-pour-les-retrait\u00e9s-et-les-personnes-\u00e2g\u00e9es-768x402.jpg 768w, https:\/\/www.tousergo.com\/blog\/wp-content\/uploads\/2017\/10\/Quelles-aides-financi\u00e8res-pour-les-retrait\u00e9s-et-les-personnes-\u00e2g\u00e9es-1024x536.jpg 1024w\" sizes=\"auto, (max-width: 1200px) 100vw, 1200px\" \/><\/figure>\n\n\n\n<!--more-->\n\n\n\n<p class=\"has-background\" style=\"background-color:#d4dadf\"><strong>Sommaire :<\/strong><\/p>\n\n\n\n<ol class=\"has-background wp-block-list\" style=\"background-color:#d4dadf\"><li><a href=\"#part1\">L\u2019APA : L&rsquo;Allocation Personnalis\u00e9e d&rsquo;Autonomie<\/a><\/li><li><a href=\"#part2\">Aides Fiscales : La R\u00e9duction d\u2019Imp\u00f4t et le Cr\u00e9dit d\u2019Imp\u00f4t<\/a><\/li><li><a href=\"#part3\">Aides au Logement&nbsp;: APL, ALS et ASH<\/a><\/li><li><a href=\"#part4\">Aides de la Caisse de Retraite CNAV&nbsp;: l\u2019ASPA, l\u2019ARDH et l\u2019Aide \u00e0 l\u2019Am\u00e9lioration de l&rsquo;Habitat<\/a><\/li><li><a href=\"#part5\">Aides des Caisses de Retraite Compl\u00e9mentaires&nbsp;et Mutuelles<\/a><\/li><li><a href=\"#part6\">Aides aux d\u00e9penses li\u00e9es \u00e0 la sant\u00e9&nbsp;: La CMU-C et l\u2019ACS<\/a><\/li><\/ol>\n\n\n\n<p><strong>NB&nbsp;:<\/strong> Nous mentionnerons \u00e0 plusieurs reprises le <strong>GIR<\/strong>. K\u00e9zako&nbsp;? <em>\u00ab&nbsp;Le GIR est le niveau de perte d\u2019autonomie d\u2019une personne \u00e2g\u00e9e. Il est calcul\u00e9 \u00e0 partir de l\u2019\u00e9valuation r\u00e9alis\u00e9e \u00e0 l\u2019aide de la grille AGGIR.&nbsp;\u00bb<\/em> <a href=\"https:\/\/www.pour-les-personnes-agees.gouv.fr\/actualites\/quest-ce-que-le-gir\">En savoir plus sur le GIR (site du gouvernement)<\/a><\/p>\n\n\n\n<h2 class=\"wp-block-heading\" id=\"part1\"><strong>L\u2019APA : L&rsquo;Allocation Personnalis\u00e9e d\u2019Autonomie<\/strong><\/h2>\n\n\n\n<p>L\u2019APA est la principale aide financi\u00e8re allou\u00e9e aux personnes \u00e2g\u00e9es d\u00e9pendantes.<br><strong>\u00c0 domicile&nbsp;:<\/strong> elle participe aux d\u00e9penses n\u00e9cessaires pour rester vivre \u00e0 domicile malgr\u00e9 la perte d\u2019autonomie ; (repas, toilette, aides techniques, accueil de jour, mobilit\u00e9\u2026)<br><strong>En \u00e9tablissement&nbsp;:<\/strong> elle finance une partie du tarif de l\u2019<a href=\"https:\/\/www.pour-les-personnes-agees.gouv.fr\/choisir-un-hebergement\/vivre-dans-un-etablissement-medicalise\/les-ehpad\">EHPAD<\/a> ou de l\u2019<a href=\"https:\/\/www.pour-les-personnes-agees.gouv.fr\/choisir-un-hebergement\/vivre-dans-un-etablissement-medicalise\/les-usld-unites-de-soins-de-longue\">USLD<\/a>.<\/p>\n\n\n\n<p><strong>Situation requise pour en b\u00e9n\u00e9ficier<\/strong><\/p>\n\n\n\n<ul class=\"wp-block-list\"><li>Avoir 60 ans ou plus,<\/li><li>\u00catre en situation de perte d&rsquo;autonomie n\u00e9cessitant une aide quotidienne,<\/li><li>Avoir un GIR entre 1 et 4,<\/li><li>R\u00e9sider en France, \u00eatre en situation stable r\u00e9guli\u00e8re pour les \u00e9trangers<\/li><\/ul>\n\n\n\n<p><strong>Organisme<\/strong><\/p>\n\n\n\n<p>L\u2019APA est vers\u00e9e par le conseil d\u00e9partemental. Il faudra remplir un dossier de demande d&rsquo;APA aupr\u00e8s du CCAS de votre ville, du conseil d\u00e9partemental ou d&rsquo;un point d&rsquo;information local d\u00e9di\u00e9 aux personnes \u00e2g\u00e9es.<\/p>\n\n\n\n<div class=\"wp-block-buttons is-layout-flex wp-block-buttons-is-layout-flex\">\n<div class=\"wp-block-button\"><a class=\"wp-block-button__link has-background\" href=\"https:\/\/www.pour-les-personnes-agees.gouv.fr\/beneficier-daides\/lallocation-personnalisee-dautonomie-apa\" style=\"background-color:#186ab4\" target=\"_blank\" rel=\"noreferrer noopener\"><strong>En savoir plus sur l&rsquo;APA<\/strong><\/a><\/div>\n<\/div>\n\n\n\n<p><\/p>\n\n\n\n<h2 class=\"wp-block-heading\" id=\"part2\"><strong>Aides Fiscales&nbsp;: La R\u00e9duction d\u2019Imp\u00f4t et le Cr\u00e9dit d\u2019Imp\u00f4t &nbsp;<\/strong><\/h2>\n\n\n\n<p><strong>Pour les personnes imposables&nbsp;: La R\u00e9duction d\u2019Imp\u00f4t.<\/strong> Elle prend en compte \u00e0 hauteur de 2500\u20ac maximum par personne les d\u00e9penses d\u2019h\u00e9bergement et de d\u00e9pendance (d\u00e9duction faite de l\u2019APA et aides au logement). A noter : il faut avoir des frais li\u00e9s \u00e0 la d\u00e9pendance pour b\u00e9n\u00e9ficier de la r\u00e9duction d&rsquo;imp\u00f4t (pas seulement des frais d\u2019h\u00e9bergement).<\/p>\n\n\n\n<p><strong>Pour les personnes non-imposables&nbsp;: Le Cr\u00e9dit d\u2019Imp\u00f4t. <\/strong>A compter de l&rsquo;imposition des revenus de l&rsquo;ann\u00e9e 2017, vous pouvez b\u00e9n\u00e9ficier d\u2019un cr\u00e9dit d\u2019imp\u00f4t, si vous faites appel \u00e0 un service d\u2019aide \u00e0 domicile ou si vous employez directement une aide \u00e0 domicile. Le cr\u00e9dit d\u2019imp\u00f4t est \u00e9gal \u00e0 50 % de vos d\u00e9penses annuelles d\u2019aide \u00e0 domicile (d\u00e9duction faite de l\u2019APA et autres aides).<\/p>\n\n\n\n<div class=\"wp-block-buttons is-layout-flex wp-block-buttons-is-layout-flex\">\n<div class=\"wp-block-button\"><a class=\"wp-block-button__link has-background\" href=\"https:\/\/www.pour-les-personnes-agees.gouv.fr\/beneficier-daides\/les-aides-fiscales\" style=\"background-color:#186ab4\" target=\"_blank\" rel=\"noreferrer noopener\"><strong>En savoir plus sur les aides fiscales<\/strong><\/a><\/div>\n<\/div>\n\n\n\n<p><\/p>\n\n\n\n<h2 class=\"wp-block-heading\" id=\"part3\"><strong>Aides au Logement&nbsp;: APL, ALS et ASH<\/strong><\/h2>\n\n\n\n<p>L\u2019<strong>APL (Aide Personnalis\u00e9e au Logement) <\/strong>et l\u2019<strong>ALS (Allocation de Logement Sociale) <\/strong>sont destin\u00e9es \u00e0 r\u00e9duire les d\u00e9penses de logement des personnes \u00e2g\u00e9es qui vivent \u00e0 leur domicile ou en \u00e9tablissement. L\u2019APL est vers\u00e9e uniquement si le logement est conventionn\u00e9. S\u2019il n\u2019est pas conventionn\u00e9 APL, il vous sera possible de percevoir l\u2019ALS. La demande des aides au logement se fait aupr\u00e8s de la CAF (ou de la MSA, si vous relevez de ce r\u00e9gime).<br><strong><a href=\"https:\/\/wwwd.caf.fr\/wps\/portal\/caffr\/aidesetservices\/lesservicesenligne\/estimervosdroits\/lelogement\/!ut\/p\/a1\/lZDNDoIwEISfxQcwnVp_4NiAQKkK_qDCxTRGTaNUg8bntyQeDIkY97bJN7M7QwqyJYVRT31SD3016lLvxXCXJjSM5BIhxj0HIkLKomjNkPQskFsAX4ajVe_grW8BftzfkKKB-KkP4SKWrjugoaRNwAm8wAID35_Nhf2R_QLwBlpC5jbF6MNhljDwMKWOjD0K9ElmrlVp-1zWXseqPHtGHfm-bpnk1UEb_dDqou-HqumVUO5CLCYyDoYMNt8_Xrcy20KLbl7upive6bwA5ZjMGA!!\/dl5\/d5\/L3dDcEEvd0NvQk1rQkEvNE8weENPd2cvWjZfUE8xR0hLUzBHMEUyODBJSDBQM0hIVjMwTzIvWjdfUE8xR0hLUzBHTzFBOTBJUkxLSkY2MzAwRzA!\/\">Faire une simulation sur le site de la CAF.<\/a> A noter&nbsp;: Ces aides ne sont pas cumulables.<\/strong><\/p>\n\n\n\n<p><strong><a href=\"https:\/\/www.pour-les-personnes-agees.gouv.fr\/beneficier-daides\/les-aides-au-logement\">En savoir plus sur les aides au logement<\/a>.<\/strong><\/p>\n\n\n\n<div class=\"wp-block-buttons is-layout-flex wp-block-buttons-is-layout-flex\">\n<div class=\"wp-block-button\"><a class=\"wp-block-button__link has-background\" href=\"https:\/\/www.pour-les-personnes-agees.gouv.fr\/beneficier-daides\/les-aides-au-logement\" style=\"background-color:#186ab4\" target=\"_blank\" rel=\"noreferrer noopener\"><strong>En savoir plus sur les aides au logement<\/strong><\/a><\/div>\n<\/div>\n\n\n\n<p><\/p>\n\n\n\n<p>L\u2019<strong>ASH (Aide Sociale \u00e0 l\u2019H\u00e9bergement)<\/strong> pourra \u00eatre accord\u00e9e \u00e0 la personne h\u00e9berg\u00e9e en <a href=\"https:\/\/www.pour-les-personnes-agees.gouv.fr\/choisir-un-hebergement\/vivre-dans-un-logement-independant-et-beneficier-de-services\/les-logements\">R\u00e9sidence-Autonomie<\/a>, en <a href=\"https:\/\/www.pour-les-personnes-agees.gouv.fr\/choisir-un-hebergement\/vivre-dans-un-etablissement-medicalise\/les-ehpad\">EHPAD<\/a> ou en <a href=\"https:\/\/www.pour-les-personnes-agees.gouv.fr\/choisir-un-hebergement\/vivre-dans-un-etablissement-medicalise\/les-usld-unites-de-soins-de-longue\">USLD<\/a> disposant de places habilit\u00e9es. C\u2019est une aide vers\u00e9e par le conseil d\u00e9partemental, et la demande est \u00e0 faire aupr\u00e8s du CCAS de votre ville.<\/p>\n\n\n\n<p><strong>Conditions requises&nbsp;:<\/strong><\/p>\n\n\n\n<ul class=\"wp-block-list\"><li>Avoir plus de 65 ans (ou plus de 60 ans si l\u2019on est reconnu inapte au travail),<\/li><li>R\u00e9sider en France, \u00eatre en situation stable r\u00e9guli\u00e8re pour les \u00e9trangers,<\/li><li>Avoir des ressources inf\u00e9rieures au montant des frais d&rsquo;h\u00e9bergement.<\/li><\/ul>\n\n\n\n<div class=\"wp-block-buttons is-layout-flex wp-block-buttons-is-layout-flex\">\n<div class=\"wp-block-button\"><a class=\"wp-block-button__link has-background\" href=\"https:\/\/www.pour-les-personnes-agees.gouv.fr\/beneficier-daides\/laide-sociale-lhebergement-ash\" style=\"background-color:#186ab4\" target=\"_blank\" rel=\"noreferrer noopener\"><strong>En savoir plus sur l&rsquo;ASH<\/strong><\/a><\/div>\n<\/div>\n\n\n\n<figure class=\"wp-block-image alignnone\"><a href=\"https:\/\/www.lassuranceretraite.fr\/portail-info\/retraites\"><img loading=\"lazy\" decoding=\"async\" width=\"465\" height=\"290\" src=\"https:\/\/www.tousergo.com\/blog\/wp-content\/uploads\/2017\/10\/Aides-de-financement-pour-les-retrait\u00e9s-et-les-personnes-\u00e2g\u00e9es-1.jpg\" alt=\"aides financi\u00e8res pour les retrait\u00e9s et personnes \u00e2g\u00e9es\" class=\"wp-image-9326\" srcset=\"https:\/\/www.tousergo.com\/blog\/wp-content\/uploads\/2017\/10\/Aides-de-financement-pour-les-retrait\u00e9s-et-les-personnes-\u00e2g\u00e9es-1.jpg 465w, https:\/\/www.tousergo.com\/blog\/wp-content\/uploads\/2017\/10\/Aides-de-financement-pour-les-retrait\u00e9s-et-les-personnes-\u00e2g\u00e9es-1-300x187.jpg 300w\" sizes=\"auto, (max-width: 465px) 100vw, 465px\" \/><\/a><figcaption>Logo de la CNAV<\/figcaption><\/figure>\n\n\n\n<h2 class=\"wp-block-heading\" id=\"part4\"><strong>Aides de la Caisse de Retraite CNAV&nbsp;: l\u2019ASPA, l\u2019ARDH et l\u2019Aide \u00e0 l\u2019Am\u00e9lioration de l&rsquo;Habitat<\/strong><\/h2>\n\n\n\n<h3 class=\"wp-block-heading\"><strong>L\u2019ASPA (Allocation de Solidarit\u00e9 aux Personnes \u00c2g\u00e9es)<\/strong><\/h3>\n\n\n\n<p>Ce dispositif remplace le minimum vieillesse depuis 2006. Il est accord\u00e9 aux retrait\u00e9s ayant de faibles ressources.<\/p>\n\n\n\n<p><strong>Situation requise pour en b\u00e9n\u00e9ficier<\/strong><\/p>\n\n\n\n<ul class=\"wp-block-list\"><li>Avoir 65 ans ou plus<\/li><li>\u00catre retrait\u00e9 ou avoir l\u2019\u00e2ge l\u00e9gal de d\u00e9part \u00e0 la retraite si vous \u00eates reconnu inapte au travail ou atteint d\u2019une incapacit\u00e9 permanente d\u2019au moins 50 % ;<\/li><li>Ne pas d\u00e9passer le plafond de ressources maximal selon votre situation <a href=\"https:\/\/www.service-public.fr\/particuliers\/vosdroits\/F16871\">(tableau ici)<\/a><\/li><li>R\u00e9sider en France (depuis 6 mois minimum)<\/li><\/ul>\n\n\n\n<p><strong>Organisme<\/strong><\/p>\n\n\n\n<p>L\u2019ASPA est vers\u00e9e par la CNAV (Caisse Nationale d\u2019Assurance Vieillesse), ou la MSA si vous d\u00e9pendez du r\u00e9gime agricole. Le dossier de demande est \u00e0 retirer aupr\u00e8s de ces organismes, ou aupr\u00e8s de votre mairie si vous n\u2019avez pas de pension de retraite.<\/p>\n\n\n\n<div class=\"wp-block-buttons is-layout-flex wp-block-buttons-is-layout-flex\">\n<div class=\"wp-block-button\"><a class=\"wp-block-button__link has-background\" href=\"\" style=\"background-color:#186ab4\" target=\"_blank\" rel=\"noreferrer noopener\"><strong>En savoir plus sur l&rsquo;ASPA<\/strong><\/a><\/div>\n<\/div>\n\n\n\n<p><\/p>\n\n\n\n<h3 class=\"wp-block-heading\"><strong>L\u2019ARDH (L\u2019Aide au Retour \u00e0 Domicile apr\u00e8s Hospitalisation)<\/strong><\/h3>\n\n\n\n<p>L\u2019ARDH est une aide accord\u00e9e pour 3 mois maximum aux personnes \u00e2g\u00e9es apr\u00e8s une hospitalisation afin d\u2019am\u00e9liorer leur cadre de vie et de les accompagner dans leur r\u00e9tablissement.<\/p>\n\n\n\n<p><strong>Situation requise pour en b\u00e9n\u00e9ficier<\/strong><\/p>\n\n\n\n<ul class=\"wp-block-list\"><li>\u00catre un retrait\u00e9 de plus de 55 ans<\/li><li>Relever du r\u00e9gime g\u00e9n\u00e9ral de la S\u00e9curit\u00e9 Sociale<\/li><li>Ne pas b\u00e9n\u00e9ficier de prestations similaires vers\u00e9es par d\u2019autres organismes (APA\u2026)<\/li><li>Relever du GIR 5 ou du GIR 6<\/li><li>L\u2019ARDH est soumise \u00e0 condition de ressources (voir bar\u00e8mes en vigueur aupr\u00e8s de la CNAV)<\/li><\/ul>\n\n\n\n<p><strong>Organisme<\/strong><\/p>\n\n\n\n<p>Vers\u00e9e par la CNAV (Caisse Nationale d\u2019Assurance Vieillesse), il faut leur en faire la demande au minimum 24H avant la sortie de l\u2019h\u00f4pital.<\/p>\n\n\n\n<h3 class=\"wp-block-heading\"><strong>L\u2019Aide aux Travaux d&rsquo;Am\u00e9lioration de l&rsquo;Habitat<\/strong><\/h3>\n\n\n\n<p>Si vous \u00eates retrait\u00e9 du r\u00e9gime g\u00e9n\u00e9ral et que vous souhaitez <strong>r\u00e9aliser des travaux d&rsquo;am\u00e9lioration ou d&rsquo;adaptation de votre logement<\/strong> afin de pr\u00e9venir la perte d&rsquo;autonomie (isolation, accessibilit\u00e9, sanitaires\u2026), votre caisse de retraite peut vous accorder une aide financi\u00e8re.<br>Vous n\u2019avez cependant pas le droit \u00e0 cette aide si&nbsp;vous percevez l\u2019APA, l\u2019ACTP, la PCH, la MTP, l\u2019allocation veuvage, ou si vous \u00eates hospitalis\u00e9 \u00e0 domicile.<strong> <a href=\"https:\/\/www.service-public.fr\/particuliers\/vosdroits\/F1613\">En savoir plus\u2026<\/a><\/strong><\/p>\n\n\n\n<p><strong>A lire \u00e9galement : Notre article&nbsp;<a href=\"https:\/\/www.tousergo.com\/blog\/2010\/06\/30\/financements-logement-accessible\/\">Comment obtenir des financements pour rendre votre logement accessible ?&nbsp;<\/a><\/strong><strong>A savoir&nbsp;:<\/strong> Votre caisse de retraite peut vous apporter des aides, notamment si vous ne pouvez pas b\u00e9n\u00e9ficier de l\u2019APA. N\u2019h\u00e9sitez pas \u00e0 prendre contact avec elle, pour conna\u00eetre vos droits.<br><a href=\"https:\/\/www.lassuranceretraite.fr\/portail-info\/accueil\">Site de la CNAV (Caisse Nationale d\u2019Assurance Vieillesse), S\u00e9curit\u00e9 Sociale &#8211; Assurance Retraite<\/a><\/p>\n\n\n\n<h2 class=\"wp-block-heading\" id=\"part5\"><strong>Aides des Caisses de Retraite Compl\u00e9mentaire&nbsp;: AGIRC-ARRCO, IRCANTEC<\/strong><\/h2>\n\n\n\n<p>Les caisses de retraite compl\u00e9mentaire ont \u00e9t\u00e9 cr\u00e9\u00e9es pour compl\u00e9ter les montants de la retraite de base. Elles peuvent financer (sur demande et selon les crit\u00e8res sociaux) des aides m\u00e9nag\u00e8res, un personnel de soutien \u00e0 domicile ou des travaux d\u2019am\u00e9lioration de l\u2019habitat (notamment sous forme de pr\u00eat). <strong>N\u2019h\u00e9sitez pas \u00e0 prendre contact avec votre caisse de retraite compl\u00e9mentaire ou votre mutuelle pour conna\u00eetre vos droits.<\/strong><\/p>\n\n\n\n<h3 class=\"wp-block-heading\">Le Ch\u00e8que Emploi-Service Universel (CESU)<\/h3>\n\n\n\n<p>Le CESU est un titre de paiement qui permet de <strong>r\u00e9gler simplement et rapidement les prestations d\u2019aides et de service \u00e0 la personne \u00e0 domicile<\/strong>, sans formalit\u00e9s administratives ni calcul de charges sociales. Il est encaissable directement par son b\u00e9n\u00e9ficiaire.&nbsp;Il est pr\u00e9financ\u00e9 en partie ou en totalit\u00e9 par les caisses de retraite compl\u00e9mentaire ou les mutuelles. <strong><a href=\"https:\/\/www.ticket-cesu.fr\/beneficiaires\/Pages\/qu-est-ce-que-ticket-cesu.aspx\">En savoir plus sur le CESU ici<\/a>&nbsp;ou <a href=\"https:\/\/www.entreprises.gouv.fr\/services-a-la-personne\/cesu\/cesu-declaratif-et-cesu-prefinance\">sur le site de service \u00e0 la personne du gouvernement.<\/a><\/strong><\/p>\n\n\n\n<div class=\"wp-block-buttons is-layout-flex wp-block-buttons-is-layout-flex\">\n<div class=\"wp-block-button\"><a class=\"wp-block-button__link has-background\" href=\"https:\/\/www.agirc-arrco.fr\/action-sociale\/\" style=\"background-color:#186ab4\" target=\"_blank\" rel=\"noreferrer noopener\"><strong>D\u00e9couvrir les aides AGIRC-ARRCO<\/strong><\/a><\/div>\n<\/div>\n\n\n\n<div class=\"wp-block-buttons is-layout-flex wp-block-buttons-is-layout-flex\">\n<div class=\"wp-block-button\"><a class=\"wp-block-button__link has-background\" href=\"https:\/\/www.ircantec.retraites.fr\/page-rubrique\/les-aides\" style=\"background-color:#186ab4\" target=\"_blank\" rel=\"noreferrer noopener\"><strong>D\u00e9couvrir les aides IRCANTEC<\/strong><\/a><\/div>\n<\/div>\n\n\n\n<figure class=\"wp-block-image alignnone wp-image-9327 size-full\"><img loading=\"lazy\" decoding=\"async\" width=\"847\" height=\"567\" src=\"https:\/\/www.tousergo.com\/blog\/wp-content\/uploads\/2017\/10\/Aides-financi\u00e8res-pour-les-retrait\u00e9s-et-les-personnes-\u00e2g\u00e9es.jpg\" alt=\"Aides financi\u00e8res pour les retrait\u00e9s et personnes \u00e2g\u00e9es \" class=\"wp-image-9327\" srcset=\"https:\/\/www.tousergo.com\/blog\/wp-content\/uploads\/2017\/10\/Aides-financi\u00e8res-pour-les-retrait\u00e9s-et-les-personnes-\u00e2g\u00e9es.jpg 847w, https:\/\/www.tousergo.com\/blog\/wp-content\/uploads\/2017\/10\/Aides-financi\u00e8res-pour-les-retrait\u00e9s-et-les-personnes-\u00e2g\u00e9es-300x201.jpg 300w, https:\/\/www.tousergo.com\/blog\/wp-content\/uploads\/2017\/10\/Aides-financi\u00e8res-pour-les-retrait\u00e9s-et-les-personnes-\u00e2g\u00e9es-768x514.jpg 768w\" sizes=\"auto, (max-width: 847px) 100vw, 847px\" \/><figcaption>Image : GarnerHealthCare.com<\/figcaption><\/figure>\n\n\n\n<h2 class=\"wp-block-heading\" id=\"part6\"><strong>Aides aux d\u00e9penses li\u00e9es \u00e0 la sant\u00e9 : La CMU-C et l\u2019ACS<\/strong><\/h2>\n\n\n\n<p>L\u2019assurance maladie a mis place des dispositifs d\u2019aide pour les personnes ayant de faibles ressources.<\/p>\n\n\n\n<p><strong>La CMU-C (Couverture Maladie Universelle Compl\u00e9mentaire), <\/strong>qui donne droit \u00e0 des soins pris en charge \u00e0 100 % et sans avance de frais. Pour y avoir droit, il faut \u00eatre en situation stable et r\u00e9guli\u00e8re sur le sol Fran\u00e7ais depuis plus de trois mois, et avoir un revenu mensuel inf\u00e9rieur \u00e0 un montant fix\u00e9.<\/p>\n\n\n\n<p><strong>L\u2019ACS (Aide au paiement d\u2019une Compl\u00e9mentaire Sant\u00e9),<\/strong> aide au financement d\u2019une couverture maladie compl\u00e9mentaire (dans un organisme habilit\u00e9) pour les personnes dont les ressources sont faibles, mais l\u00e9g\u00e8rement sup\u00e9rieures au plafond ouvrant droit \u00e0 la CMU-C. Cette aide se pr\u00e9sente sous la forme d\u2019une attestation-ch\u00e8que dont le montant est de 550 \u20ac pour les personnes de plus de 60 ans.<strong><a href=\"https:\/\/www.pour-les-personnes-agees.gouv.fr\/beneficier-daides\/\">Visitez le site du gouvernement pour d\u00e9couvrir d\u2019autres aides<\/a><\/strong><\/p>\n\n\n\n<div class=\"wp-block-buttons is-layout-flex wp-block-buttons-is-layout-flex\">\n<div class=\"wp-block-button\"><a class=\"wp-block-button__link has-background\" href=\"https:\/\/www.pour-les-personnes-agees.gouv.fr\/beneficier-daides\/\" style=\"background-color:#186ab4\" target=\"_blank\" rel=\"noreferrer noopener\"><strong>Visitez le site du gouvernement pour d\u00e9couvrir d&rsquo;autres aides !<\/strong><\/a><\/div>\n<\/div>\n\n\n\n<p><strong>Cet article vous a-t-il \u00e9t\u00e9 utile ?&nbsp;<\/strong>N\u2019h\u00e9sitez pas \u00e0 nous faire parvenir <strong>vos avis et vos exp\u00e9riences<\/strong> en commentaire&nbsp;! \ud83d\ude42<\/p>\n\n\n","protected":false},"excerpt":{"rendered":"<p class=\"u-txt-sm u-txt-dark u-d-desktop u-w-100\">Avec l\u2019\u00e2ge, la vie \u00e9volue et vos besoins aussi. Perte d\u2019autonomie et d\u00e9pendance engendrent souvent des co\u00fbts importants, parfois difficiles...<\/p>\n<button class=\"c-btn--unstyled u-font-weight-bold u-txt-primary u-txt-sm\">\n\t\t\tLire l\u2019article\n\t\t\t<span class=\"c-icon--24 u-ml-1\"><img decoding=\"async\" src=\"https:\/\/www.tousergo.com\/blog\/wp-content\/themes\/tousergo\/img\/icons\/arrow-right-circle-fill.svg\" alt=\"\"><\/span>\n\t<\/button>","protected":false},"author":12,"featured_media":14179,"comment_status":"open","ping_status":"open","sticky":false,"template":"","format":"standard","meta":{"footnotes":""},"categories":[1252,2],"tags":[71,72,73],"class_list":["post-9301","post","type-post","status-publish","format-standard","has-post-thumbnail","hentry","category-aide-leglislation","category-conseils-et-solutions","tag-aides-financieres-pour-le-maintien-a-domicile","tag-aides-financieres-pour-les-personnes-agees","tag-aides-financieres-pour-les-retraites"],"yoast_head":"<!-- This site is optimized with the Yoast SEO plugin v15.7 - https:\/\/yoast.com\/wordpress\/plugins\/seo\/ -->\n<title>Quelles aides financi\u00e8res pour les retrait\u00e9s et les personnes \u00e2g\u00e9es ?<\/title>\n<meta name=\"description\" content=\"Pour all\u00e9ger les d\u00e9penses li\u00e9es au maintien \u00e0 domicile, Tous ergo a fait le point sur les aides financi\u00e8res pour les retrait\u00e9s et les personnes \u00e2g\u00e9es.\" \/>\n<meta name=\"robots\" content=\"index, follow, max-snippet:-1, max-image-preview:large, max-video-preview:-1\" \/>\n<link rel=\"canonical\" href=\"https:\/\/www.tousergo.com\/blog\/aides-financieres-retraites-et-personnes-agees\/\" \/>\n<meta property=\"og:locale\" content=\"fr_FR\" \/>\n<meta property=\"og:type\" content=\"article\" \/>\n<meta property=\"og:title\" content=\"Quelles aides financi\u00e8res pour les retrait\u00e9s et les personnes \u00e2g\u00e9es ?\" \/>\n<meta property=\"og:description\" content=\"Pour all\u00e9ger les d\u00e9penses li\u00e9es au maintien \u00e0 domicile, Tous ergo a fait le point sur les aides financi\u00e8res pour les retrait\u00e9s et les personnes \u00e2g\u00e9es.\" \/>\n<meta property=\"og:url\" content=\"https:\/\/www.tousergo.com\/blog\/aides-financieres-retraites-et-personnes-agees\/\" \/>\n<meta property=\"og:site_name\" content=\"Blog Tous ergo\" \/>\n<meta property=\"article:publisher\" content=\"https:\/\/www.facebook.com\/tousergo\/\" \/>\n<meta property=\"article:published_time\" content=\"2017-11-24T07:00:51+00:00\" \/>\n<meta property=\"article:modified_time\" content=\"2024-04-24T09:39:22+00:00\" \/>\n<meta property=\"og:image\" content=\"https:\/\/www.tousergo.com\/blog\/wp-content\/uploads\/2017\/11\/Fotolia_19261252_L.jpg\" \/>\n\t<meta property=\"og:image:width\" content=\"1000\" \/>\n\t<meta property=\"og:image:height\" content=\"667\" \/>\n<meta name=\"twitter:card\" content=\"summary_large_image\" \/>\n<meta name=\"twitter:creator\" content=\"@tousergo\" \/>\n<meta name=\"twitter:site\" content=\"@tousergo\" \/>\n<meta name=\"twitter:label1\" content=\"Dur\u00e9e de lecture est.\">\n\t<meta name=\"twitter:data1\" content=\"7 minutes\">\n<script type=\"application\/ld+json\" class=\"yoast-schema-graph\">{\"@context\":\"https:\/\/schema.org\",\"@graph\":[{\"@type\":\"WebSite\",\"@id\":\"https:\/\/www.tousergo.com\/blog\/#website\",\"url\":\"https:\/\/www.tousergo.com\/blog\/\",\"name\":\"Blog Tous ergo\",\"description\":\"Toutes les solutions pour l&#039;autonomie \\u00e0 domicile\",\"potentialAction\":[{\"@type\":\"SearchAction\",\"target\":\"https:\/\/www.tousergo.com\/blog\/?s={search_term_string}\",\"query-input\":\"required name=search_term_string\"}],\"inLanguage\":\"fr-FR\"},{\"@type\":\"ImageObject\",\"@id\":\"https:\/\/www.tousergo.com\/blog\/aides-financieres-retraites-et-personnes-agees\/#primaryimage\",\"inLanguage\":\"fr-FR\",\"url\":\"https:\/\/www.tousergo.com\/blog\/wp-content\/uploads\/2017\/11\/Fotolia_19261252_L.jpg\",\"width\":1000,\"height\":667,\"caption\":\"Portrait of a senior man and woman using a computer laptop at home\"},{\"@type\":\"WebPage\",\"@id\":\"https:\/\/www.tousergo.com\/blog\/aides-financieres-retraites-et-personnes-agees\/#webpage\",\"url\":\"https:\/\/www.tousergo.com\/blog\/aides-financieres-retraites-et-personnes-agees\/\",\"name\":\"Quelles aides financi\\u00e8res pour les retrait\\u00e9s et les personnes \\u00e2g\\u00e9es ?\",\"isPartOf\":{\"@id\":\"https:\/\/www.tousergo.com\/blog\/#website\"},\"primaryImageOfPage\":{\"@id\":\"https:\/\/www.tousergo.com\/blog\/aides-financieres-retraites-et-personnes-agees\/#primaryimage\"},\"datePublished\":\"2017-11-24T07:00:51+00:00\",\"dateModified\":\"2024-04-24T09:39:22+00:00\",\"author\":{\"@id\":\"https:\/\/www.tousergo.com\/blog\/#\/schema\/person\/179bcccaf51c292966a3da3c14b6add8\"},\"description\":\"Pour all\\u00e9ger les d\\u00e9penses li\\u00e9es au maintien \\u00e0 domicile, Tous ergo a fait le point sur les aides financi\\u00e8res pour les retrait\\u00e9s et les personnes \\u00e2g\\u00e9es.\",\"breadcrumb\":{\"@id\":\"https:\/\/www.tousergo.com\/blog\/aides-financieres-retraites-et-personnes-agees\/#breadcrumb\"},\"inLanguage\":\"fr-FR\",\"potentialAction\":[{\"@type\":\"ReadAction\",\"target\":[\"https:\/\/www.tousergo.com\/blog\/aides-financieres-retraites-et-personnes-agees\/\"]}]},{\"@type\":\"BreadcrumbList\",\"@id\":\"https:\/\/www.tousergo.com\/blog\/aides-financieres-retraites-et-personnes-agees\/#breadcrumb\",\"itemListElement\":[{\"@type\":\"ListItem\",\"position\":1,\"item\":{\"@type\":\"WebPage\",\"@id\":\"https:\/\/www.tousergo.com\/blog\/\",\"url\":\"https:\/\/www.tousergo.com\/blog\/\",\"name\":\"Accueil\"}},{\"@type\":\"ListItem\",\"position\":2,\"item\":{\"@type\":\"WebPage\",\"@id\":\"https:\/\/www.tousergo.com\/blog\/aides-financieres-retraites-et-personnes-agees\/\",\"url\":\"https:\/\/www.tousergo.com\/blog\/aides-financieres-retraites-et-personnes-agees\/\",\"name\":\"Quelles aides financi\\u00e8res pour les retrait\\u00e9s et les personnes \\u00e2g\\u00e9es\\u00a0?\"}}]},{\"@type\":\"Person\",\"@id\":\"https:\/\/www.tousergo.com\/blog\/#\/schema\/person\/179bcccaf51c292966a3da3c14b6add8\",\"name\":\"Manon\",\"image\":{\"@type\":\"ImageObject\",\"@id\":\"https:\/\/www.tousergo.com\/blog\/#personlogo\",\"inLanguage\":\"fr-FR\",\"url\":\"https:\/\/secure.gravatar.com\/avatar\/91d91c316c84a082d75fa3742ec5b7cced63cf842bfa076dd4e33c287aa537c9?s=96&d=mm&r=g\",\"caption\":\"Manon\"}}]}<\/script>\n<!-- \/ Yoast SEO plugin. -->","_links":{"self":[{"href":"https:\/\/www.tousergo.com\/blog\/wp-json\/wp\/v2\/posts\/9301","targetHints":{"allow":["GET"]}}],"collection":[{"href":"https:\/\/www.tousergo.com\/blog\/wp-json\/wp\/v2\/posts"}],"about":[{"href":"https:\/\/www.tousergo.com\/blog\/wp-json\/wp\/v2\/types\/post"}],"author":[{"embeddable":true,"href":"https:\/\/www.tousergo.com\/blog\/wp-json\/wp\/v2\/users\/12"}],"replies":[{"embeddable":true,"href":"https:\/\/www.tousergo.com\/blog\/wp-json\/wp\/v2\/comments?post=9301"}],"version-history":[{"count":6,"href":"https:\/\/www.tousergo.com\/blog\/wp-json\/wp\/v2\/posts\/9301\/revisions"}],"predecessor-version":[{"id":19892,"href":"https:\/\/www.tousergo.com\/blog\/wp-json\/wp\/v2\/posts\/9301\/revisions\/19892"}],"wp:featuredmedia":[{"embeddable":true,"href":"https:\/\/www.tousergo.com\/blog\/wp-json\/wp\/v2\/media\/14179"}],"wp:attachment":[{"href":"https:\/\/www.tousergo.com\/blog\/wp-json\/wp\/v2\/media?parent=9301"}],"wp:term":[{"taxonomy":"category","embeddable":true,"href":"https:\/\/www.tousergo.com\/blog\/wp-json\/wp\/v2\/categories?post=9301"},{"taxonomy":"post_tag","embeddable":true,"href":"https:\/\/www.tousergo.com\/blog\/wp-json\/wp\/v2\/tags?post=9301"}],"curies":[{"name":"wp","href":"https:\/\/api.w.org\/{rel}","templated":true}]}}